{"id":171618,"date":"2024-01-05T07:30:00","date_gmt":"2024-01-05T10:30:00","guid":{"rendered":"https:\/\/www.hoymercedes.com.ar\/principal\/?p=171618"},"modified":"2024-01-05T00:30:28","modified_gmt":"2024-01-05T03:30:28","slug":"colectivos-atlantida-57-aumentaria-un-45-el-boleto","status":"publish","type":"post","link":"https:\/\/www.hoymercedes.com.ar\/principal\/2024\/01\/05\/colectivos-atlantida-57-aumentaria-un-45-el-boleto\/","title":{"rendered":"Colectivos: Atl\u00e1ntida 57 aumentar\u00eda un 45% el boleto"},"content":{"rendered":"\n<p>La <strong>desregulaci\u00f3n de la econom\u00eda <\/strong>determinada por el <strong>gobierno de Milei y Macri<\/strong> ha lleva que tambi\u00e9n los colectivos tengan un aumento muy importante. El servicio que une Mercedes con Luj\u00e1n, Moreno, Once y Palermo tendr\u00e1 un aumento <strong><mark style=\"background-color:#ffff00\" class=\"has-inline-color\">considerable de un 45%<\/mark><\/strong> y, tal como anunci\u00f3 el gobierno, en febrero habr\u00e1 otro.<\/p>\n\n\n\n<p>Vale aclarar que <strong><em>por todos los medios se intent\u00f3 contactar a la empresa, pero no fue posible,<\/em><\/strong> ante lo cual existe siempre la posibilidad de alguna variaci\u00f3n, sin embargo, si logr\u00f3 este diario digital hablar con fuentes de informaci\u00f3n oficial del ente nacional que los regula y confirm\u00f3 un <strong>45% de incremento. <\/strong><\/p>\n\n\n\n<p>De momento los nuevos valores ser\u00edan los siguientes. <\/p>\n\n\n\n<figure class=\"wp-block-table\"><table><tbody><tr><td><strong>Destino<\/strong><\/td><td><strong>Actual<\/strong><\/td><td><strong>Costar\u00e1<\/strong><\/td><\/tr><tr><td>Mercedes \u2013 Gowland<\/td><td>121<\/td><td>176<\/td><\/tr><tr><td>Mercedes \u2013 Olivera<\/td><td>131<\/td><td>189<\/td><\/tr><tr><td>Mercedes \u2013 J\u00e1uregui<\/td><td>167<\/td><td>242<\/td><\/tr><tr><td>Mercedes \u2013 Luj\u00e1n<\/td><td>231<\/td><td>334<\/td><\/tr><tr><td>Mercedes &#8211; Moreno<\/td><td>398<\/td><td>578<\/td><\/tr><tr><td>Mercedes &#8211; Mor\u00f3n<\/td><td>458<\/td><td>664<\/td><\/tr><tr><td>Mercedes &#8211; Saavedra<\/td><td>520<\/td><td>754<\/td><\/tr><tr><td>Mercedes &#8211; M\u00e1rquez<\/td><td>564<\/td><td>818<\/td><\/tr><tr><td>Mercedes &#8211; Palermo<\/td><td>661<\/td><td>959<\/td><\/tr><tr><td>Mercedes &#8211; Once<\/td><td>575<\/td><td>834<\/td><\/tr><\/tbody><\/table><\/figure>\n","protected":false},"excerpt":{"rendered":"<p>La desregulaci\u00f3n de la econom\u00eda determinada por el gobierno de Milei y Macri ha lleva que tambi\u00e9n los colectivos tengan &#8230; <a title=\"Colectivos: Atl\u00e1ntida 57 aumentar\u00eda un 45% el boleto\" class=\"read-more\" href=\"https:\/\/www.hoymercedes.com.ar\/principal\/2024\/01\/05\/colectivos-atlantida-57-aumentaria-un-45-el-boleto\/\" aria-label=\"Leer m\u00e1s sobre Colectivos: Atl\u00e1ntida 57 aumentar\u00eda un 45% el boleto\">Leer m\u00e1s<\/a><\/p>\n","protected":false},"author":1,"featured_media":48654,"comment_status":"closed","ping_status":"open","sticky":false,"template":"","format":"standard","meta":{"_monsterinsights_skip_tracking":false,"_monsterinsights_sitenote_active":false,"_monsterinsights_sitenote_note":"","_monsterinsights_sitenote_category":0,"jetpack_post_was_ever_published":false,"_jetpack_newsletter_access":"","_jetpack_dont_email_post_to_subs":false,"_jetpack_newsletter_tier_id":0,"_jetpack_memberships_contains_paywalled_content":false,"_jetpack_memberships_contains_paid_content":false,"footnotes":"","jetpack_publicize_message":"","jetpack_publicize_feature_enabled":true,"jetpack_social_post_already_shared":true,"jetpack_social_options":{"image_generator_settings":{"template":"highway","default_image_id":0,"font":"","enabled":false},"version":2},"_wpas_customize_per_network":false},"categories":[8],"tags":[18999,18998,19000,18997],"class_list":["post-171618","post","type-post","status-publish","format-standard","has-post-thumbnail","hentry","category-sociedad","tag-atlantida-valores-2024","tag-aumento-de-colectivos","tag-tarifazo-transporte","tag-valores-57","generate-columns","tablet-grid-50","mobile-grid-100","grid-parent","grid-50"],"jetpack_publicize_connections":[],"jetpack_featured_media_url":"https:\/\/www.hoymercedes.com.ar\/principal\/wp-content\/uploads\/2016\/04\/Atl\u00e1ntida57-Mercedes.jpg","wps_subtitle":"Tarifazo en transporte p\u00fablico","jetpack_sharing_enabled":true,"_links":{"self":[{"href":"https:\/\/www.hoymercedes.com.ar\/principal\/wp-json\/wp\/v2\/posts\/171618","targetHints":{"allow":["GET"]}}],"collection":[{"href":"https:\/\/www.hoymercedes.com.ar\/principal\/wp-json\/wp\/v2\/posts"}],"about":[{"href":"https:\/\/www.hoymercedes.com.ar\/principal\/wp-json\/wp\/v2\/types\/post"}],"author":[{"embeddable":true,"href":"https:\/\/www.hoymercedes.com.ar\/principal\/wp-json\/wp\/v2\/users\/1"}],"replies":[{"embeddable":true,"href":"https:\/\/www.hoymercedes.com.ar\/principal\/wp-json\/wp\/v2\/comments?post=171618"}],"version-history":[{"count":0,"href":"https:\/\/www.hoymercedes.com.ar\/principal\/wp-json\/wp\/v2\/posts\/171618\/revisions"}],"wp:featuredmedia":[{"embeddable":true,"href":"https:\/\/www.hoymercedes.com.ar\/principal\/wp-json\/wp\/v2\/media\/48654"}],"wp:attachment":[{"href":"https:\/\/www.hoymercedes.com.ar\/principal\/wp-json\/wp\/v2\/media?parent=171618"}],"wp:term":[{"taxonomy":"category","embeddable":true,"href":"https:\/\/www.hoymercedes.com.ar\/principal\/wp-json\/wp\/v2\/categories?post=171618"},{"taxonomy":"post_tag","embeddable":true,"href":"https:\/\/www.hoymercedes.com.ar\/principal\/wp-json\/wp\/v2\/tags?post=171618"}],"curies":[{"name":"wp","href":"https:\/\/api.w.org\/{rel}","templated":true}]}}