{"id":171714,"date":"2024-01-08T21:22:35","date_gmt":"2024-01-09T00:22:35","guid":{"rendered":"https:\/\/www.hoymercedes.com.ar\/principal\/?p=171714"},"modified":"2024-01-08T21:22:37","modified_gmt":"2024-01-09T00:22:37","slug":"continuan-en-doble-turno-las-tareas-de-fumigacion","status":"publish","type":"post","link":"https:\/\/www.hoymercedes.com.ar\/principal\/2024\/01\/08\/continuan-en-doble-turno-las-tareas-de-fumigacion\/","title":{"rendered":"Contin\u00faan en doble turno las tareas de fumigaci\u00f3n"},"content":{"rendered":"\n<p>El Municipio de Mercedes viene llevando adelante trabajos de fumigaci\u00f3n en la ciudad, pero debido a la proliferaci\u00f3n de mosquitos en el \u00faltimo tiempo, esta acci\u00f3n se intensific\u00f3. Esta es una tarea conjunta entre el \u00e1rea de servicios p\u00fablicos, ambiente y salud. &nbsp;<\/p>\n\n\n\n<p>Marcelo Bello, desde el \u00e1rea de Ambiente cont\u00f3 \u201clo que tiene que ver con la Fumigaci\u00f3n, las venimos haciendo desde noviembre aproximadamente, si bien durante el a\u00f1o tenemos la tarea de aplicar herbicidas org\u00e1nicos en los lugares que se acumula agua, nosotros ahora estamos con un diagrama de doble pasadas por d\u00eda, muy temprano por la ma\u00f1ana y a la tardecita que es el horario de actividad del mosquito\u201d y a\u00f1adi\u00f3 \u201ctenemos un programa por barrios, donde tratamos de pasar una vez por semana por cada barrio\u201d.<\/p>\n\n\n\n<p>\u201cLos productos que utilizamos est\u00e1n aprobados por el Anmat (Administraci\u00f3n Nacional de Medicamentos, Alimentos y Tecnolog\u00eda M\u00e9dica) y el SENASA, mismo que es inocuo para las personas, y los t\u00e9cnicos que hacen la fumigaci\u00f3n tienen una certificaci\u00f3n para la aplicaci\u00f3n\u201d destac\u00f3 Marcelo Bello.<\/p>\n\n\n\n<p>En este sentido, Bello manifest\u00f3 \u201clo que hacemos con esta tarea de fumigaci\u00f3n es matar al mosquito adulto, no a la larva y a la pupa que son otros extrav\u00edos del individuo, por eso debemos mantener esta tarea de fumigaci\u00f3n, porque las larvas sobreviven, por lo que estos trabajos las mantendremos hasta marzo aproximadamente\u201d.&nbsp;<\/p>\n","protected":false},"excerpt":{"rendered":"<p>El Municipio de Mercedes viene llevando adelante trabajos de fumigaci\u00f3n en la ciudad, pero debido a la proliferaci\u00f3n de mosquitos &#8230; <a title=\"Contin\u00faan en doble turno las tareas de fumigaci\u00f3n\" class=\"read-more\" href=\"https:\/\/www.hoymercedes.com.ar\/principal\/2024\/01\/08\/continuan-en-doble-turno-las-tareas-de-fumigacion\/\" aria-label=\"Leer m\u00e1s sobre Contin\u00faan en doble turno las tareas de fumigaci\u00f3n\">Leer m\u00e1s<\/a><\/p>\n","protected":false},"author":1,"featured_media":171715,"comment_status":"closed","ping_status":"open","sticky":false,"template":"","format":"standard","meta":{"_monsterinsights_skip_tracking":false,"_monsterinsights_sitenote_active":false,"_monsterinsights_sitenote_note":"","_monsterinsights_sitenote_category":0,"jetpack_post_was_ever_published":false,"_jetpack_newsletter_access":"","_jetpack_dont_email_post_to_subs":false,"_jetpack_newsletter_tier_id":0,"_jetpack_memberships_contains_paywalled_content":false,"_jetpack_memberships_contains_paid_content":false,"footnotes":"","jetpack_publicize_message":"","jetpack_publicize_feature_enabled":true,"jetpack_social_post_already_shared":true,"jetpack_social_options":{"image_generator_settings":{"template":"highway","default_image_id":0,"font":"","enabled":false},"version":2},"_wpas_customize_per_network":false},"categories":[8],"tags":[],"class_list":["post-171714","post","type-post","status-publish","format-standard","has-post-thumbnail","hentry","category-sociedad","generate-columns","tablet-grid-50","mobile-grid-100","grid-parent","grid-50"],"jetpack_publicize_connections":[],"jetpack_featured_media_url":"https:\/\/www.hoymercedes.com.ar\/principal\/wp-content\/uploads\/2024\/01\/fumigation-2772381_1920.jpg","wps_subtitle":"Cuidado ambiental y sanitario","jetpack_sharing_enabled":true,"_links":{"self":[{"href":"https:\/\/www.hoymercedes.com.ar\/principal\/wp-json\/wp\/v2\/posts\/171714","targetHints":{"allow":["GET"]}}],"collection":[{"href":"https:\/\/www.hoymercedes.com.ar\/principal\/wp-json\/wp\/v2\/posts"}],"about":[{"href":"https:\/\/www.hoymercedes.com.ar\/principal\/wp-json\/wp\/v2\/types\/post"}],"author":[{"embeddable":true,"href":"https:\/\/www.hoymercedes.com.ar\/principal\/wp-json\/wp\/v2\/users\/1"}],"replies":[{"embeddable":true,"href":"https:\/\/www.hoymercedes.com.ar\/principal\/wp-json\/wp\/v2\/comments?post=171714"}],"version-history":[{"count":0,"href":"https:\/\/www.hoymercedes.com.ar\/principal\/wp-json\/wp\/v2\/posts\/171714\/revisions"}],"wp:featuredmedia":[{"embeddable":true,"href":"https:\/\/www.hoymercedes.com.ar\/principal\/wp-json\/wp\/v2\/media\/171715"}],"wp:attachment":[{"href":"https:\/\/www.hoymercedes.com.ar\/principal\/wp-json\/wp\/v2\/media?parent=171714"}],"wp:term":[{"taxonomy":"category","embeddable":true,"href":"https:\/\/www.hoymercedes.com.ar\/principal\/wp-json\/wp\/v2\/categories?post=171714"},{"taxonomy":"post_tag","embeddable":true,"href":"https:\/\/www.hoymercedes.com.ar\/principal\/wp-json\/wp\/v2\/tags?post=171714"}],"curies":[{"name":"wp","href":"https:\/\/api.w.org\/{rel}","templated":true}]}}