{"id":171731,"date":"2024-01-09T07:33:00","date_gmt":"2024-01-09T10:33:00","guid":{"rendered":"https:\/\/www.hoymercedes.com.ar\/principal\/?p=171731"},"modified":"2024-01-08T21:50:37","modified_gmt":"2024-01-09T00:50:37","slug":"verano-con-castraciones-y-cuidado-animar-desde-secretaria-de-salud","status":"publish","type":"post","link":"https:\/\/www.hoymercedes.com.ar\/principal\/2024\/01\/09\/verano-con-castraciones-y-cuidado-animar-desde-secretaria-de-salud\/","title":{"rendered":"Verano con castraciones y cuidado animar desde Secretar\u00eda de Salud"},"content":{"rendered":"\n<figure class=\"wp-block-image size-large\"><img loading=\"lazy\" decoding=\"async\" width=\"1024\" height=\"682\" data-attachment-id=\"171732\" data-permalink=\"https:\/\/www.hoymercedes.com.ar\/principal\/2024\/01\/09\/verano-con-castraciones-y-cuidado-animar-desde-secretaria-de-salud\/quirofanomovil-mercedes-2\/#main\" data-orig-file=\"https:\/\/www.hoymercedes.com.ar\/principal\/wp-content\/uploads\/2024\/01\/QuirofanoMovil-Mercedes.2.jpg\" data-orig-size=\"1319,879\" data-comments-opened=\"0\" data-image-meta=\"{&quot;aperture&quot;:&quot;0&quot;,&quot;credit&quot;:&quot;&quot;,&quot;camera&quot;:&quot;&quot;,&quot;caption&quot;:&quot;&quot;,&quot;created_timestamp&quot;:&quot;0&quot;,&quot;copyright&quot;:&quot;&quot;,&quot;focal_length&quot;:&quot;0&quot;,&quot;iso&quot;:&quot;0&quot;,&quot;shutter_speed&quot;:&quot;0&quot;,&quot;title&quot;:&quot;&quot;,&quot;orientation&quot;:&quot;0&quot;}\" data-image-title=\"Castraci\u00f3n animal en Mercedes\" data-image-description=\"&lt;p&gt;Castraci\u00f3n animal en Mercedes &lt;\/p&gt;\n\" data-image-caption=\"&lt;p&gt;Castraci\u00f3n animal en Mercedes &lt;\/p&gt;\n\" data-large-file=\"https:\/\/www.hoymercedes.com.ar\/principal\/wp-content\/uploads\/2024\/01\/QuirofanoMovil-Mercedes.2-1024x682.jpg\" src=\"https:\/\/www.hoymercedes.com.ar\/principal\/wp-content\/uploads\/2024\/01\/QuirofanoMovil-Mercedes.2-1024x682.jpg\" alt=\"\" class=\"wp-image-171732\" srcset=\"https:\/\/www.hoymercedes.com.ar\/principal\/wp-content\/uploads\/2024\/01\/QuirofanoMovil-Mercedes.2-1024x682.jpg 1024w, https:\/\/www.hoymercedes.com.ar\/principal\/wp-content\/uploads\/2024\/01\/QuirofanoMovil-Mercedes.2-630x420.jpg 630w, https:\/\/www.hoymercedes.com.ar\/principal\/wp-content\/uploads\/2024\/01\/QuirofanoMovil-Mercedes.2-150x100.jpg 150w, https:\/\/www.hoymercedes.com.ar\/principal\/wp-content\/uploads\/2024\/01\/QuirofanoMovil-Mercedes.2-700x465.jpg 700w, https:\/\/www.hoymercedes.com.ar\/principal\/wp-content\/uploads\/2024\/01\/QuirofanoMovil-Mercedes.2.jpg 1319w\" sizes=\"auto, (max-width: 1024px) 100vw, 1024px\" \/><\/figure>\n\n\n\n<p>Esta pol\u00edtica p\u00fablica implementada por el Municipio de Mercedes y llevada adelante por el \u00e1rea de zoonosis y veterinaria comunal, contin\u00faa con un cronograma completo de vacunaci\u00f3n y castraci\u00f3n por los barrios de la ciudad.<\/p>\n\n\n\n<p>La veterinaria Tamara Franceschelli, qui\u00e9n es parte del equipo de zoonosis, se\u00f1al\u00f3 \u201cdurante el mes de enero en el Centro de Zoonosis de calle 2 y 9 de lunes a viernes de 08:00 a 12:00 se estar\u00e1 vacunando y efectuando castraciones previamente con turno, esto es igual en el quir\u00f3fano m\u00f3vil que estar\u00e1 en La Trocha de 08:00 a 12:00 de lunes a viernes\u201d y apunt\u00f3 \u201clos turnos para las castraciones pueden hacerlo en el Centro de Zoonosis (calle 2 y 9) de manera presencial o al n\u00famero 2324-350038\u201d.<\/p>\n\n\n\n<p>\u201cEn cuanto a lo que es la vacunaci\u00f3n es por orden de llegada de 08:00 a 12:00 de lunes a viernes en todos los animales que tengan m\u00e1s de 3 meses de vida\u201d y record\u00f3 la veterinaria que \u201cla vacuna contra la rabia, adem\u00e1s de ser gratuita, es obligatoria y se coloca una vez por a\u00f1o durante toda la vida del animal\u201d.<\/p>\n\n\n\n<p>Los requisitos para las castraciones son los siguientes; 12 horas de ayuno para las castraciones, los perros deben tener collar y correa y los gatos deben ser trasladados en gatera transportadora o bolso, llevar manta de abrigo para cubrir a los animales luego de la operaci\u00f3n y DNI que acredite domicilio en Mercedes.<\/p>\n","protected":false},"excerpt":{"rendered":"<p>Esta pol\u00edtica p\u00fablica implementada por el Municipio de Mercedes y llevada adelante por el \u00e1rea de zoonosis y veterinaria comunal, &#8230; <a title=\"Verano con castraciones y cuidado animar desde Secretar\u00eda de Salud\" class=\"read-more\" href=\"https:\/\/www.hoymercedes.com.ar\/principal\/2024\/01\/09\/verano-con-castraciones-y-cuidado-animar-desde-secretaria-de-salud\/\" aria-label=\"Leer m\u00e1s sobre Verano con castraciones y cuidado animar desde Secretar\u00eda de Salud\">Leer m\u00e1s<\/a><\/p>\n","protected":false},"author":1,"featured_media":171732,"comment_status":"closed","ping_status":"open","sticky":false,"template":"","format":"standard","meta":{"_monsterinsights_skip_tracking":false,"_monsterinsights_sitenote_active":false,"_monsterinsights_sitenote_note":"","_monsterinsights_sitenote_category":0,"jetpack_post_was_ever_published":false,"_jetpack_newsletter_access":"","_jetpack_dont_email_post_to_subs":false,"_jetpack_newsletter_tier_id":0,"_jetpack_memberships_contains_paywalled_content":false,"_jetpack_memberships_contains_paid_content":false,"footnotes":"","jetpack_publicize_message":"","jetpack_publicize_feature_enabled":true,"jetpack_social_post_already_shared":true,"jetpack_social_options":{"image_generator_settings":{"template":"highway","default_image_id":0,"font":"","enabled":false},"version":2},"_wpas_customize_per_network":false},"categories":[8],"tags":[],"class_list":["post-171731","post","type-post","status-publish","format-standard","has-post-thumbnail","hentry","category-sociedad","generate-columns","tablet-grid-50","mobile-grid-100","grid-parent","grid-50"],"jetpack_publicize_connections":[],"jetpack_featured_media_url":"https:\/\/www.hoymercedes.com.ar\/principal\/wp-content\/uploads\/2024\/01\/QuirofanoMovil-Mercedes.2.jpg","wps_subtitle":"Castraci\u00f3n animal en Mercedes ","jetpack_sharing_enabled":true,"_links":{"self":[{"href":"https:\/\/www.hoymercedes.com.ar\/principal\/wp-json\/wp\/v2\/posts\/171731","targetHints":{"allow":["GET"]}}],"collection":[{"href":"https:\/\/www.hoymercedes.com.ar\/principal\/wp-json\/wp\/v2\/posts"}],"about":[{"href":"https:\/\/www.hoymercedes.com.ar\/principal\/wp-json\/wp\/v2\/types\/post"}],"author":[{"embeddable":true,"href":"https:\/\/www.hoymercedes.com.ar\/principal\/wp-json\/wp\/v2\/users\/1"}],"replies":[{"embeddable":true,"href":"https:\/\/www.hoymercedes.com.ar\/principal\/wp-json\/wp\/v2\/comments?post=171731"}],"version-history":[{"count":0,"href":"https:\/\/www.hoymercedes.com.ar\/principal\/wp-json\/wp\/v2\/posts\/171731\/revisions"}],"wp:featuredmedia":[{"embeddable":true,"href":"https:\/\/www.hoymercedes.com.ar\/principal\/wp-json\/wp\/v2\/media\/171732"}],"wp:attachment":[{"href":"https:\/\/www.hoymercedes.com.ar\/principal\/wp-json\/wp\/v2\/media?parent=171731"}],"wp:term":[{"taxonomy":"category","embeddable":true,"href":"https:\/\/www.hoymercedes.com.ar\/principal\/wp-json\/wp\/v2\/categories?post=171731"},{"taxonomy":"post_tag","embeddable":true,"href":"https:\/\/www.hoymercedes.com.ar\/principal\/wp-json\/wp\/v2\/tags?post=171731"}],"curies":[{"name":"wp","href":"https:\/\/api.w.org\/{rel}","templated":true}]}}