{"id":171763,"date":"2024-01-09T22:05:37","date_gmt":"2024-01-10T01:05:37","guid":{"rendered":"https:\/\/www.hoymercedes.com.ar\/principal\/?p=171763"},"modified":"2024-01-09T22:05:40","modified_gmt":"2024-01-10T01:05:40","slug":"discapacidad-nacion-corto-pagos-y-todo-indica-terminan-prestaciones","status":"publish","type":"post","link":"https:\/\/www.hoymercedes.com.ar\/principal\/2024\/01\/09\/discapacidad-nacion-corto-pagos-y-todo-indica-terminan-prestaciones\/","title":{"rendered":"Discapacidad: Naci\u00f3n cort\u00f3 pagos y todo indica terminan prestaciones"},"content":{"rendered":"\n<p>Seg\u00fan se inform\u00f3 el recorte ser\u00e1 en medicamentos, traslados, acompa\u00f1antes terap\u00e9uticos. Se cierran altas para nuevas coberturas en personas con discapacidad. Actualmente exist\u00eda una cadena de pagos a prestadores que tambi\u00e9n fue cortada.<\/p>\n\n\n\n<p>El diario \u00c1mbito Financiero detall\u00f3 que \u201cel gobierno Nacional interrumpi\u00f3 el pago a prestadores del programa Incluir Salud, cuyos beneficiarios son personas con discapacidad que perciben pensiones no contributivas\u201d a trav\u00e9s de una investigaci\u00f3n de Sof\u00eda Caram.<\/p>\n\n\n\n<p>\u201cEs decir, poblaci\u00f3n que no tienen ning\u00fan tipo de cobertura m\u00e9dica y necesita del Estado para poder llevar adelante sus tratamientos\u201d<\/p>\n\n\n\n<p><strong>Riesgo<\/strong><\/p>\n\n\n\n<p><a href=\"https:\/\/www.ambito.com\/ambito-nacional\/discapacidad-nacion-corto-pagos-prestadores-y-no-entrega-fondos-las-provincias-n5916553\" target=\"_blank\" rel=\"noopener\"><strong>Caram <\/strong><\/a>detalla que \u201clos servicios que est\u00e1n en riesgo son numerosos y esenciales: medicamentos de bajo y alto costo; traslados; di\u00e1lisis; oxigeno; acompa\u00f1antes terap\u00e9uticos; cuidadores domiciliarios; enfermer\u00eda domiciliaria; pa\u00f1ales y tratamientos para la hemofilia. Son casi medio mill\u00f3n de personas afectadas en todo el pa\u00eds, de las cuales 270 mil est\u00e1n en la Provincia de Buenos Aires. Adem\u00e1s, hay 11.190 solicitudes de inscripci\u00f3n al Programa que est\u00e1n frenadas y sin respuesta ante los reclamos\u201d<\/p>\n\n\n\n<p><strong>Mercedes<\/strong><\/p>\n\n\n\n<p>Consultados fuentes oficiales manifestaron no tener informaci\u00f3n al respecto, al menos, de manera oficial. S\u00ed que se supo hay aumentos en todos los productos, como sucede en todos los \u00e1mbitos de la sociedad y que complica las atenciones.<\/p>\n","protected":false},"excerpt":{"rendered":"<p>Seg\u00fan se inform\u00f3 el recorte ser\u00e1 en medicamentos, traslados, acompa\u00f1antes terap\u00e9uticos. Se cierran altas para nuevas coberturas en personas con &#8230; <a title=\"Discapacidad: Naci\u00f3n cort\u00f3 pagos y todo indica terminan prestaciones\" class=\"read-more\" href=\"https:\/\/www.hoymercedes.com.ar\/principal\/2024\/01\/09\/discapacidad-nacion-corto-pagos-y-todo-indica-terminan-prestaciones\/\" aria-label=\"Leer m\u00e1s sobre Discapacidad: Naci\u00f3n cort\u00f3 pagos y todo indica terminan prestaciones\">Leer m\u00e1s<\/a><\/p>\n","protected":false},"author":1,"featured_media":171767,"comment_status":"closed","ping_status":"open","sticky":false,"template":"","format":"standard","meta":{"_monsterinsights_skip_tracking":false,"_monsterinsights_sitenote_active":false,"_monsterinsights_sitenote_note":"","_monsterinsights_sitenote_category":0,"jetpack_post_was_ever_published":false,"_jetpack_newsletter_access":"","_jetpack_dont_email_post_to_subs":false,"_jetpack_newsletter_tier_id":0,"_jetpack_memberships_contains_paywalled_content":false,"_jetpack_memberships_contains_paid_content":false,"footnotes":"","jetpack_publicize_message":"","jetpack_publicize_feature_enabled":true,"jetpack_social_post_already_shared":true,"jetpack_social_options":{"image_generator_settings":{"template":"highway","default_image_id":0,"font":"","enabled":false},"version":2},"_wpas_customize_per_network":false},"categories":[8],"tags":[19014,1422,2777,18858],"class_list":["post-171763","post","type-post","status-publish","format-standard","has-post-thumbnail","hentry","category-sociedad","tag-corte-beneficios-sociales","tag-discapacidad","tag-discapacidad-mercedes","tag-milei","generate-columns","tablet-grid-50","mobile-grid-100","grid-parent","grid-50"],"jetpack_publicize_connections":[],"jetpack_featured_media_url":"https:\/\/www.hoymercedes.com.ar\/principal\/wp-content\/uploads\/2024\/01\/Discapacidad-Nacion.png","wps_subtitle":"Preocupaci\u00f3n ","jetpack_sharing_enabled":true,"_links":{"self":[{"href":"https:\/\/www.hoymercedes.com.ar\/principal\/wp-json\/wp\/v2\/posts\/171763","targetHints":{"allow":["GET"]}}],"collection":[{"href":"https:\/\/www.hoymercedes.com.ar\/principal\/wp-json\/wp\/v2\/posts"}],"about":[{"href":"https:\/\/www.hoymercedes.com.ar\/principal\/wp-json\/wp\/v2\/types\/post"}],"author":[{"embeddable":true,"href":"https:\/\/www.hoymercedes.com.ar\/principal\/wp-json\/wp\/v2\/users\/1"}],"replies":[{"embeddable":true,"href":"https:\/\/www.hoymercedes.com.ar\/principal\/wp-json\/wp\/v2\/comments?post=171763"}],"version-history":[{"count":0,"href":"https:\/\/www.hoymercedes.com.ar\/principal\/wp-json\/wp\/v2\/posts\/171763\/revisions"}],"wp:featuredmedia":[{"embeddable":true,"href":"https:\/\/www.hoymercedes.com.ar\/principal\/wp-json\/wp\/v2\/media\/171767"}],"wp:attachment":[{"href":"https:\/\/www.hoymercedes.com.ar\/principal\/wp-json\/wp\/v2\/media?parent=171763"}],"wp:term":[{"taxonomy":"category","embeddable":true,"href":"https:\/\/www.hoymercedes.com.ar\/principal\/wp-json\/wp\/v2\/categories?post=171763"},{"taxonomy":"post_tag","embeddable":true,"href":"https:\/\/www.hoymercedes.com.ar\/principal\/wp-json\/wp\/v2\/tags?post=171763"}],"curies":[{"name":"wp","href":"https:\/\/api.w.org\/{rel}","templated":true}]}}