{"id":171829,"date":"2024-01-11T19:42:34","date_gmt":"2024-01-11T22:42:34","guid":{"rendered":"https:\/\/www.hoymercedes.com.ar\/principal\/?p=171829"},"modified":"2024-01-11T19:42:36","modified_gmt":"2024-01-11T22:42:36","slug":"la-asamblea-autoconvocada-de-mercedes-adherira-al-recurso-de-amparo-de-la-provincia-contra-el-dnu-de-milei","status":"publish","type":"post","link":"https:\/\/www.hoymercedes.com.ar\/principal\/2024\/01\/11\/la-asamblea-autoconvocada-de-mercedes-adherira-al-recurso-de-amparo-de-la-provincia-contra-el-dnu-de-milei\/","title":{"rendered":"La Asamblea Autoconvocada de Mercedes adherir\u00e1 al recurso de amparo de la provincia contra el DNU de Milei"},"content":{"rendered":"\n<figure class=\"wp-block-image size-large\"><img loading=\"lazy\" decoding=\"async\" width=\"1024\" height=\"576\" data-attachment-id=\"171830\" data-permalink=\"https:\/\/www.hoymercedes.com.ar\/principal\/2024\/01\/11\/la-asamblea-autoconvocada-de-mercedes-adherira-al-recurso-de-amparo-de-la-provincia-contra-el-dnu-de-milei\/20230110-asamblea\/#main\" data-orig-file=\"https:\/\/www.hoymercedes.com.ar\/principal\/wp-content\/uploads\/2024\/01\/20230110-Asamblea.jpeg\" data-orig-size=\"1600,900\" data-comments-opened=\"0\" data-image-meta=\"{&quot;aperture&quot;:&quot;0&quot;,&quot;credit&quot;:&quot;&quot;,&quot;camera&quot;:&quot;&quot;,&quot;caption&quot;:&quot;&quot;,&quot;created_timestamp&quot;:&quot;0&quot;,&quot;copyright&quot;:&quot;&quot;,&quot;focal_length&quot;:&quot;0&quot;,&quot;iso&quot;:&quot;0&quot;,&quot;shutter_speed&quot;:&quot;0&quot;,&quot;title&quot;:&quot;&quot;,&quot;orientation&quot;:&quot;0&quot;}\" data-image-title=\"Asamblea Autoconvocada de Mercedes\" data-image-description=\"&lt;p&gt;Asamblea Autoconvocada de Mercedes&lt;\/p&gt;\n\" data-image-caption=\"&lt;p&gt;Asamblea Autoconvocada de Mercedes&lt;\/p&gt;\n\" data-large-file=\"https:\/\/www.hoymercedes.com.ar\/principal\/wp-content\/uploads\/2024\/01\/20230110-Asamblea-1024x576.jpeg\" src=\"https:\/\/www.hoymercedes.com.ar\/principal\/wp-content\/uploads\/2024\/01\/20230110-Asamblea-1024x576.jpeg\" alt=\"\" class=\"wp-image-171830\" srcset=\"https:\/\/www.hoymercedes.com.ar\/principal\/wp-content\/uploads\/2024\/01\/20230110-Asamblea-1024x576.jpeg 1024w, https:\/\/www.hoymercedes.com.ar\/principal\/wp-content\/uploads\/2024\/01\/20230110-Asamblea-630x354.jpeg 630w, https:\/\/www.hoymercedes.com.ar\/principal\/wp-content\/uploads\/2024\/01\/20230110-Asamblea-150x84.jpeg 150w, https:\/\/www.hoymercedes.com.ar\/principal\/wp-content\/uploads\/2024\/01\/20230110-Asamblea-1536x864.jpeg 1536w, https:\/\/www.hoymercedes.com.ar\/principal\/wp-content\/uploads\/2024\/01\/20230110-Asamblea.jpeg 1600w\" sizes=\"auto, (max-width: 1024px) 100vw, 1024px\" \/><\/figure>\n\n\n\n<p>En la noche de ayer la Asamblea Autoconvocada de Mercedes decidi\u00f3 sumarse al recurso de amparo contra el DNU 70\/23 que el 26 de diciembre pasado present\u00f3 la Defensor\u00eda del Pueblo de la Provincia de Buenos Aires, quien lo considera inconstitucional porque viola la separaci\u00f3n de poderes y elude la participaci\u00f3n del Congreso de la Naci\u00f3n.<\/p>\n\n\n\n<p>La acci\u00f3n coincide con otras adhesiones al recurso que se est\u00e1n realizando desde otras asambleas autoconvocadas de la provincia, donde ya hay m\u00e1s de 20 ciudades que cuentan con vecinos y vecinas organizadas en asambleas para rechazar el DNU y la llamada Ley \u00d3mnibus del presidente Javier Milei.<\/p>\n\n\n\n<p>Para conseguir la adhesi\u00f3n formal al recurso de amparo, la comisi\u00f3n de Legales de la Asamblea se pondr\u00e1 en contacto con el titular de la delegaci\u00f3n Mercedes de la Defensor\u00eda, Fernando Florella, quien indicar\u00e1 los pasos a seguir. Una vez cumplido el objetivo, la comisi\u00f3n compartir\u00e1 el mecanismo con otras asambleas de la provincia para que se sumen a la iniciativa.<\/p>\n\n\n\n<p>Adicionalmente, los vecinos y vecinas coincidieron en la necesidad de estar presentes en las sesiones del Concejo Deliberante local, para informarse de primera mano sobre las posturas de los concejales y hacerles saber de los padecimientos que est\u00e1n provocando las pol\u00edticas del gobierno en la comunidad de Mercedes.&nbsp;<\/p>\n\n\n\n<p>Por su parte, la comisi\u00f3n de Cabildeo comparti\u00f3 su experiencia en el contacto con otras Asambleas de la provincia, y destac\u00f3 la necesidad de hacer coincidir las acciones semanales y ser muy activos el 24 de enero durante el paro de la CGT. Adem\u00e1s, se puso a consideraci\u00f3n la posibilidad de hacer rotar el lugar de la asamblea semanal, actualmente establecido en la plaza San Mart\u00edn, pero no hubo ninguna definici\u00f3n al respecto.<\/p>\n\n\n\n<p>En lo que respecta a la comunicaci\u00f3n, la comisi\u00f3n responsable expuso la necesidad de abrir p\u00e1ginas de la Asamblea en redes y plante\u00f3 un peque\u00f1o plan de acci\u00f3n para dar a conocer las actividades y convocar a vecinos y vecinas a sumarse a la protesta, siendo cuidadosos con los mensajes que se comunican y haciendo hincapi\u00e9 en que el objetivo de la asamblea est\u00e1 en ser un espacio para que la gente pueda expresar su rechazo a las pol\u00edticas del gobierno a medida que va sufriendo sus consecuencias.&nbsp;<\/p>\n\n\n\n<p>Desde la Asamblea, se invita a todos los vecinos y vecinas de Mercedes a participar en un cacerolazo el pr\u00f3ximo mi\u00e9rcoles 17 de enero a las 20 horas en la plaza San Mart\u00edn, en rechazo al DNU y la Ley \u00d3mnibus pero tambi\u00e9n contra los despidos que ya se est\u00e1n produciendo en el partido de Mercedes.<\/p>\n\n\n\n<p>Abajo el DNU y la Ley \u00d3mnibus<\/p>\n\n\n\n<p>No al ajuste<\/p>\n\n\n\n<p>No a los despidos en Mercedes<\/p>\n\n\n\n<p>Comisi\u00f3n de Comunicaci\u00f3n de la Asamblea<\/p>\n","protected":false},"excerpt":{"rendered":"<p>En la noche de ayer la Asamblea Autoconvocada de Mercedes decidi\u00f3 sumarse al recurso de amparo contra el DNU 70\/23 &#8230; <a title=\"La Asamblea Autoconvocada de Mercedes adherir\u00e1 al recurso de amparo de la provincia contra el DNU de Milei\" class=\"read-more\" href=\"https:\/\/www.hoymercedes.com.ar\/principal\/2024\/01\/11\/la-asamblea-autoconvocada-de-mercedes-adherira-al-recurso-de-amparo-de-la-provincia-contra-el-dnu-de-milei\/\" aria-label=\"Leer m\u00e1s sobre La Asamblea Autoconvocada de Mercedes adherir\u00e1 al recurso de amparo de la provincia contra el DNU de Milei\">Leer m\u00e1s<\/a><\/p>\n","protected":false},"author":1,"featured_media":171830,"comment_status":"closed","ping_status":"open","sticky":false,"template":"","format":"standard","meta":{"_monsterinsights_skip_tracking":false,"_monsterinsights_sitenote_active":false,"_monsterinsights_sitenote_note":"","_monsterinsights_sitenote_category":0,"jetpack_post_was_ever_published":false,"_jetpack_newsletter_access":"","_jetpack_dont_email_post_to_subs":false,"_jetpack_newsletter_tier_id":0,"_jetpack_memberships_contains_paywalled_content":false,"_jetpack_memberships_contains_paid_content":false,"footnotes":"","jetpack_publicize_message":"","jetpack_publicize_feature_enabled":true,"jetpack_social_post_already_shared":true,"jetpack_social_options":{"image_generator_settings":{"template":"highway","default_image_id":0,"font":"","enabled":false},"version":2},"_wpas_customize_per_network":false},"categories":[8],"tags":[19018,19019],"class_list":["post-171829","post","type-post","status-publish","format-standard","has-post-thumbnail","hentry","category-sociedad","tag-asamblea-autoconvocada-de-mercedes","tag-rechazo-a-mieli-mercedes","generate-columns","tablet-grid-50","mobile-grid-100","grid-parent","grid-50"],"jetpack_publicize_connections":[],"jetpack_featured_media_url":"https:\/\/www.hoymercedes.com.ar\/principal\/wp-content\/uploads\/2024\/01\/20230110-Asamblea.jpeg","wps_subtitle":"Movimientos sociales","jetpack_sharing_enabled":true,"_links":{"self":[{"href":"https:\/\/www.hoymercedes.com.ar\/principal\/wp-json\/wp\/v2\/posts\/171829","targetHints":{"allow":["GET"]}}],"collection":[{"href":"https:\/\/www.hoymercedes.com.ar\/principal\/wp-json\/wp\/v2\/posts"}],"about":[{"href":"https:\/\/www.hoymercedes.com.ar\/principal\/wp-json\/wp\/v2\/types\/post"}],"author":[{"embeddable":true,"href":"https:\/\/www.hoymercedes.com.ar\/principal\/wp-json\/wp\/v2\/users\/1"}],"replies":[{"embeddable":true,"href":"https:\/\/www.hoymercedes.com.ar\/principal\/wp-json\/wp\/v2\/comments?post=171829"}],"version-history":[{"count":0,"href":"https:\/\/www.hoymercedes.com.ar\/principal\/wp-json\/wp\/v2\/posts\/171829\/revisions"}],"wp:featuredmedia":[{"embeddable":true,"href":"https:\/\/www.hoymercedes.com.ar\/principal\/wp-json\/wp\/v2\/media\/171830"}],"wp:attachment":[{"href":"https:\/\/www.hoymercedes.com.ar\/principal\/wp-json\/wp\/v2\/media?parent=171829"}],"wp:term":[{"taxonomy":"category","embeddable":true,"href":"https:\/\/www.hoymercedes.com.ar\/principal\/wp-json\/wp\/v2\/categories?post=171829"},{"taxonomy":"post_tag","embeddable":true,"href":"https:\/\/www.hoymercedes.com.ar\/principal\/wp-json\/wp\/v2\/tags?post=171829"}],"curies":[{"name":"wp","href":"https:\/\/api.w.org\/{rel}","templated":true}]}}