{"id":171834,"date":"2024-01-11T21:34:02","date_gmt":"2024-01-12T00:34:02","guid":{"rendered":"https:\/\/www.hoymercedes.com.ar\/principal\/?p=171834"},"modified":"2024-01-11T21:45:55","modified_gmt":"2024-01-12T00:45:55","slug":"confirman-zonas-y-horarios-de-los-cortes-de-luz-del-viernes-12","status":"publish","type":"post","link":"https:\/\/www.hoymercedes.com.ar\/principal\/2024\/01\/11\/confirman-zonas-y-horarios-de-los-cortes-de-luz-del-viernes-12\/","title":{"rendered":"Confirman zonas y horarios de los cortes de luz del viernes 12"},"content":{"rendered":"\n<p>La empresa de energ\u00eda el\u00e9ctrica EDEN anunci\u00f3 que continuar\u00e1n con los trabajos iniciados la semana pasada. Se trata del \u00faltimo tramo de la obra. Luego de la informaci\u00f3n brindada d\u00edas atr\u00e1s, confirmaron los horarios y barrios que se ver\u00e1n afectados con una serie de interrupciones programadas para este viernes 12 de enero.<\/p>\n\n\n\n<p>Estos trabajos, que consisten en el recambio de transformadores dotados con mayor potencia, comenzaron el jueves de la semana pasada y ya se encuentran en la recta final.<\/p>\n\n\n\n<p>Es por ello que para realizar estas tareas, y por cuestiones de seguridad, la distribuidora realizar\u00e1 una serie de interrupciones programadas en distintas zonas y barrios de la localidad de Mercedes, durante ma\u00f1ana viernes 12 de enero.<\/p>\n\n\n\n<p>Los horarios estimativos ser\u00e1n los siguientes:<\/p>\n\n\n\n<ul class=\"wp-block-list\">\n<li><strong>De 11 a 12 horas:<\/strong> Afecta a barrios Seminario, Modelo, San Francisco, Molino, Virgen del Rosario, Estrada, Obrero, San Antonio, Uni\u00f3n, San Antonio, Jos\u00e9 Hern\u00e1ndez, Santa Teresita, El Rosedal, Bello Horizonte, Los \u00c1lamos, Las Palmas, Pago Chico, Las Acacias, Los Sauces.<\/li>\n<\/ul>\n\n\n\n<ul class=\"wp-block-list\">\n<li><strong>De 12 a 13 horas:<\/strong> Afecta a barrios Norte, Este, Lapenta, Zona c\u00e9ntrica<\/li>\n<\/ul>\n\n\n\n<ul class=\"wp-block-list\">\n<li><strong>De 13 a 14 horas:<\/strong> Afecta a barrios Molino, Seminario, Medalla Milagrosa, Los Duraznos, 3 de octubre, Villa Asunci\u00f3n, Almafuerte, Rosedal.<\/li>\n<\/ul>\n\n\n\n<ul class=\"wp-block-list\">\n<li><strong>De 14 a 15 horas:<\/strong> Afecta a barrios Favaloro, Los Para\u00edsos, Las Chancles y aleda\u00f1os<\/li>\n<\/ul>\n\n\n\n<ul class=\"wp-block-list\">\n<li><strong>De 15 a 16 horas: <\/strong>Afecta a barrios Gendarmer\u00eda, Villa Industrial Oeste, R.J Payr\u00f3, Unzu\u00e9, Oeste<\/li>\n<\/ul>\n\n\n\n<ul class=\"wp-block-list\">\n<li><strong>De 16 a 17 horas<\/strong>: Afecta a barrios Teresita, las Palmas y Parque Industrial<\/li>\n<\/ul>\n\n\n\n<ul class=\"wp-block-list\">\n<li><strong>De 17 a 18 horas:<\/strong> Afecta a barrios San Justo, G\u00fcemes, Villa del Parque, La Amistad, Soldado Balvidares, H Irigoyen, Facundo Quiroga, Mutti, Lopardo, San Mart\u00edn, 12 de Octubre, Ravello, Belgrano, Avellaneda.<\/li>\n<\/ul>\n\n\n\n<p>\u00abLa empresa agradece a la comunidad su paciencia y predisposici\u00f3n para efectuar estas obras fundamentales, y se\u00f1ala que en caso de condiciones clim\u00e1ticas adversas los trabajos pueden ser reprogramados\u00bb, destacan desde EDEN. <\/p>\n\n\n\n<figure class=\"wp-block-image size-full\"><img loading=\"lazy\" decoding=\"async\" width=\"883\" height=\"588\" data-attachment-id=\"171838\" data-permalink=\"https:\/\/www.hoymercedes.com.ar\/principal\/2024\/01\/11\/confirman-zonas-y-horarios-de-los-cortes-de-luz-del-viernes-12\/screenshot_20240111-213055_copy_883x588\/#main\" data-orig-file=\"https:\/\/www.hoymercedes.com.ar\/principal\/wp-content\/uploads\/2024\/01\/Screenshot_20240111-213055_copy_883x588.png\" data-orig-size=\"883,588\" data-comments-opened=\"0\" data-image-meta=\"{&quot;aperture&quot;:&quot;0&quot;,&quot;credit&quot;:&quot;&quot;,&quot;camera&quot;:&quot;&quot;,&quot;caption&quot;:&quot;&quot;,&quot;created_timestamp&quot;:&quot;0&quot;,&quot;copyright&quot;:&quot;&quot;,&quot;focal_length&quot;:&quot;0&quot;,&quot;iso&quot;:&quot;0&quot;,&quot;shutter_speed&quot;:&quot;0&quot;,&quot;title&quot;:&quot;&quot;,&quot;orientation&quot;:&quot;0&quot;}\" data-image-title=\"Screenshot_20240111-213055_copy_883x588\" data-image-description=\"\" data-image-caption=\"\" data-large-file=\"https:\/\/www.hoymercedes.com.ar\/principal\/wp-content\/uploads\/2024\/01\/Screenshot_20240111-213055_copy_883x588.png\" src=\"https:\/\/www.hoymercedes.com.ar\/principal\/wp-content\/uploads\/2024\/01\/Screenshot_20240111-213055_copy_883x588.png\" alt=\"\" class=\"wp-image-171838\" srcset=\"https:\/\/www.hoymercedes.com.ar\/principal\/wp-content\/uploads\/2024\/01\/Screenshot_20240111-213055_copy_883x588.png 883w, https:\/\/www.hoymercedes.com.ar\/principal\/wp-content\/uploads\/2024\/01\/Screenshot_20240111-213055_copy_883x588-630x420.png 630w, https:\/\/www.hoymercedes.com.ar\/principal\/wp-content\/uploads\/2024\/01\/Screenshot_20240111-213055_copy_883x588-150x100.png 150w, https:\/\/www.hoymercedes.com.ar\/principal\/wp-content\/uploads\/2024\/01\/Screenshot_20240111-213055_copy_883x588-700x465.png 700w\" sizes=\"auto, (max-width: 883px) 100vw, 883px\" \/><\/figure>\n","protected":false},"excerpt":{"rendered":"<p>La empresa de energ\u00eda el\u00e9ctrica EDEN anunci\u00f3 que continuar\u00e1n con los trabajos iniciados la semana pasada. Se trata del \u00faltimo &#8230; <a title=\"Confirman zonas y horarios de los cortes de luz del viernes 12\" class=\"read-more\" href=\"https:\/\/www.hoymercedes.com.ar\/principal\/2024\/01\/11\/confirman-zonas-y-horarios-de-los-cortes-de-luz-del-viernes-12\/\" aria-label=\"Leer m\u00e1s sobre Confirman zonas y horarios de los cortes de luz del viernes 12\">Leer m\u00e1s<\/a><\/p>\n","protected":false},"author":1,"featured_media":171838,"comment_status":"closed","ping_status":"open","sticky":false,"template":"","format":"standard","meta":{"_monsterinsights_skip_tracking":false,"_monsterinsights_sitenote_active":false,"_monsterinsights_sitenote_note":"","_monsterinsights_sitenote_category":0,"jetpack_post_was_ever_published":false,"_jetpack_newsletter_access":"","_jetpack_dont_email_post_to_subs":false,"_jetpack_newsletter_tier_id":0,"_jetpack_memberships_contains_paywalled_content":false,"_jetpack_memberships_contains_paid_content":false,"footnotes":"","jetpack_publicize_message":"","jetpack_publicize_feature_enabled":true,"jetpack_social_post_already_shared":true,"jetpack_social_options":{"image_generator_settings":{"template":"highway","default_image_id":0,"font":"","enabled":false},"version":2},"_wpas_customize_per_network":false},"categories":[8],"tags":[],"class_list":["post-171834","post","type-post","status-publish","format-standard","has-post-thumbnail","hentry","category-sociedad","generate-columns","tablet-grid-50","mobile-grid-100","grid-parent","grid-50"],"jetpack_publicize_connections":[],"jetpack_featured_media_url":"https:\/\/www.hoymercedes.com.ar\/principal\/wp-content\/uploads\/2024\/01\/Screenshot_20240111-213055_copy_883x588.png","wps_subtitle":"","jetpack_sharing_enabled":true,"_links":{"self":[{"href":"https:\/\/www.hoymercedes.com.ar\/principal\/wp-json\/wp\/v2\/posts\/171834","targetHints":{"allow":["GET"]}}],"collection":[{"href":"https:\/\/www.hoymercedes.com.ar\/principal\/wp-json\/wp\/v2\/posts"}],"about":[{"href":"https:\/\/www.hoymercedes.com.ar\/principal\/wp-json\/wp\/v2\/types\/post"}],"author":[{"embeddable":true,"href":"https:\/\/www.hoymercedes.com.ar\/principal\/wp-json\/wp\/v2\/users\/1"}],"replies":[{"embeddable":true,"href":"https:\/\/www.hoymercedes.com.ar\/principal\/wp-json\/wp\/v2\/comments?post=171834"}],"version-history":[{"count":0,"href":"https:\/\/www.hoymercedes.com.ar\/principal\/wp-json\/wp\/v2\/posts\/171834\/revisions"}],"wp:featuredmedia":[{"embeddable":true,"href":"https:\/\/www.hoymercedes.com.ar\/principal\/wp-json\/wp\/v2\/media\/171838"}],"wp:attachment":[{"href":"https:\/\/www.hoymercedes.com.ar\/principal\/wp-json\/wp\/v2\/media?parent=171834"}],"wp:term":[{"taxonomy":"category","embeddable":true,"href":"https:\/\/www.hoymercedes.com.ar\/principal\/wp-json\/wp\/v2\/categories?post=171834"},{"taxonomy":"post_tag","embeddable":true,"href":"https:\/\/www.hoymercedes.com.ar\/principal\/wp-json\/wp\/v2\/tags?post=171834"}],"curies":[{"name":"wp","href":"https:\/\/api.w.org\/{rel}","templated":true}]}}