{"id":171844,"date":"2024-01-11T22:59:00","date_gmt":"2024-01-12T01:59:00","guid":{"rendered":"https:\/\/www.hoymercedes.com.ar\/principal\/?p=171844"},"modified":"2024-01-11T22:39:30","modified_gmt":"2024-01-12T01:39:30","slug":"tres-peliculas-en-el-cine-mercedes-4","status":"publish","type":"post","link":"https:\/\/www.hoymercedes.com.ar\/principal\/2024\/01\/11\/tres-peliculas-en-el-cine-mercedes-4\/","title":{"rendered":"Tres pel\u00edculas en el Cine Mercedes"},"content":{"rendered":"\n<p>Desde el viernes 12 al martes 16 de enero, el Cine Mercedes ofrece tres pel\u00edculas en diferentes horarios para distintos p\u00fablicos. \u00ab\u00a1Patos!\u00bb sigue en la funci\u00f3n de las 17:30 hs el s\u00e1bado y el domingo, mientras que los estrenos de la semana -\u00abWish\u00bb (19:30 hs.) y \u00abNo lo abras\u00bb (21:30 hs) &#8211; podr\u00e1n verse todos los d\u00edas de funci\u00f3n. <\/p>\n\n\n<div class=\"wp-block-image\">\n<figure class=\"aligncenter size-full is-resized\"><img loading=\"lazy\" decoding=\"async\" width=\"539\" height=\"800\" data-attachment-id=\"171845\" data-permalink=\"https:\/\/www.hoymercedes.com.ar\/principal\/2024\/01\/11\/tres-peliculas-en-el-cine-mercedes-4\/gacetilla-cine-mercedes-4-4\/#main\" data-orig-file=\"https:\/\/www.hoymercedes.com.ar\/principal\/wp-content\/uploads\/2024\/01\/Gacetilla-Cine-Mercedes-4.jpg\" data-orig-size=\"539,800\" data-comments-opened=\"0\" data-image-meta=\"{&quot;aperture&quot;:&quot;0&quot;,&quot;credit&quot;:&quot;&quot;,&quot;camera&quot;:&quot;&quot;,&quot;caption&quot;:&quot;&quot;,&quot;created_timestamp&quot;:&quot;0&quot;,&quot;copyright&quot;:&quot;&quot;,&quot;focal_length&quot;:&quot;0&quot;,&quot;iso&quot;:&quot;0&quot;,&quot;shutter_speed&quot;:&quot;0&quot;,&quot;title&quot;:&quot;&quot;,&quot;orientation&quot;:&quot;1&quot;}\" data-image-title=\"Gacetilla Cine Mercedes (4)\" data-image-description=\"\" data-image-caption=\"\" data-large-file=\"https:\/\/www.hoymercedes.com.ar\/principal\/wp-content\/uploads\/2024\/01\/Gacetilla-Cine-Mercedes-4.jpg\" src=\"https:\/\/www.hoymercedes.com.ar\/principal\/wp-content\/uploads\/2024\/01\/Gacetilla-Cine-Mercedes-4.jpg\" alt=\"\" class=\"wp-image-171845\" style=\"width:539px;height:auto\" srcset=\"https:\/\/www.hoymercedes.com.ar\/principal\/wp-content\/uploads\/2024\/01\/Gacetilla-Cine-Mercedes-4.jpg 539w, https:\/\/www.hoymercedes.com.ar\/principal\/wp-content\/uploads\/2024\/01\/Gacetilla-Cine-Mercedes-4-418x620.jpg 418w, https:\/\/www.hoymercedes.com.ar\/principal\/wp-content\/uploads\/2024\/01\/Gacetilla-Cine-Mercedes-4-101x150.jpg 101w\" sizes=\"auto, (max-width: 539px) 100vw, 539px\" \/><\/figure>\n<\/div>\n\n\n<p>Sinopsis \u00ab\u00a1Patos\u00bb: La familia Mallard est\u00e1 pasando por una peque\u00f1a crisis. Mientras que el pap\u00e1, Mack, se alegra de mantener a su familia a salvo nadando alrededor de su estanque de Nueva Inglaterra, la mam\u00e1, Pam, est\u00e1 ansiosa por cambiar las cosas y mostrarle el mundo entero a sus hijos: el adolescente, Dax, y la peque\u00f1a patita Gwen.<\/p>\n\n\n\n<p>Sinopsis \u00abWish\u00bb: Asha y una peque\u00f1a bola de energ\u00eda ilimitada llamada Star demuestran que cuando la voluntad de un ser humano valiente se conecta con la magia de las estrellas, pueden suceder cosas maravillosas. (FILMAFFINITY)<\/p>\n\n\n\n<p>Sinopsis \u00abNo lo Abras\u00bb: \u00a0Desesperada por encajar en la escuela, Sam rechaza su cultura y su familia de las Indias Orientales para ser como los dem\u00e1s. Sin embargo, cuando un esp\u00edritu demon\u00edaco mitol\u00f3gico se aferra a su antiguo mejor amigo, ella debe aceptar su herencia para derrotarlo.<\/p>\n","protected":false},"excerpt":{"rendered":"<p>Desde el viernes 12 al martes 16 de enero, el Cine Mercedes ofrece tres pel\u00edculas en diferentes horarios para distintos &#8230; <a title=\"Tres pel\u00edculas en el Cine Mercedes\" class=\"read-more\" href=\"https:\/\/www.hoymercedes.com.ar\/principal\/2024\/01\/11\/tres-peliculas-en-el-cine-mercedes-4\/\" aria-label=\"Leer m\u00e1s sobre Tres pel\u00edculas en el Cine Mercedes\">Leer m\u00e1s<\/a><\/p>\n","protected":false},"author":1,"featured_media":171846,"comment_status":"closed","ping_status":"open","sticky":false,"template":"","format":"standard","meta":{"_monsterinsights_skip_tracking":false,"_monsterinsights_sitenote_active":false,"_monsterinsights_sitenote_note":"","_monsterinsights_sitenote_category":0,"jetpack_post_was_ever_published":false,"_jetpack_newsletter_access":"","_jetpack_dont_email_post_to_subs":false,"_jetpack_newsletter_tier_id":0,"_jetpack_memberships_contains_paywalled_content":false,"_jetpack_memberships_contains_paid_content":false,"footnotes":"","jetpack_publicize_message":"","jetpack_publicize_feature_enabled":true,"jetpack_social_post_already_shared":true,"jetpack_social_options":{"image_generator_settings":{"template":"highway","default_image_id":0,"font":"","enabled":false},"version":2},"_wpas_customize_per_network":false},"categories":[104],"tags":[7805],"class_list":["post-171844","post","type-post","status-publish","format-standard","has-post-thumbnail","hentry","category-cultura","tag-cultura","generate-columns","tablet-grid-50","mobile-grid-100","grid-parent","grid-50"],"jetpack_publicize_connections":[],"jetpack_featured_media_url":"https:\/\/www.hoymercedes.com.ar\/principal\/wp-content\/uploads\/2024\/01\/WISH.jpg","wps_subtitle":"","jetpack_sharing_enabled":true,"_links":{"self":[{"href":"https:\/\/www.hoymercedes.com.ar\/principal\/wp-json\/wp\/v2\/posts\/171844","targetHints":{"allow":["GET"]}}],"collection":[{"href":"https:\/\/www.hoymercedes.com.ar\/principal\/wp-json\/wp\/v2\/posts"}],"about":[{"href":"https:\/\/www.hoymercedes.com.ar\/principal\/wp-json\/wp\/v2\/types\/post"}],"author":[{"embeddable":true,"href":"https:\/\/www.hoymercedes.com.ar\/principal\/wp-json\/wp\/v2\/users\/1"}],"replies":[{"embeddable":true,"href":"https:\/\/www.hoymercedes.com.ar\/principal\/wp-json\/wp\/v2\/comments?post=171844"}],"version-history":[{"count":0,"href":"https:\/\/www.hoymercedes.com.ar\/principal\/wp-json\/wp\/v2\/posts\/171844\/revisions"}],"wp:featuredmedia":[{"embeddable":true,"href":"https:\/\/www.hoymercedes.com.ar\/principal\/wp-json\/wp\/v2\/media\/171846"}],"wp:attachment":[{"href":"https:\/\/www.hoymercedes.com.ar\/principal\/wp-json\/wp\/v2\/media?parent=171844"}],"wp:term":[{"taxonomy":"category","embeddable":true,"href":"https:\/\/www.hoymercedes.com.ar\/principal\/wp-json\/wp\/v2\/categories?post=171844"},{"taxonomy":"post_tag","embeddable":true,"href":"https:\/\/www.hoymercedes.com.ar\/principal\/wp-json\/wp\/v2\/tags?post=171844"}],"curies":[{"name":"wp","href":"https:\/\/api.w.org\/{rel}","templated":true}]}}