{"id":17193,"date":"2012-10-24T00:44:04","date_gmt":"2012-10-24T00:44:04","guid":{"rendered":"http:\/\/www.hoymercedes.com.ar\/principal\/?p=17193"},"modified":"2012-10-24T00:44:35","modified_gmt":"2012-10-24T00:44:35","slug":"alejandra-santana-renuncia-a-la-federacion-de-sociedades-de-fomento","status":"publish","type":"post","link":"https:\/\/www.hoymercedes.com.ar\/principal\/2012\/10\/24\/alejandra-santana-renuncia-a-la-federacion-de-sociedades-de-fomento\/","title":{"rendered":"Alejandra Santana renuncia a la Federaci\u00f3n de Sociedades de Fomento"},"content":{"rendered":"<p><a href=\"https:\/\/www.hoymercedes.com.ar\/principal\/wp-content\/uploads\/2012\/10\/Santana.jpg\"><img loading=\"lazy\" decoding=\"async\" data-attachment-id=\"17195\" data-permalink=\"https:\/\/www.hoymercedes.com.ar\/principal\/2012\/10\/24\/alejandra-santana-renuncia-a-la-federacion-de-sociedades-de-fomento\/santana\/#main\" data-orig-file=\"https:\/\/www.hoymercedes.com.ar\/principal\/wp-content\/uploads\/2012\/10\/Santana.jpg\" data-orig-size=\"616,959\" data-comments-opened=\"1\" data-image-meta=\"{&quot;aperture&quot;:&quot;0&quot;,&quot;credit&quot;:&quot;&quot;,&quot;camera&quot;:&quot;&quot;,&quot;caption&quot;:&quot;&quot;,&quot;created_timestamp&quot;:&quot;0&quot;,&quot;copyright&quot;:&quot;&quot;,&quot;focal_length&quot;:&quot;0&quot;,&quot;iso&quot;:&quot;0&quot;,&quot;shutter_speed&quot;:&quot;0&quot;,&quot;title&quot;:&quot;&quot;}\" data-image-title=\"Santana\" data-image-description=\"\" data-image-caption=\"\" data-large-file=\"https:\/\/www.hoymercedes.com.ar\/principal\/wp-content\/uploads\/2012\/10\/Santana.jpg\" class=\"aligncenter size-full wp-image-17195\" title=\"Santana\" src=\"https:\/\/www.hoymercedes.com.ar\/principal\/wp-content\/uploads\/2012\/10\/Santana.jpg\" alt=\"\" width=\"616\" height=\"959\" srcset=\"https:\/\/www.hoymercedes.com.ar\/principal\/wp-content\/uploads\/2012\/10\/Santana.jpg 616w, https:\/\/www.hoymercedes.com.ar\/principal\/wp-content\/uploads\/2012\/10\/Santana-398x620.jpg 398w\" sizes=\"auto, (max-width: 616px) 100vw, 616px\" \/><\/a><\/p>\n<p>La actual presidenta de la Federaci\u00f3n de Sociedades de Fomento, Alejandra Santanda, ha anunciado p\u00fablicamente que se aleja de las Federaci\u00f3n.<\/p>\n<p>La presidenta actual de la Federaci\u00f3n de Sociedades de Fomento de Mercedes anunci\u00f3 por las redes sociales y v\u00eda mensajes a algunos medios de prensa, como HoyMercedes.com.ar, que se aleja de la Federaci\u00f3n, espacio que en teor\u00eda nuclea a las Sociedades y les permite ser un actor social m\u00e1s fuerte en cuando a la lucha por el cumplimiento de sus necesidades.<\/p>\n<p>La misma santana sotiene que: \u00abno puedo seguir permitiendo que las elecciones Barriales sean mal manejadas por el Veedor Municipal\u00bb.<\/p>\n<p>Vale recordar que desde hace un tiempo se vienen realizando elecciones en diversas barriadas y muy pronto se llevar\u00e1n a cabo en Barrio Pe\u00f1aloza pudiendo ser uno de los motivos la puesta en com\u00fan de las diversas intenciones de conducci\u00f3n existente.<\/p>\n","protected":false},"excerpt":{"rendered":"<p>La actual presidenta de la Federaci\u00f3n de Sociedades de Fomento, Alejandra Santanda, ha anunciado p\u00fablicamente que se aleja de las &#8230; <a title=\"Alejandra Santana renuncia a la Federaci\u00f3n de Sociedades de Fomento\" class=\"read-more\" href=\"https:\/\/www.hoymercedes.com.ar\/principal\/2012\/10\/24\/alejandra-santana-renuncia-a-la-federacion-de-sociedades-de-fomento\/\" aria-label=\"Leer m\u00e1s sobre Alejandra Santana renuncia a la Federaci\u00f3n de Sociedades de Fomento\">Leer m\u00e1s<\/a><\/p>\n","protected":false},"author":1,"featured_media":0,"comment_status":"open","ping_status":"open","sticky":false,"template":"","format":"standard","meta":{"_monsterinsights_skip_tracking":false,"_monsterinsights_sitenote_active":false,"_monsterinsights_sitenote_note":"","_monsterinsights_sitenote_category":0,"jetpack_post_was_ever_published":false,"_jetpack_newsletter_access":"","_jetpack_dont_email_post_to_subs":false,"_jetpack_newsletter_tier_id":0,"_jetpack_memberships_contains_paywalled_content":false,"_jetpack_memberships_contains_paid_content":false,"footnotes":"","jetpack_publicize_message":"","jetpack_publicize_feature_enabled":true,"jetpack_social_post_already_shared":false,"jetpack_social_options":{"image_generator_settings":{"template":"highway","default_image_id":0,"font":"","enabled":false},"version":2},"_wpas_customize_per_network":false},"categories":[5],"tags":[1805,686],"class_list":["post-17193","post","type-post","status-publish","format-standard","hentry","category-politica","tag-alejandra-santana","tag-federacion-sociedades-de-fomento","generate-columns","tablet-grid-50","mobile-grid-100","grid-parent","grid-50"],"jetpack_publicize_connections":[],"jetpack_featured_media_url":"","wps_subtitle":"","jetpack_sharing_enabled":true,"_links":{"self":[{"href":"https:\/\/www.hoymercedes.com.ar\/principal\/wp-json\/wp\/v2\/posts\/17193","targetHints":{"allow":["GET"]}}],"collection":[{"href":"https:\/\/www.hoymercedes.com.ar\/principal\/wp-json\/wp\/v2\/posts"}],"about":[{"href":"https:\/\/www.hoymercedes.com.ar\/principal\/wp-json\/wp\/v2\/types\/post"}],"author":[{"embeddable":true,"href":"https:\/\/www.hoymercedes.com.ar\/principal\/wp-json\/wp\/v2\/users\/1"}],"replies":[{"embeddable":true,"href":"https:\/\/www.hoymercedes.com.ar\/principal\/wp-json\/wp\/v2\/comments?post=17193"}],"version-history":[{"count":0,"href":"https:\/\/www.hoymercedes.com.ar\/principal\/wp-json\/wp\/v2\/posts\/17193\/revisions"}],"wp:attachment":[{"href":"https:\/\/www.hoymercedes.com.ar\/principal\/wp-json\/wp\/v2\/media?parent=17193"}],"wp:term":[{"taxonomy":"category","embeddable":true,"href":"https:\/\/www.hoymercedes.com.ar\/principal\/wp-json\/wp\/v2\/categories?post=17193"},{"taxonomy":"post_tag","embeddable":true,"href":"https:\/\/www.hoymercedes.com.ar\/principal\/wp-json\/wp\/v2\/tags?post=17193"}],"curies":[{"name":"wp","href":"https:\/\/api.w.org\/{rel}","templated":true}]}}