{"id":171960,"date":"2024-01-15T21:43:36","date_gmt":"2024-01-16T00:43:36","guid":{"rendered":"https:\/\/www.hoymercedes.com.ar\/principal\/?p=171960"},"modified":"2024-01-15T21:43:38","modified_gmt":"2024-01-16T00:43:38","slug":"amplia-participacion-en-la-asamblea-multisectorial","status":"publish","type":"post","link":"https:\/\/www.hoymercedes.com.ar\/principal\/2024\/01\/15\/amplia-participacion-en-la-asamblea-multisectorial\/","title":{"rendered":"Amplia participaci\u00f3n en la Asamblea Multisectorial"},"content":{"rendered":"\n<figure class=\"wp-block-image size-large\"><img loading=\"lazy\" decoding=\"async\" width=\"1024\" height=\"682\" data-attachment-id=\"171961\" data-permalink=\"https:\/\/www.hoymercedes.com.ar\/principal\/2024\/01\/15\/amplia-participacion-en-la-asamblea-multisectorial\/asambleamultisectorial-14-01-2024-ii\/#main\" data-orig-file=\"https:\/\/www.hoymercedes.com.ar\/principal\/wp-content\/uploads\/2024\/01\/AsambleaMultisectorial-14.01.2024-II.jpg\" data-orig-size=\"1319,879\" data-comments-opened=\"0\" data-image-meta=\"{&quot;aperture&quot;:&quot;0&quot;,&quot;credit&quot;:&quot;&quot;,&quot;camera&quot;:&quot;&quot;,&quot;caption&quot;:&quot;&quot;,&quot;created_timestamp&quot;:&quot;0&quot;,&quot;copyright&quot;:&quot;&quot;,&quot;focal_length&quot;:&quot;0&quot;,&quot;iso&quot;:&quot;0&quot;,&quot;shutter_speed&quot;:&quot;0&quot;,&quot;title&quot;:&quot;&quot;,&quot;orientation&quot;:&quot;0&quot;}\" data-image-title=\"AsambleaMultisectorial-14.01.2024-II\" data-image-description=\"&lt;p&gt;Asamblea multisectorial mercedes&lt;\/p&gt;\n\" data-image-caption=\"&lt;p&gt;Asamblea multisectorial mercedes&lt;\/p&gt;\n\" data-large-file=\"https:\/\/www.hoymercedes.com.ar\/principal\/wp-content\/uploads\/2024\/01\/AsambleaMultisectorial-14.01.2024-II-1024x682.jpg\" src=\"https:\/\/www.hoymercedes.com.ar\/principal\/wp-content\/uploads\/2024\/01\/AsambleaMultisectorial-14.01.2024-II-1024x682.jpg\" alt=\"\" class=\"wp-image-171961\" srcset=\"https:\/\/www.hoymercedes.com.ar\/principal\/wp-content\/uploads\/2024\/01\/AsambleaMultisectorial-14.01.2024-II-1024x682.jpg 1024w, https:\/\/www.hoymercedes.com.ar\/principal\/wp-content\/uploads\/2024\/01\/AsambleaMultisectorial-14.01.2024-II-630x420.jpg 630w, https:\/\/www.hoymercedes.com.ar\/principal\/wp-content\/uploads\/2024\/01\/AsambleaMultisectorial-14.01.2024-II-150x100.jpg 150w, https:\/\/www.hoymercedes.com.ar\/principal\/wp-content\/uploads\/2024\/01\/AsambleaMultisectorial-14.01.2024-II-700x465.jpg 700w, https:\/\/www.hoymercedes.com.ar\/principal\/wp-content\/uploads\/2024\/01\/AsambleaMultisectorial-14.01.2024-II.jpg 1319w\" sizes=\"auto, (max-width: 1024px) 100vw, 1024px\" \/><\/figure>\n\n\n\n<p>Se llev\u00f3 adelante la Asamblea Multisectorial Mercedes. Fue en la sede de Luz y Fuerza. Hubo una gran participaci\u00f3n de distintas ramas sindicales locales y regionales, integrantes de la Asamblea Autoconvocados Mercedes, vecinos, vecinas, dirigentes, referentes sociales, cooperativas, todos con una misma preocupaci\u00f3n: las medidas impuestas por el gobierno de Milei y los ministros de Juntos.<\/p>\n\n\n\n<p>Hubo varios oradores, entre ellos representantes gremiales de Trabajadores del Estado, Comercio, Molineros, Educaci\u00f3n, Cooperativas, Asamblea Auto convocados Mercedes, Asamblea de Mujeres DyF, Juan Ustarroz entre otros.<\/p>\n\n\n\n<figure class=\"wp-block-image size-large\"><img loading=\"lazy\" decoding=\"async\" width=\"1024\" height=\"682\" data-attachment-id=\"171962\" data-permalink=\"https:\/\/www.hoymercedes.com.ar\/principal\/2024\/01\/15\/amplia-participacion-en-la-asamblea-multisectorial\/dsc02932\/#main\" data-orig-file=\"https:\/\/www.hoymercedes.com.ar\/principal\/wp-content\/uploads\/2024\/01\/DSC02932.jpg\" data-orig-size=\"1319,879\" data-comments-opened=\"0\" data-image-meta=\"{&quot;aperture&quot;:&quot;0&quot;,&quot;credit&quot;:&quot;&quot;,&quot;camera&quot;:&quot;&quot;,&quot;caption&quot;:&quot;&quot;,&quot;created_timestamp&quot;:&quot;0&quot;,&quot;copyright&quot;:&quot;&quot;,&quot;focal_length&quot;:&quot;0&quot;,&quot;iso&quot;:&quot;0&quot;,&quot;shutter_speed&quot;:&quot;0&quot;,&quot;title&quot;:&quot;&quot;,&quot;orientation&quot;:&quot;0&quot;}\" data-image-title=\"DSC02932\" data-image-description=\"\" data-image-caption=\"\" data-large-file=\"https:\/\/www.hoymercedes.com.ar\/principal\/wp-content\/uploads\/2024\/01\/DSC02932-1024x682.jpg\" src=\"https:\/\/www.hoymercedes.com.ar\/principal\/wp-content\/uploads\/2024\/01\/DSC02932-1024x682.jpg\" alt=\"\" class=\"wp-image-171962\" srcset=\"https:\/\/www.hoymercedes.com.ar\/principal\/wp-content\/uploads\/2024\/01\/DSC02932-1024x682.jpg 1024w, https:\/\/www.hoymercedes.com.ar\/principal\/wp-content\/uploads\/2024\/01\/DSC02932-630x420.jpg 630w, https:\/\/www.hoymercedes.com.ar\/principal\/wp-content\/uploads\/2024\/01\/DSC02932-150x100.jpg 150w, https:\/\/www.hoymercedes.com.ar\/principal\/wp-content\/uploads\/2024\/01\/DSC02932-700x465.jpg 700w, https:\/\/www.hoymercedes.com.ar\/principal\/wp-content\/uploads\/2024\/01\/DSC02932.jpg 1319w\" sizes=\"auto, (max-width: 1024px) 100vw, 1024px\" \/><\/figure>\n\n\n\n<p>Entre los distintos temas tratados estuvo la situaci\u00f3n de la enorme devaluaci\u00f3n de Milei y Caputo, que impuso en un d\u00eda un 118% de p\u00e9rdida de poder adquisitivo, la persecuci\u00f3n a las y los trabajadores organizados, la venta de las \u201cjoyas\u201d de la abuela que buscan privatizar y la venta del pa\u00eds con la consigna \u201cla Argentina no se vende\u201d.<\/p>\n\n\n\n<p>Ahora se invit\u00f3 el mi\u00e9rcoles a ir a la plaza con la Asamblea Autoconvocados Mercedes y el 24 de enero adherir al paro general convocado.<\/p>\n\n\n\n<figure class=\"wp-block-image size-large\"><img loading=\"lazy\" decoding=\"async\" width=\"1024\" height=\"682\" data-attachment-id=\"171963\" data-permalink=\"https:\/\/www.hoymercedes.com.ar\/principal\/2024\/01\/15\/amplia-participacion-en-la-asamblea-multisectorial\/asambleamultisectorial-14-01-2024-iii\/#main\" data-orig-file=\"https:\/\/www.hoymercedes.com.ar\/principal\/wp-content\/uploads\/2024\/01\/AsambleaMultisectorial-14.01.2024-III.jpg\" data-orig-size=\"1319,879\" data-comments-opened=\"0\" data-image-meta=\"{&quot;aperture&quot;:&quot;0&quot;,&quot;credit&quot;:&quot;&quot;,&quot;camera&quot;:&quot;&quot;,&quot;caption&quot;:&quot;&quot;,&quot;created_timestamp&quot;:&quot;0&quot;,&quot;copyright&quot;:&quot;&quot;,&quot;focal_length&quot;:&quot;0&quot;,&quot;iso&quot;:&quot;0&quot;,&quot;shutter_speed&quot;:&quot;0&quot;,&quot;title&quot;:&quot;&quot;,&quot;orientation&quot;:&quot;0&quot;}\" data-image-title=\"AsambleaMultisectorial-14.01.2024-III\" data-image-description=\"\" data-image-caption=\"\" data-large-file=\"https:\/\/www.hoymercedes.com.ar\/principal\/wp-content\/uploads\/2024\/01\/AsambleaMultisectorial-14.01.2024-III-1024x682.jpg\" src=\"https:\/\/www.hoymercedes.com.ar\/principal\/wp-content\/uploads\/2024\/01\/AsambleaMultisectorial-14.01.2024-III-1024x682.jpg\" alt=\"\" class=\"wp-image-171963\" srcset=\"https:\/\/www.hoymercedes.com.ar\/principal\/wp-content\/uploads\/2024\/01\/AsambleaMultisectorial-14.01.2024-III-1024x682.jpg 1024w, https:\/\/www.hoymercedes.com.ar\/principal\/wp-content\/uploads\/2024\/01\/AsambleaMultisectorial-14.01.2024-III-630x420.jpg 630w, https:\/\/www.hoymercedes.com.ar\/principal\/wp-content\/uploads\/2024\/01\/AsambleaMultisectorial-14.01.2024-III-150x100.jpg 150w, https:\/\/www.hoymercedes.com.ar\/principal\/wp-content\/uploads\/2024\/01\/AsambleaMultisectorial-14.01.2024-III-700x465.jpg 700w, https:\/\/www.hoymercedes.com.ar\/principal\/wp-content\/uploads\/2024\/01\/AsambleaMultisectorial-14.01.2024-III.jpg 1319w\" sizes=\"auto, (max-width: 1024px) 100vw, 1024px\" \/><\/figure>\n","protected":false},"excerpt":{"rendered":"<p>Se llev\u00f3 adelante la Asamblea Multisectorial Mercedes. Fue en la sede de Luz y Fuerza. Hubo una gran participaci\u00f3n de &#8230; <a title=\"Amplia participaci\u00f3n en la Asamblea Multisectorial\" class=\"read-more\" href=\"https:\/\/www.hoymercedes.com.ar\/principal\/2024\/01\/15\/amplia-participacion-en-la-asamblea-multisectorial\/\" aria-label=\"Leer m\u00e1s sobre Amplia participaci\u00f3n en la Asamblea Multisectorial\">Leer m\u00e1s<\/a><\/p>\n","protected":false},"author":1,"featured_media":171961,"comment_status":"closed","ping_status":"open","sticky":false,"template":"","format":"standard","meta":{"_monsterinsights_skip_tracking":false,"_monsterinsights_sitenote_active":false,"_monsterinsights_sitenote_note":"","_monsterinsights_sitenote_category":0,"jetpack_post_was_ever_published":false,"_jetpack_newsletter_access":"","_jetpack_dont_email_post_to_subs":false,"_jetpack_newsletter_tier_id":0,"_jetpack_memberships_contains_paywalled_content":false,"_jetpack_memberships_contains_paid_content":false,"footnotes":"","jetpack_publicize_message":"","jetpack_publicize_feature_enabled":true,"jetpack_social_post_already_shared":true,"jetpack_social_options":{"image_generator_settings":{"template":"highway","default_image_id":0,"font":"","enabled":false},"version":2},"_wpas_customize_per_network":false},"categories":[5608],"tags":[19041],"class_list":["post-171960","post","type-post","status-publish","format-standard","has-post-thumbnail","hentry","category-sin-categoria","tag-asamblea-multisectorial-mercedes","generate-columns","tablet-grid-50","mobile-grid-100","grid-parent","grid-50"],"jetpack_publicize_connections":[],"jetpack_featured_media_url":"https:\/\/www.hoymercedes.com.ar\/principal\/wp-content\/uploads\/2024\/01\/AsambleaMultisectorial-14.01.2024-II.jpg","wps_subtitle":"Debate p\u00fablico","jetpack_sharing_enabled":true,"_links":{"self":[{"href":"https:\/\/www.hoymercedes.com.ar\/principal\/wp-json\/wp\/v2\/posts\/171960","targetHints":{"allow":["GET"]}}],"collection":[{"href":"https:\/\/www.hoymercedes.com.ar\/principal\/wp-json\/wp\/v2\/posts"}],"about":[{"href":"https:\/\/www.hoymercedes.com.ar\/principal\/wp-json\/wp\/v2\/types\/post"}],"author":[{"embeddable":true,"href":"https:\/\/www.hoymercedes.com.ar\/principal\/wp-json\/wp\/v2\/users\/1"}],"replies":[{"embeddable":true,"href":"https:\/\/www.hoymercedes.com.ar\/principal\/wp-json\/wp\/v2\/comments?post=171960"}],"version-history":[{"count":0,"href":"https:\/\/www.hoymercedes.com.ar\/principal\/wp-json\/wp\/v2\/posts\/171960\/revisions"}],"wp:featuredmedia":[{"embeddable":true,"href":"https:\/\/www.hoymercedes.com.ar\/principal\/wp-json\/wp\/v2\/media\/171961"}],"wp:attachment":[{"href":"https:\/\/www.hoymercedes.com.ar\/principal\/wp-json\/wp\/v2\/media?parent=171960"}],"wp:term":[{"taxonomy":"category","embeddable":true,"href":"https:\/\/www.hoymercedes.com.ar\/principal\/wp-json\/wp\/v2\/categories?post=171960"},{"taxonomy":"post_tag","embeddable":true,"href":"https:\/\/www.hoymercedes.com.ar\/principal\/wp-json\/wp\/v2\/tags?post=171960"}],"curies":[{"name":"wp","href":"https:\/\/api.w.org\/{rel}","templated":true}]}}