{"id":171971,"date":"2024-01-16T09:04:00","date_gmt":"2024-01-16T12:04:00","guid":{"rendered":"https:\/\/www.hoymercedes.com.ar\/principal\/?p=171971"},"modified":"2024-01-16T01:12:24","modified_gmt":"2024-01-16T04:12:24","slug":"se-viene-el-festival-de-teatro-en-mercedes-promovido-por-sus-protagonistas","status":"publish","type":"post","link":"https:\/\/www.hoymercedes.com.ar\/principal\/2024\/01\/16\/se-viene-el-festival-de-teatro-en-mercedes-promovido-por-sus-protagonistas\/","title":{"rendered":"Se viene el Festival de Teatro en Mercedes promovido por sus protagonistas"},"content":{"rendered":"\n<figure class=\"wp-block-image size-large\"><img loading=\"lazy\" decoding=\"async\" width=\"1024\" height=\"682\" data-attachment-id=\"171972\" data-permalink=\"https:\/\/www.hoymercedes.com.ar\/principal\/2024\/01\/16\/se-viene-el-festival-de-teatro-en-mercedes-promovido-por-sus-protagonistas\/bompellon\/#main\" data-orig-file=\"https:\/\/www.hoymercedes.com.ar\/principal\/wp-content\/uploads\/2024\/01\/Bompellon.jpg\" data-orig-size=\"1319,879\" data-comments-opened=\"0\" data-image-meta=\"{&quot;aperture&quot;:&quot;0&quot;,&quot;credit&quot;:&quot;SEBASTIANAMBROSSIO&quot;,&quot;camera&quot;:&quot;&quot;,&quot;caption&quot;:&quot;&quot;,&quot;created_timestamp&quot;:&quot;0&quot;,&quot;copyright&quot;:&quot;SebastianAmbrossio&quot;,&quot;focal_length&quot;:&quot;0&quot;,&quot;iso&quot;:&quot;0&quot;,&quot;shutter_speed&quot;:&quot;0&quot;,&quot;title&quot;:&quot;&quot;,&quot;orientation&quot;:&quot;0&quot;}\" data-image-title=\"Bompell\u00f3n Teatro\" data-image-description=\"&lt;p&gt;Bompell\u00f3n Teatro&lt;\/p&gt;\n\" data-image-caption=\"&lt;p&gt;Bompell\u00f3n Teatro&lt;\/p&gt;\n\" data-large-file=\"https:\/\/www.hoymercedes.com.ar\/principal\/wp-content\/uploads\/2024\/01\/Bompellon-1024x682.jpg\" src=\"https:\/\/www.hoymercedes.com.ar\/principal\/wp-content\/uploads\/2024\/01\/Bompellon-1024x682.jpg\" alt=\"\" class=\"wp-image-171972\" srcset=\"https:\/\/www.hoymercedes.com.ar\/principal\/wp-content\/uploads\/2024\/01\/Bompellon-1024x682.jpg 1024w, https:\/\/www.hoymercedes.com.ar\/principal\/wp-content\/uploads\/2024\/01\/Bompellon-630x420.jpg 630w, https:\/\/www.hoymercedes.com.ar\/principal\/wp-content\/uploads\/2024\/01\/Bompellon-150x100.jpg 150w, https:\/\/www.hoymercedes.com.ar\/principal\/wp-content\/uploads\/2024\/01\/Bompellon-700x465.jpg 700w, https:\/\/www.hoymercedes.com.ar\/principal\/wp-content\/uploads\/2024\/01\/Bompellon.jpg 1319w\" sizes=\"auto, (max-width: 1024px) 100vw, 1024px\" \/><\/figure>\n\n\n\n<p>Desde nuestra ciudad, artistas y trabajadores del teatro se vienen juntando y elaborando lo que puede llegar a ser el primer Festival de Teatro en Mercedes. Esta es una idea que suma cada vez m\u00e1s artistas, y que gracias al impulso de estos vecinos y el apoyo del Municipio de Mercedes se encamina a la concreci\u00f3n de este sue\u00f1o importante para la cultura local. &nbsp;&nbsp;<\/p>\n\n\n\n<p>Eugenio Rosito, quien es parte del Espacio Bompell\u00f3n cont\u00f3 \u201cvenimos trabajando con un grupo de diferentes teatros, aunando fuerzas en estos tiempos complicados que se vienen para el arte, para este a\u00f1o se haga por primera vez en Mercedes el Festival de Teatro Mercedino\u201d y apunt\u00f3 \u201cpor lo que estamos convocando no s\u00f3lo directores, sino tambi\u00e9n, espacios culturales para que se sumen\u201d.<\/p>\n\n\n\n<p>\u201cLa idea es que el festival se realice en el mes de junio, los d\u00edas 7, 8 y 9, dependiendo de la cantidad de propuestas que haya\u201d indic\u00f3 Eugenio y agreg\u00f3 \u201cen este momento estamos convocando lugares y obras para saber con lo que contamos y en base a ello comenzar a avanzar\u201d.<\/p>\n\n\n\n<p>En este sentido, expres\u00f3 \u201cel objetivo tambi\u00e9n es poder juntarnos, compartir experiencias, fechas, lugares, y poder compartir entre todos los que hacemos teatro\u201d. &nbsp;<\/p>\n\n\n\n<p>Florencia Seoane, quien es parte del Espacio Bompell\u00f3n inform\u00f3 \u201cse pueden contactar con nosotros o con el gran grupo que est\u00e1 organizando este festival, somos muchos los que estamos trabajando\u201d. &nbsp;&nbsp;<\/p>\n\n\n\n<p>Para todas aquellos que est\u00e9n interesadas lo pueden hacer comunic\u00e1ndose por Whatsapp al 2324-683728 o trav\u00e9s de las redes @bompellon en Instagram y Facebook.&nbsp;<\/p>\n","protected":false},"excerpt":{"rendered":"<p>Desde nuestra ciudad, artistas y trabajadores del teatro se vienen juntando y elaborando lo que puede llegar a ser el &#8230; <a title=\"Se viene el Festival de Teatro en Mercedes promovido por sus protagonistas\" class=\"read-more\" href=\"https:\/\/www.hoymercedes.com.ar\/principal\/2024\/01\/16\/se-viene-el-festival-de-teatro-en-mercedes-promovido-por-sus-protagonistas\/\" aria-label=\"Leer m\u00e1s sobre Se viene el Festival de Teatro en Mercedes promovido por sus protagonistas\">Leer m\u00e1s<\/a><\/p>\n","protected":false},"author":1,"featured_media":171972,"comment_status":"closed","ping_status":"open","sticky":false,"template":"","format":"standard","meta":{"_monsterinsights_skip_tracking":false,"_monsterinsights_sitenote_active":false,"_monsterinsights_sitenote_note":"","_monsterinsights_sitenote_category":0,"jetpack_post_was_ever_published":false,"_jetpack_newsletter_access":"","_jetpack_dont_email_post_to_subs":false,"_jetpack_newsletter_tier_id":0,"_jetpack_memberships_contains_paywalled_content":false,"_jetpack_memberships_contains_paid_content":false,"footnotes":"","jetpack_publicize_message":"","jetpack_publicize_feature_enabled":true,"jetpack_social_post_already_shared":true,"jetpack_social_options":{"image_generator_settings":{"template":"highway","default_image_id":0,"font":"","enabled":false},"version":2},"_wpas_customize_per_network":false},"categories":[104],"tags":[19045,19047,19048],"class_list":["post-171971","post","type-post","status-publish","format-standard","has-post-thumbnail","hentry","category-cultura","tag-bompellon-teatro","tag-eugenio-rosito","tag-florencia-seoane","generate-columns","tablet-grid-50","mobile-grid-100","grid-parent","grid-50"],"jetpack_publicize_connections":[],"jetpack_featured_media_url":"https:\/\/www.hoymercedes.com.ar\/principal\/wp-content\/uploads\/2024\/01\/Bompellon.jpg","wps_subtitle":"Bompell\u00f3n Teatro","jetpack_sharing_enabled":true,"_links":{"self":[{"href":"https:\/\/www.hoymercedes.com.ar\/principal\/wp-json\/wp\/v2\/posts\/171971","targetHints":{"allow":["GET"]}}],"collection":[{"href":"https:\/\/www.hoymercedes.com.ar\/principal\/wp-json\/wp\/v2\/posts"}],"about":[{"href":"https:\/\/www.hoymercedes.com.ar\/principal\/wp-json\/wp\/v2\/types\/post"}],"author":[{"embeddable":true,"href":"https:\/\/www.hoymercedes.com.ar\/principal\/wp-json\/wp\/v2\/users\/1"}],"replies":[{"embeddable":true,"href":"https:\/\/www.hoymercedes.com.ar\/principal\/wp-json\/wp\/v2\/comments?post=171971"}],"version-history":[{"count":0,"href":"https:\/\/www.hoymercedes.com.ar\/principal\/wp-json\/wp\/v2\/posts\/171971\/revisions"}],"wp:featuredmedia":[{"embeddable":true,"href":"https:\/\/www.hoymercedes.com.ar\/principal\/wp-json\/wp\/v2\/media\/171972"}],"wp:attachment":[{"href":"https:\/\/www.hoymercedes.com.ar\/principal\/wp-json\/wp\/v2\/media?parent=171971"}],"wp:term":[{"taxonomy":"category","embeddable":true,"href":"https:\/\/www.hoymercedes.com.ar\/principal\/wp-json\/wp\/v2\/categories?post=171971"},{"taxonomy":"post_tag","embeddable":true,"href":"https:\/\/www.hoymercedes.com.ar\/principal\/wp-json\/wp\/v2\/tags?post=171971"}],"curies":[{"name":"wp","href":"https:\/\/api.w.org\/{rel}","templated":true}]}}