{"id":171983,"date":"2024-01-16T13:20:47","date_gmt":"2024-01-16T16:20:47","guid":{"rendered":"https:\/\/www.hoymercedes.com.ar\/principal\/?p=171983"},"modified":"2024-01-16T13:22:30","modified_gmt":"2024-01-16T16:22:30","slug":"comunicado-del-colegio-de-abogados-del-departamento-judicial-de-mercedes-sobre-dnu-y-proyecto-de-ley-omnibus","status":"publish","type":"post","link":"https:\/\/www.hoymercedes.com.ar\/principal\/2024\/01\/16\/comunicado-del-colegio-de-abogados-del-departamento-judicial-de-mercedes-sobre-dnu-y-proyecto-de-ley-omnibus\/","title":{"rendered":"Comunicado del Colegio de Abogados de Mercedes sobre DNU y proyecto de Ley Omnibus"},"content":{"rendered":"\n<p>Desde el Colegio de Abogados del Departamento Judicial de Mercedes hicieron publica una declaraci\u00f3n que resalta la postura y el trabajo realizando ante los diferentes art\u00edculos del DNU y el proyecto de Ley Omnibus presentado por el gobierno nacional. <\/p>\n\n\n\n<p>\u00ab\u00bfEn qu\u00e9 se encuentra trabajando el Colegio?\u00bb expresa la comunicaci\u00f3n oficial del CADJM. <\/p>\n\n\n\n<p>\u00abEl Colegio de Abogados del Departamento Judicial de Mercedes comunica a sus matriculados que a ra\u00edz del DNU 2023-70-APN-PTE y el proyecto de Ley Omnibus (025-2023), se encuentra trabajando en lo siguiente:<\/p>\n\n\n\n<p>DNU:<\/p>\n\n\n\n<p>Junto al Consejo Superior del COLPROBA, se est\u00e1 conformando un documento (basado en dict\u00e1menes de reconocidos constitucionalistas) que se presentar\u00e1 ante la Comisi\u00f3n del Poder Legislativo Nacional que se encuentra estudiando el DNU, con miras a poner de resalto los aspectos inconstitucionales del mismo.<\/p>\n\n\n\n<p>Proyecto LEY OMNIBUS:<\/p>\n\n\n\n<p>Junto a la FACA y el COLPROBA se est\u00e1n coordinando reuniones con los Presidentes de Bloques del Poder Legislativo Nacional, y con los Presidentes de las diferentes Comisiones que se avocar\u00e1n al tratamiento del Proyecto de la Ley Omnibus, con el fin de expresar la voz de la Colegiaci\u00f3n en defensa de las incumbencias profesionales.<\/p>\n\n\n\n<p>Esa voz se alzar\u00e1 especialmente en lo referido a divorcios administrativos, y sucesiones fuera del \u00e1mbito judicial, para as\u00ed posibilitar abrir en esos temas el an\u00e1lisis profundo del Proyecto, aportando especialistas al intercambio de ideas, y nutriendo al debate de legalidad y pluralidad de necesarias voces\u00bb<\/p>\n","protected":false},"excerpt":{"rendered":"<p>Desde el Colegio de Abogados del Departamento Judicial de Mercedes hicieron publica una declaraci\u00f3n que resalta la postura y el &#8230; <a title=\"Comunicado del Colegio de Abogados de Mercedes sobre DNU y proyecto de Ley Omnibus\" class=\"read-more\" href=\"https:\/\/www.hoymercedes.com.ar\/principal\/2024\/01\/16\/comunicado-del-colegio-de-abogados-del-departamento-judicial-de-mercedes-sobre-dnu-y-proyecto-de-ley-omnibus\/\" aria-label=\"Leer m\u00e1s sobre Comunicado del Colegio de Abogados de Mercedes sobre DNU y proyecto de Ley Omnibus\">Leer m\u00e1s<\/a><\/p>\n","protected":false},"author":1,"featured_media":171991,"comment_status":"closed","ping_status":"open","sticky":false,"template":"","format":"standard","meta":{"_monsterinsights_skip_tracking":false,"_monsterinsights_sitenote_active":false,"_monsterinsights_sitenote_note":"","_monsterinsights_sitenote_category":0,"jetpack_post_was_ever_published":false,"_jetpack_newsletter_access":"","_jetpack_dont_email_post_to_subs":false,"_jetpack_newsletter_tier_id":0,"_jetpack_memberships_contains_paywalled_content":false,"_jetpack_memberships_contains_paid_content":false,"footnotes":"","jetpack_publicize_message":"","jetpack_publicize_feature_enabled":true,"jetpack_social_post_already_shared":true,"jetpack_social_options":{"image_generator_settings":{"template":"highway","default_image_id":0,"font":"","enabled":false},"version":2},"_wpas_customize_per_network":false},"categories":[8],"tags":[],"class_list":["post-171983","post","type-post","status-publish","format-standard","has-post-thumbnail","hentry","category-sociedad","generate-columns","tablet-grid-50","mobile-grid-100","grid-parent","grid-50"],"jetpack_publicize_connections":[],"jetpack_featured_media_url":"https:\/\/www.hoymercedes.com.ar\/principal\/wp-content\/uploads\/2024\/01\/Logo-CADJM-ORIGINAL-2020.png","wps_subtitle":"","jetpack_sharing_enabled":true,"_links":{"self":[{"href":"https:\/\/www.hoymercedes.com.ar\/principal\/wp-json\/wp\/v2\/posts\/171983","targetHints":{"allow":["GET"]}}],"collection":[{"href":"https:\/\/www.hoymercedes.com.ar\/principal\/wp-json\/wp\/v2\/posts"}],"about":[{"href":"https:\/\/www.hoymercedes.com.ar\/principal\/wp-json\/wp\/v2\/types\/post"}],"author":[{"embeddable":true,"href":"https:\/\/www.hoymercedes.com.ar\/principal\/wp-json\/wp\/v2\/users\/1"}],"replies":[{"embeddable":true,"href":"https:\/\/www.hoymercedes.com.ar\/principal\/wp-json\/wp\/v2\/comments?post=171983"}],"version-history":[{"count":0,"href":"https:\/\/www.hoymercedes.com.ar\/principal\/wp-json\/wp\/v2\/posts\/171983\/revisions"}],"wp:featuredmedia":[{"embeddable":true,"href":"https:\/\/www.hoymercedes.com.ar\/principal\/wp-json\/wp\/v2\/media\/171991"}],"wp:attachment":[{"href":"https:\/\/www.hoymercedes.com.ar\/principal\/wp-json\/wp\/v2\/media?parent=171983"}],"wp:term":[{"taxonomy":"category","embeddable":true,"href":"https:\/\/www.hoymercedes.com.ar\/principal\/wp-json\/wp\/v2\/categories?post=171983"},{"taxonomy":"post_tag","embeddable":true,"href":"https:\/\/www.hoymercedes.com.ar\/principal\/wp-json\/wp\/v2\/tags?post=171983"}],"curies":[{"name":"wp","href":"https:\/\/api.w.org\/{rel}","templated":true}]}}