{"id":171994,"date":"2024-01-18T09:24:26","date_gmt":"2024-01-18T12:24:26","guid":{"rendered":"https:\/\/www.hoymercedes.com.ar\/principal\/?p=171994"},"modified":"2024-01-18T10:30:46","modified_gmt":"2024-01-18T13:30:46","slug":"virginia-altube-y-jonatan-alvarado-vuelven-a-los-pagos-con-un-concierto-en-el-mamm","status":"publish","type":"post","link":"https:\/\/www.hoymercedes.com.ar\/principal\/2024\/01\/18\/virginia-altube-y-jonatan-alvarado-vuelven-a-los-pagos-con-un-concierto-en-el-mamm\/","title":{"rendered":"Virginia Altube y Jonatan Alvarado vuelven a los pagos con un concierto en el MAMM"},"content":{"rendered":"\n<p>Los m\u00fasicos mercedinos emigrados se presentar\u00e1n en Mercedes en un concierto que los re\u00fanen entre ellos y con sus respectivos p\u00fablicos. Virginia Altube y Jonatan Alvarado se presentar\u00e1n en un recital conjunto en el Museo de Arte de Mercedes el pr\u00f3ximo s\u00e1bado 20 de enero a las 20 horas. Al show lo han titulado \u00abAl pie de un rosal florido\u00bb. <\/p>\n\n\n\n<p>Por un lado, Virginia volvi\u00f3 por unos d\u00edas desde C\u00f3rdoba. Por su parte, Jonatan hac\u00eda un a\u00f1o que no viajaba tras emigrar a Pa\u00edses Bajos a desarrollar su carrera musical. El tiempo de sus viajes los encontr\u00f3 en Mercedes y la m\u00fasica entre ensayos y amigos los uni\u00f3 para un concierto \u00fanico.<\/p>\n\n\n\n<p>Un encuentro musical que tendr\u00e1 como repertorio algo del romancero espa\u00f1ol antiguo, coplas y temas de Carlos Gardel con los que trabaja Alvarado en su labor diaria en el exteriori. El recital contar\u00e1 tambi\u00e9n con la participaci\u00f3n del guitarrista Germ\u00e1n Lettieri, quien brindar\u00e1 su talento en el acompa\u00f1amiento, y la presencia especial de la cantante Mili Vallejos en uno de los temas.<\/p>\n\n\n\n<p>La entrada al recital ser\u00e1 a contribuci\u00f3n voluntaria. En el Museo de Arte Municipalidad de Mercedes (MAMM) el s\u00e1bado 20 de enero, 20 horas. <\/p>\n\n\n\n<figure class=\"wp-block-image size-large\"><img loading=\"lazy\" decoding=\"async\" width=\"1024\" height=\"1024\" data-attachment-id=\"172059\" data-permalink=\"https:\/\/www.hoymercedes.com.ar\/principal\/2024\/01\/18\/virginia-altube-y-jonatan-alvarado-vuelven-a-los-pagos-con-un-concierto-en-el-mamm\/img-20240118-wa0003\/#main\" data-orig-file=\"https:\/\/www.hoymercedes.com.ar\/principal\/wp-content\/uploads\/2024\/01\/IMG-20240118-WA0003.jpg\" data-orig-size=\"1600,1600\" data-comments-opened=\"0\" data-image-meta=\"{&quot;aperture&quot;:&quot;0&quot;,&quot;credit&quot;:&quot;&quot;,&quot;camera&quot;:&quot;&quot;,&quot;caption&quot;:&quot;&quot;,&quot;created_timestamp&quot;:&quot;0&quot;,&quot;copyright&quot;:&quot;&quot;,&quot;focal_length&quot;:&quot;0&quot;,&quot;iso&quot;:&quot;0&quot;,&quot;shutter_speed&quot;:&quot;0&quot;,&quot;title&quot;:&quot;&quot;,&quot;orientation&quot;:&quot;0&quot;}\" data-image-title=\"IMG-20240118-WA0003\" data-image-description=\"\" data-image-caption=\"\" data-large-file=\"https:\/\/www.hoymercedes.com.ar\/principal\/wp-content\/uploads\/2024\/01\/IMG-20240118-WA0003-1024x1024.jpg\" src=\"https:\/\/www.hoymercedes.com.ar\/principal\/wp-content\/uploads\/2024\/01\/IMG-20240118-WA0003-1024x1024.jpg\" alt=\"\" class=\"wp-image-172059\" srcset=\"https:\/\/www.hoymercedes.com.ar\/principal\/wp-content\/uploads\/2024\/01\/IMG-20240118-WA0003-1024x1024.jpg 1024w, https:\/\/www.hoymercedes.com.ar\/principal\/wp-content\/uploads\/2024\/01\/IMG-20240118-WA0003-620x620.jpg 620w, https:\/\/www.hoymercedes.com.ar\/principal\/wp-content\/uploads\/2024\/01\/IMG-20240118-WA0003-150x150.jpg 150w, https:\/\/www.hoymercedes.com.ar\/principal\/wp-content\/uploads\/2024\/01\/IMG-20240118-WA0003-1536x1536.jpg 1536w, https:\/\/www.hoymercedes.com.ar\/principal\/wp-content\/uploads\/2024\/01\/IMG-20240118-WA0003.jpg 1600w\" sizes=\"auto, (max-width: 1024px) 100vw, 1024px\" \/><\/figure>\n","protected":false},"excerpt":{"rendered":"<p>Los m\u00fasicos mercedinos emigrados se presentar\u00e1n en Mercedes en un concierto que los re\u00fanen entre ellos y con sus respectivos &#8230; <a title=\"Virginia Altube y Jonatan Alvarado vuelven a los pagos con un concierto en el MAMM\" class=\"read-more\" href=\"https:\/\/www.hoymercedes.com.ar\/principal\/2024\/01\/18\/virginia-altube-y-jonatan-alvarado-vuelven-a-los-pagos-con-un-concierto-en-el-mamm\/\" aria-label=\"Leer m\u00e1s sobre Virginia Altube y Jonatan Alvarado vuelven a los pagos con un concierto en el MAMM\">Leer m\u00e1s<\/a><\/p>\n","protected":false},"author":1,"featured_media":172059,"comment_status":"closed","ping_status":"open","sticky":false,"template":"","format":"standard","meta":{"_monsterinsights_skip_tracking":false,"_monsterinsights_sitenote_active":false,"_monsterinsights_sitenote_note":"","_monsterinsights_sitenote_category":0,"jetpack_post_was_ever_published":false,"_jetpack_newsletter_access":"","_jetpack_dont_email_post_to_subs":false,"_jetpack_newsletter_tier_id":0,"_jetpack_memberships_contains_paywalled_content":false,"_jetpack_memberships_contains_paid_content":false,"footnotes":"","jetpack_publicize_message":"","jetpack_publicize_feature_enabled":true,"jetpack_social_post_already_shared":true,"jetpack_social_options":{"image_generator_settings":{"template":"highway","default_image_id":0,"font":"","enabled":false},"version":2},"_wpas_customize_per_network":false},"categories":[104],"tags":[7805],"class_list":["post-171994","post","type-post","status-publish","format-standard","has-post-thumbnail","hentry","category-cultura","tag-cultura","generate-columns","tablet-grid-50","mobile-grid-100","grid-parent","grid-50"],"jetpack_publicize_connections":[],"jetpack_featured_media_url":"https:\/\/www.hoymercedes.com.ar\/principal\/wp-content\/uploads\/2024\/01\/IMG-20240118-WA0003.jpg","wps_subtitle":"M\u00fasica en vivo","jetpack_sharing_enabled":true,"_links":{"self":[{"href":"https:\/\/www.hoymercedes.com.ar\/principal\/wp-json\/wp\/v2\/posts\/171994","targetHints":{"allow":["GET"]}}],"collection":[{"href":"https:\/\/www.hoymercedes.com.ar\/principal\/wp-json\/wp\/v2\/posts"}],"about":[{"href":"https:\/\/www.hoymercedes.com.ar\/principal\/wp-json\/wp\/v2\/types\/post"}],"author":[{"embeddable":true,"href":"https:\/\/www.hoymercedes.com.ar\/principal\/wp-json\/wp\/v2\/users\/1"}],"replies":[{"embeddable":true,"href":"https:\/\/www.hoymercedes.com.ar\/principal\/wp-json\/wp\/v2\/comments?post=171994"}],"version-history":[{"count":0,"href":"https:\/\/www.hoymercedes.com.ar\/principal\/wp-json\/wp\/v2\/posts\/171994\/revisions"}],"wp:featuredmedia":[{"embeddable":true,"href":"https:\/\/www.hoymercedes.com.ar\/principal\/wp-json\/wp\/v2\/media\/172059"}],"wp:attachment":[{"href":"https:\/\/www.hoymercedes.com.ar\/principal\/wp-json\/wp\/v2\/media?parent=171994"}],"wp:term":[{"taxonomy":"category","embeddable":true,"href":"https:\/\/www.hoymercedes.com.ar\/principal\/wp-json\/wp\/v2\/categories?post=171994"},{"taxonomy":"post_tag","embeddable":true,"href":"https:\/\/www.hoymercedes.com.ar\/principal\/wp-json\/wp\/v2\/tags?post=171994"}],"curies":[{"name":"wp","href":"https:\/\/api.w.org\/{rel}","templated":true}]}}