{"id":172008,"date":"2024-01-17T08:07:00","date_gmt":"2024-01-17T11:07:00","guid":{"rendered":"https:\/\/www.hoymercedes.com.ar\/principal\/?p=172008"},"modified":"2024-01-16T23:10:16","modified_gmt":"2024-01-17T02:10:16","slug":"club-social-y-deportivo-villa-marchi-de-giles-se-suma-a-la-liga-mercedina","status":"publish","type":"post","link":"https:\/\/www.hoymercedes.com.ar\/principal\/2024\/01\/17\/club-social-y-deportivo-villa-marchi-de-giles-se-suma-a-la-liga-mercedina\/","title":{"rendered":"Club Social y Deportivo Villa Marchi de Giles se suma a la Liga Mercedina"},"content":{"rendered":"\n<figure class=\"wp-block-image size-full is-resized\"><img loading=\"lazy\" decoding=\"async\" width=\"890\" height=\"433\" data-attachment-id=\"172009\" data-permalink=\"https:\/\/www.hoymercedes.com.ar\/principal\/2024\/01\/17\/club-social-y-deportivo-villa-marchi-de-giles-se-suma-a-la-liga-mercedina\/villamarchi-giles\/#main\" data-orig-file=\"https:\/\/www.hoymercedes.com.ar\/principal\/wp-content\/uploads\/2024\/01\/VillaMarchi-Giles.webp\" data-orig-size=\"890,433\" data-comments-opened=\"0\" data-image-meta=\"{&quot;aperture&quot;:&quot;0&quot;,&quot;credit&quot;:&quot;&quot;,&quot;camera&quot;:&quot;&quot;,&quot;caption&quot;:&quot;&quot;,&quot;created_timestamp&quot;:&quot;0&quot;,&quot;copyright&quot;:&quot;&quot;,&quot;focal_length&quot;:&quot;0&quot;,&quot;iso&quot;:&quot;0&quot;,&quot;shutter_speed&quot;:&quot;0&quot;,&quot;title&quot;:&quot;&quot;,&quot;orientation&quot;:&quot;0&quot;}\" data-image-title=\"VillaMarchi-Giles\" data-image-description=\"&lt;p&gt;Villa Marchi jugar\u00e1 en Liga Mercedina &lt;\/p&gt;\n\" data-image-caption=\"&lt;p&gt;Villa Marchi jugar\u00e1 en Liga Mercedina &lt;\/p&gt;\n\" data-large-file=\"https:\/\/www.hoymercedes.com.ar\/principal\/wp-content\/uploads\/2024\/01\/VillaMarchi-Giles.webp\" src=\"https:\/\/www.hoymercedes.com.ar\/principal\/wp-content\/uploads\/2024\/01\/VillaMarchi-Giles.webp\" alt=\"\" class=\"wp-image-172009\" style=\"width:960px;height:auto\" srcset=\"https:\/\/www.hoymercedes.com.ar\/principal\/wp-content\/uploads\/2024\/01\/VillaMarchi-Giles.webp 890w, https:\/\/www.hoymercedes.com.ar\/principal\/wp-content\/uploads\/2024\/01\/VillaMarchi-Giles-630x307.webp 630w, https:\/\/www.hoymercedes.com.ar\/principal\/wp-content\/uploads\/2024\/01\/VillaMarchi-Giles-150x73.webp 150w\" sizes=\"auto, (max-width: 890px) 100vw, 890px\" \/><\/figure>\n\n\n\n<p>El equipo de la vecina localidad de Giles se sumar\u00e1 a los que conforman el fixture de la Liga Mercedina de F\u00fatbol. El club social y deportivo Villa Manchi, se supo.<\/p>\n\n\n\n<p>Desde la vecina localidad informaron que \u201cparticipara del torneo de la liga Mercedina de Futbol. En una nota remitida por el consejo federal de futbol dependiente de la Asociaci\u00f3n del Futbol Argentino. El Consejo Federal luego de analizar la documentaci\u00f3n, aconsejo precariamente la participaci\u00f3n del Club Atl\u00e9tico Villa Manchi durante el a\u00f1o 2024\u201d, dijo InfoGilense.<\/p>\n\n\n\n<p>La acci\u00f3n es de gran importancia y da cuenta del crecimiento que est\u00e1 teniendo la Liga de nuestra ciudad.<\/p>\n","protected":false},"excerpt":{"rendered":"<p>El equipo de la vecina localidad de Giles se sumar\u00e1 a los que conforman el fixture de la Liga Mercedina &#8230; <a title=\"Club Social y Deportivo Villa Marchi de Giles se suma a la Liga Mercedina\" class=\"read-more\" href=\"https:\/\/www.hoymercedes.com.ar\/principal\/2024\/01\/17\/club-social-y-deportivo-villa-marchi-de-giles-se-suma-a-la-liga-mercedina\/\" aria-label=\"Leer m\u00e1s sobre Club Social y Deportivo Villa Marchi de Giles se suma a la Liga Mercedina\">Leer m\u00e1s<\/a><\/p>\n","protected":false},"author":1,"featured_media":172009,"comment_status":"closed","ping_status":"open","sticky":false,"template":"","format":"standard","meta":{"_monsterinsights_skip_tracking":false,"_monsterinsights_sitenote_active":false,"_monsterinsights_sitenote_note":"","_monsterinsights_sitenote_category":0,"jetpack_post_was_ever_published":false,"_jetpack_newsletter_access":"","_jetpack_dont_email_post_to_subs":false,"_jetpack_newsletter_tier_id":0,"_jetpack_memberships_contains_paywalled_content":false,"_jetpack_memberships_contains_paid_content":false,"footnotes":"","jetpack_publicize_message":"","jetpack_publicize_feature_enabled":true,"jetpack_social_post_already_shared":true,"jetpack_social_options":{"image_generator_settings":{"template":"highway","default_image_id":0,"font":"","enabled":false},"version":2},"_wpas_customize_per_network":false},"categories":[21],"tags":[19054,19055,1901,19053],"class_list":["post-172008","post","type-post","status-publish","format-standard","has-post-thumbnail","hentry","category-deportes","tag-esteban-marcelo-mercedes","tag-futbol-en-mercedes","tag-liga-mercedina","tag-villa-manchi-giles","generate-columns","tablet-grid-50","mobile-grid-100","grid-parent","grid-50"],"jetpack_publicize_connections":[],"jetpack_featured_media_url":"https:\/\/www.hoymercedes.com.ar\/principal\/wp-content\/uploads\/2024\/01\/VillaMarchi-Giles.webp","wps_subtitle":"Deporte local","jetpack_sharing_enabled":true,"_links":{"self":[{"href":"https:\/\/www.hoymercedes.com.ar\/principal\/wp-json\/wp\/v2\/posts\/172008","targetHints":{"allow":["GET"]}}],"collection":[{"href":"https:\/\/www.hoymercedes.com.ar\/principal\/wp-json\/wp\/v2\/posts"}],"about":[{"href":"https:\/\/www.hoymercedes.com.ar\/principal\/wp-json\/wp\/v2\/types\/post"}],"author":[{"embeddable":true,"href":"https:\/\/www.hoymercedes.com.ar\/principal\/wp-json\/wp\/v2\/users\/1"}],"replies":[{"embeddable":true,"href":"https:\/\/www.hoymercedes.com.ar\/principal\/wp-json\/wp\/v2\/comments?post=172008"}],"version-history":[{"count":0,"href":"https:\/\/www.hoymercedes.com.ar\/principal\/wp-json\/wp\/v2\/posts\/172008\/revisions"}],"wp:featuredmedia":[{"embeddable":true,"href":"https:\/\/www.hoymercedes.com.ar\/principal\/wp-json\/wp\/v2\/media\/172009"}],"wp:attachment":[{"href":"https:\/\/www.hoymercedes.com.ar\/principal\/wp-json\/wp\/v2\/media?parent=172008"}],"wp:term":[{"taxonomy":"category","embeddable":true,"href":"https:\/\/www.hoymercedes.com.ar\/principal\/wp-json\/wp\/v2\/categories?post=172008"},{"taxonomy":"post_tag","embeddable":true,"href":"https:\/\/www.hoymercedes.com.ar\/principal\/wp-json\/wp\/v2\/tags?post=172008"}],"curies":[{"name":"wp","href":"https:\/\/api.w.org\/{rel}","templated":true}]}}