{"id":172044,"date":"2024-01-17T21:31:18","date_gmt":"2024-01-18T00:31:18","guid":{"rendered":"https:\/\/www.hoymercedes.com.ar\/principal\/?p=172044"},"modified":"2024-01-17T21:31:21","modified_gmt":"2024-01-18T00:31:21","slug":"nueva-asamblea-de-autoconvocados-mercedes","status":"publish","type":"post","link":"https:\/\/www.hoymercedes.com.ar\/principal\/2024\/01\/17\/nueva-asamblea-de-autoconvocados-mercedes\/","title":{"rendered":"Nueva asamblea de Autoconvocados Mercedes"},"content":{"rendered":"\n<figure class=\"wp-block-image size-large\"><img loading=\"lazy\" decoding=\"async\" width=\"1024\" height=\"768\" data-attachment-id=\"172045\" data-permalink=\"https:\/\/www.hoymercedes.com.ar\/principal\/2024\/01\/17\/nueva-asamblea-de-autoconvocados-mercedes\/asambleaautoconvocadosmercedes-17-01-2024\/#main\" data-orig-file=\"https:\/\/www.hoymercedes.com.ar\/principal\/wp-content\/uploads\/2024\/01\/AsambleaAutoconvocadosMercedes-17.01.2024.jpeg\" data-orig-size=\"1280,960\" data-comments-opened=\"0\" data-image-meta=\"{&quot;aperture&quot;:&quot;0&quot;,&quot;credit&quot;:&quot;&quot;,&quot;camera&quot;:&quot;&quot;,&quot;caption&quot;:&quot;&quot;,&quot;created_timestamp&quot;:&quot;0&quot;,&quot;copyright&quot;:&quot;&quot;,&quot;focal_length&quot;:&quot;0&quot;,&quot;iso&quot;:&quot;0&quot;,&quot;shutter_speed&quot;:&quot;0&quot;,&quot;title&quot;:&quot;&quot;,&quot;orientation&quot;:&quot;0&quot;}\" data-image-title=\"AsambleaAutoconvocadosMercedes-17.01.2024\" data-image-description=\"&lt;p&gt;Autoconvocados Mercedes&lt;\/p&gt;\n\" data-image-caption=\"&lt;p&gt;Autoconvocados Mercedes&lt;\/p&gt;\n\" data-large-file=\"https:\/\/www.hoymercedes.com.ar\/principal\/wp-content\/uploads\/2024\/01\/AsambleaAutoconvocadosMercedes-17.01.2024-1024x768.jpeg\" src=\"https:\/\/www.hoymercedes.com.ar\/principal\/wp-content\/uploads\/2024\/01\/AsambleaAutoconvocadosMercedes-17.01.2024-1024x768.jpeg\" alt=\"Autoconvocados Mercedes\" class=\"wp-image-172045\" srcset=\"https:\/\/www.hoymercedes.com.ar\/principal\/wp-content\/uploads\/2024\/01\/AsambleaAutoconvocadosMercedes-17.01.2024-1024x768.jpeg 1024w, https:\/\/www.hoymercedes.com.ar\/principal\/wp-content\/uploads\/2024\/01\/AsambleaAutoconvocadosMercedes-17.01.2024-630x473.jpeg 630w, https:\/\/www.hoymercedes.com.ar\/principal\/wp-content\/uploads\/2024\/01\/AsambleaAutoconvocadosMercedes-17.01.2024-150x113.jpeg 150w, https:\/\/www.hoymercedes.com.ar\/principal\/wp-content\/uploads\/2024\/01\/AsambleaAutoconvocadosMercedes-17.01.2024.jpeg 1280w\" sizes=\"auto, (max-width: 1024px) 100vw, 1024px\" \/><figcaption class=\"wp-element-caption\">Autoconvocados Mercedes<\/figcaption><\/figure>\n\n\n\n<p>En Plaza San Mart\u00edn volvieron a reunirse un no menor grupo de vecinos y vecinas que debaten y ponen en evidencia el ajuste y las intervenciones que el gobierno nacional de Javier Milei y los ministro de Juntos buscan implementar.<\/p>\n\n\n\n<p>Una vez m\u00e1s se debati\u00f3 el alcanza del DNU y la Ley \u00d3mnibus que impulsa, con su impacto en el \u00e1mbito laboral con apoyo absoluto al gran empresariado y eliminaci\u00f3n de derechos, con los tarifazos que ser\u00e1n del 300% al 700%, el golpe con suban en transporte, nafta y especialmente en los alimentos con la desregulaci\u00f3n total de la econom\u00eda que s\u00f3lo&nbsp; apoya a los monopolios econ\u00f3micos.<\/p>\n\n\n\n<p>La Asamblea se volver\u00e1 a reunir el pr\u00f3ximo mi\u00e9rcoles en Plaza San Mart\u00edn a las 20hs.<\/p>\n","protected":false},"excerpt":{"rendered":"<p>En Plaza San Mart\u00edn volvieron a reunirse un no menor grupo de vecinos y vecinas que debaten y ponen en &#8230; <a title=\"Nueva asamblea de Autoconvocados Mercedes\" class=\"read-more\" href=\"https:\/\/www.hoymercedes.com.ar\/principal\/2024\/01\/17\/nueva-asamblea-de-autoconvocados-mercedes\/\" aria-label=\"Leer m\u00e1s sobre Nueva asamblea de Autoconvocados Mercedes\">Leer m\u00e1s<\/a><\/p>\n","protected":false},"author":1,"featured_media":172045,"comment_status":"closed","ping_status":"open","sticky":false,"template":"","format":"standard","meta":{"_monsterinsights_skip_tracking":false,"_monsterinsights_sitenote_active":false,"_monsterinsights_sitenote_note":"","_monsterinsights_sitenote_category":0,"jetpack_post_was_ever_published":false,"_jetpack_newsletter_access":"","_jetpack_dont_email_post_to_subs":false,"_jetpack_newsletter_tier_id":0,"_jetpack_memberships_contains_paywalled_content":false,"_jetpack_memberships_contains_paid_content":false,"footnotes":"","jetpack_publicize_message":"","jetpack_publicize_feature_enabled":true,"jetpack_social_post_already_shared":true,"jetpack_social_options":{"image_generator_settings":{"template":"highway","default_image_id":0,"font":"","enabled":false},"version":2},"_wpas_customize_per_network":false},"categories":[8],"tags":[18858],"class_list":["post-172044","post","type-post","status-publish","format-standard","has-post-thumbnail","hentry","category-sociedad","tag-milei","generate-columns","tablet-grid-50","mobile-grid-100","grid-parent","grid-50"],"jetpack_publicize_connections":[],"jetpack_featured_media_url":"https:\/\/www.hoymercedes.com.ar\/principal\/wp-content\/uploads\/2024\/01\/AsambleaAutoconvocadosMercedes-17.01.2024.jpeg","wps_subtitle":"Debate p\u00fablico","jetpack_sharing_enabled":true,"_links":{"self":[{"href":"https:\/\/www.hoymercedes.com.ar\/principal\/wp-json\/wp\/v2\/posts\/172044","targetHints":{"allow":["GET"]}}],"collection":[{"href":"https:\/\/www.hoymercedes.com.ar\/principal\/wp-json\/wp\/v2\/posts"}],"about":[{"href":"https:\/\/www.hoymercedes.com.ar\/principal\/wp-json\/wp\/v2\/types\/post"}],"author":[{"embeddable":true,"href":"https:\/\/www.hoymercedes.com.ar\/principal\/wp-json\/wp\/v2\/users\/1"}],"replies":[{"embeddable":true,"href":"https:\/\/www.hoymercedes.com.ar\/principal\/wp-json\/wp\/v2\/comments?post=172044"}],"version-history":[{"count":0,"href":"https:\/\/www.hoymercedes.com.ar\/principal\/wp-json\/wp\/v2\/posts\/172044\/revisions"}],"wp:featuredmedia":[{"embeddable":true,"href":"https:\/\/www.hoymercedes.com.ar\/principal\/wp-json\/wp\/v2\/media\/172045"}],"wp:attachment":[{"href":"https:\/\/www.hoymercedes.com.ar\/principal\/wp-json\/wp\/v2\/media?parent=172044"}],"wp:term":[{"taxonomy":"category","embeddable":true,"href":"https:\/\/www.hoymercedes.com.ar\/principal\/wp-json\/wp\/v2\/categories?post=172044"},{"taxonomy":"post_tag","embeddable":true,"href":"https:\/\/www.hoymercedes.com.ar\/principal\/wp-json\/wp\/v2\/tags?post=172044"}],"curies":[{"name":"wp","href":"https:\/\/api.w.org\/{rel}","templated":true}]}}