{"id":172090,"date":"2024-01-19T07:44:08","date_gmt":"2024-01-19T10:44:08","guid":{"rendered":"https:\/\/www.hoymercedes.com.ar\/principal\/?p=172090"},"modified":"2024-01-19T07:44:11","modified_gmt":"2024-01-19T10:44:11","slug":"ruta-5-choque-y-vuelco-en-la-madrugada-del-viernes","status":"publish","type":"post","link":"https:\/\/www.hoymercedes.com.ar\/principal\/2024\/01\/19\/ruta-5-choque-y-vuelco-en-la-madrugada-del-viernes\/","title":{"rendered":"Ruta 5: choque y vuelco en la madrugada del viernes"},"content":{"rendered":"\n<p>En las primeras horas del viernes 19 de enero, se alertaba a Bomberos Voluntarios de Suipacha a ra\u00edz de una colisi\u00f3n vehicular sobre el trazado de la ruta 5. El siniestro ocurri\u00f3 a la altura del kil\u00f3metro 133,900. <\/p>\n\n\n<div class=\"wp-block-image\">\n<figure class=\"aligncenter size-full\"><img loading=\"lazy\" decoding=\"async\" width=\"800\" height=\"533\" data-attachment-id=\"172092\" data-permalink=\"https:\/\/www.hoymercedes.com.ar\/principal\/2024\/01\/19\/ruta-5-choque-y-vuelco-en-la-madrugada-del-viernes\/fb_img_1705660777365_copy_800x533\/#main\" data-orig-file=\"https:\/\/www.hoymercedes.com.ar\/principal\/wp-content\/uploads\/2024\/01\/FB_IMG_1705660777365_copy_800x533.jpg\" data-orig-size=\"800,533\" data-comments-opened=\"0\" data-image-meta=\"{&quot;aperture&quot;:&quot;0&quot;,&quot;credit&quot;:&quot;&quot;,&quot;camera&quot;:&quot;&quot;,&quot;caption&quot;:&quot;&quot;,&quot;created_timestamp&quot;:&quot;0&quot;,&quot;copyright&quot;:&quot;&quot;,&quot;focal_length&quot;:&quot;0&quot;,&quot;iso&quot;:&quot;0&quot;,&quot;shutter_speed&quot;:&quot;0&quot;,&quot;title&quot;:&quot;&quot;,&quot;orientation&quot;:&quot;0&quot;}\" data-image-title=\"FB_IMG_1705660777365_copy_800x533\" data-image-description=\"\" data-image-caption=\"\" data-large-file=\"https:\/\/www.hoymercedes.com.ar\/principal\/wp-content\/uploads\/2024\/01\/FB_IMG_1705660777365_copy_800x533.jpg\" src=\"https:\/\/www.hoymercedes.com.ar\/principal\/wp-content\/uploads\/2024\/01\/FB_IMG_1705660777365_copy_800x533.jpg\" alt=\"\" class=\"wp-image-172092\" srcset=\"https:\/\/www.hoymercedes.com.ar\/principal\/wp-content\/uploads\/2024\/01\/FB_IMG_1705660777365_copy_800x533.jpg 800w, https:\/\/www.hoymercedes.com.ar\/principal\/wp-content\/uploads\/2024\/01\/FB_IMG_1705660777365_copy_800x533-630x420.jpg 630w, https:\/\/www.hoymercedes.com.ar\/principal\/wp-content\/uploads\/2024\/01\/FB_IMG_1705660777365_copy_800x533-150x100.jpg 150w, https:\/\/www.hoymercedes.com.ar\/principal\/wp-content\/uploads\/2024\/01\/FB_IMG_1705660777365_copy_800x533-700x465.jpg 700w\" sizes=\"auto, (max-width: 800px) 100vw, 800px\" \/><\/figure>\n<\/div>\n\n\n<p>Un autom\u00f3vil Renault Sandero , color gris , dominio AF652HL, que circulaba en sentido Chivilcoy-Suipacha, conducido por Maximiliano Cesar Macchi , de 34 a\u00f1os,domiciliado en Pehuaj\u00f3, quien al intentar una maniobra de adelantamiento y percibir que se aproximaba tr\u00e1nsito en sentido contrario se direcciona hacia la banquina contraria ,donde pierde el control del veh\u00edculo impactando con la parte delantera derecha contra la parte trasera derecha de una Renault Kangoo, color gris , dominio AC518WF, conducida por Francisco Manuel Bassi , de 71 a\u00f1os , domiciliado en Pilar quien circulaba en sentido opuesto, es decir desde Suipacha hacia Chivilcoy, que luego del impacto vuelca sobre el lateral izquierdo.<\/p>\n\n\n\n<p>Afortunadamente los conductores salieron de los veh\u00edculos por sus propios medios sin sufrir lesiones., asimismo fueron derivados al Hospital Municipal Esteban Iribarne a los fines de realizar los controles de rigor.<\/p>\n\n\n<div class=\"wp-block-image\">\n<figure class=\"aligncenter size-full is-resized\"><img loading=\"lazy\" decoding=\"async\" width=\"800\" height=\"535\" data-attachment-id=\"172091\" data-permalink=\"https:\/\/www.hoymercedes.com.ar\/principal\/2024\/01\/19\/ruta-5-choque-y-vuelco-en-la-madrugada-del-viernes\/fb_img_1705660773167_copy_800x535\/#main\" data-orig-file=\"https:\/\/www.hoymercedes.com.ar\/principal\/wp-content\/uploads\/2024\/01\/FB_IMG_1705660773167_copy_800x535.jpg\" data-orig-size=\"800,535\" data-comments-opened=\"0\" data-image-meta=\"{&quot;aperture&quot;:&quot;0&quot;,&quot;credit&quot;:&quot;&quot;,&quot;camera&quot;:&quot;&quot;,&quot;caption&quot;:&quot;&quot;,&quot;created_timestamp&quot;:&quot;0&quot;,&quot;copyright&quot;:&quot;&quot;,&quot;focal_length&quot;:&quot;0&quot;,&quot;iso&quot;:&quot;0&quot;,&quot;shutter_speed&quot;:&quot;0&quot;,&quot;title&quot;:&quot;&quot;,&quot;orientation&quot;:&quot;0&quot;}\" data-image-title=\"FB_IMG_1705660773167_copy_800x535\" data-image-description=\"\" data-image-caption=\"\" data-large-file=\"https:\/\/www.hoymercedes.com.ar\/principal\/wp-content\/uploads\/2024\/01\/FB_IMG_1705660773167_copy_800x535.jpg\" src=\"https:\/\/www.hoymercedes.com.ar\/principal\/wp-content\/uploads\/2024\/01\/FB_IMG_1705660773167_copy_800x535.jpg\" alt=\"\" class=\"wp-image-172091\" style=\"width:402px;height:auto\" srcset=\"https:\/\/www.hoymercedes.com.ar\/principal\/wp-content\/uploads\/2024\/01\/FB_IMG_1705660773167_copy_800x535.jpg 800w, https:\/\/www.hoymercedes.com.ar\/principal\/wp-content\/uploads\/2024\/01\/FB_IMG_1705660773167_copy_800x535-630x421.jpg 630w, https:\/\/www.hoymercedes.com.ar\/principal\/wp-content\/uploads\/2024\/01\/FB_IMG_1705660773167_copy_800x535-150x100.jpg 150w\" sizes=\"auto, (max-width: 800px) 100vw, 800px\" \/><\/figure>\n<\/div>\n\n\n<p>Macchi se dirig\u00eda desde Pehuaj\u00f3 hacia La Tablada a buscar a una familiar, en tanto el conductor de la Renault Kangoo lo hac\u00eda desde Pilar hacia Chivilcoy a buscar diarios que se imprimen en esta ciudad.<\/p>\n\n\n\n<p>Intervino Bomberos Voluntarios, ambulancias del Same, Polic\u00eda Comunal y Personal del CPR de Suipacha , personal del concesionario vial Corredores Viales de Mercedes y Polic\u00eda Vial Chivilcoy. El tr\u00e1nsito de la ruta 5 estuvo interrumpido durante las tareas de rescate y pericias.<\/p>\n\n\n\n<p>Colaboraci\u00f3n Jorge Lasala de Suipacha <\/p>\n\n\n\n<figure class=\"wp-block-image size-full\"><img loading=\"lazy\" decoding=\"async\" width=\"800\" height=\"533\" data-attachment-id=\"172093\" data-permalink=\"https:\/\/www.hoymercedes.com.ar\/principal\/2024\/01\/19\/ruta-5-choque-y-vuelco-en-la-madrugada-del-viernes\/fb_img_1705660786766_copy_800x533\/#main\" data-orig-file=\"https:\/\/www.hoymercedes.com.ar\/principal\/wp-content\/uploads\/2024\/01\/FB_IMG_1705660786766_copy_800x533.jpg\" data-orig-size=\"800,533\" data-comments-opened=\"0\" data-image-meta=\"{&quot;aperture&quot;:&quot;0&quot;,&quot;credit&quot;:&quot;&quot;,&quot;camera&quot;:&quot;&quot;,&quot;caption&quot;:&quot;&quot;,&quot;created_timestamp&quot;:&quot;0&quot;,&quot;copyright&quot;:&quot;&quot;,&quot;focal_length&quot;:&quot;0&quot;,&quot;iso&quot;:&quot;0&quot;,&quot;shutter_speed&quot;:&quot;0&quot;,&quot;title&quot;:&quot;&quot;,&quot;orientation&quot;:&quot;0&quot;}\" data-image-title=\"FB_IMG_1705660786766_copy_800x533\" data-image-description=\"\" data-image-caption=\"\" data-large-file=\"https:\/\/www.hoymercedes.com.ar\/principal\/wp-content\/uploads\/2024\/01\/FB_IMG_1705660786766_copy_800x533.jpg\" src=\"https:\/\/www.hoymercedes.com.ar\/principal\/wp-content\/uploads\/2024\/01\/FB_IMG_1705660786766_copy_800x533.jpg\" alt=\"\" class=\"wp-image-172093\" srcset=\"https:\/\/www.hoymercedes.com.ar\/principal\/wp-content\/uploads\/2024\/01\/FB_IMG_1705660786766_copy_800x533.jpg 800w, https:\/\/www.hoymercedes.com.ar\/principal\/wp-content\/uploads\/2024\/01\/FB_IMG_1705660786766_copy_800x533-630x420.jpg 630w, https:\/\/www.hoymercedes.com.ar\/principal\/wp-content\/uploads\/2024\/01\/FB_IMG_1705660786766_copy_800x533-150x100.jpg 150w, https:\/\/www.hoymercedes.com.ar\/principal\/wp-content\/uploads\/2024\/01\/FB_IMG_1705660786766_copy_800x533-700x465.jpg 700w\" sizes=\"auto, (max-width: 800px) 100vw, 800px\" \/><\/figure>\n","protected":false},"excerpt":{"rendered":"<p>En las primeras horas del viernes 19 de enero, se alertaba a Bomberos Voluntarios de Suipacha a ra\u00edz de una &#8230; <a title=\"Ruta 5: choque y vuelco en la madrugada del viernes\" class=\"read-more\" href=\"https:\/\/www.hoymercedes.com.ar\/principal\/2024\/01\/19\/ruta-5-choque-y-vuelco-en-la-madrugada-del-viernes\/\" aria-label=\"Leer m\u00e1s sobre Ruta 5: choque y vuelco en la madrugada del viernes\">Leer m\u00e1s<\/a><\/p>\n","protected":false},"author":1,"featured_media":172093,"comment_status":"closed","ping_status":"open","sticky":false,"template":"","format":"standard","meta":{"_monsterinsights_skip_tracking":false,"_monsterinsights_sitenote_active":false,"_monsterinsights_sitenote_note":"","_monsterinsights_sitenote_category":0,"jetpack_post_was_ever_published":false,"_jetpack_newsletter_access":"","_jetpack_dont_email_post_to_subs":false,"_jetpack_newsletter_tier_id":0,"_jetpack_memberships_contains_paywalled_content":false,"_jetpack_memberships_contains_paid_content":false,"footnotes":"","jetpack_publicize_message":"","jetpack_publicize_feature_enabled":true,"jetpack_social_post_already_shared":true,"jetpack_social_options":{"image_generator_settings":{"template":"highway","default_image_id":0,"font":"","enabled":false},"version":2},"_wpas_customize_per_network":false},"categories":[8],"tags":[],"class_list":["post-172090","post","type-post","status-publish","format-standard","has-post-thumbnail","hentry","category-sociedad","generate-columns","tablet-grid-50","mobile-grid-100","grid-parent","grid-50"],"jetpack_publicize_connections":[],"jetpack_featured_media_url":"https:\/\/www.hoymercedes.com.ar\/principal\/wp-content\/uploads\/2024\/01\/FB_IMG_1705660786766_copy_800x533.jpg","wps_subtitle":"","jetpack_sharing_enabled":true,"_links":{"self":[{"href":"https:\/\/www.hoymercedes.com.ar\/principal\/wp-json\/wp\/v2\/posts\/172090","targetHints":{"allow":["GET"]}}],"collection":[{"href":"https:\/\/www.hoymercedes.com.ar\/principal\/wp-json\/wp\/v2\/posts"}],"about":[{"href":"https:\/\/www.hoymercedes.com.ar\/principal\/wp-json\/wp\/v2\/types\/post"}],"author":[{"embeddable":true,"href":"https:\/\/www.hoymercedes.com.ar\/principal\/wp-json\/wp\/v2\/users\/1"}],"replies":[{"embeddable":true,"href":"https:\/\/www.hoymercedes.com.ar\/principal\/wp-json\/wp\/v2\/comments?post=172090"}],"version-history":[{"count":0,"href":"https:\/\/www.hoymercedes.com.ar\/principal\/wp-json\/wp\/v2\/posts\/172090\/revisions"}],"wp:featuredmedia":[{"embeddable":true,"href":"https:\/\/www.hoymercedes.com.ar\/principal\/wp-json\/wp\/v2\/media\/172093"}],"wp:attachment":[{"href":"https:\/\/www.hoymercedes.com.ar\/principal\/wp-json\/wp\/v2\/media?parent=172090"}],"wp:term":[{"taxonomy":"category","embeddable":true,"href":"https:\/\/www.hoymercedes.com.ar\/principal\/wp-json\/wp\/v2\/categories?post=172090"},{"taxonomy":"post_tag","embeddable":true,"href":"https:\/\/www.hoymercedes.com.ar\/principal\/wp-json\/wp\/v2\/tags?post=172090"}],"curies":[{"name":"wp","href":"https:\/\/api.w.org\/{rel}","templated":true}]}}