{"id":172162,"date":"2024-01-23T22:28:33","date_gmt":"2024-01-24T01:28:33","guid":{"rendered":"https:\/\/www.hoymercedes.com.ar\/principal\/?p=172162"},"modified":"2024-01-23T22:28:38","modified_gmt":"2024-01-24T01:28:38","slug":"toyota-para-su-planta-y-mercedinos-seran-afectados","status":"publish","type":"post","link":"https:\/\/www.hoymercedes.com.ar\/principal\/2024\/01\/23\/toyota-para-su-planta-y-mercedinos-seran-afectados\/","title":{"rendered":"Toyota para su planta y mercedinos ser\u00e1n afectados"},"content":{"rendered":"\n<p>La planta de Toyota de Z\u00e1rate frenar\u00e1 su producci\u00f3n producto de la crisis surgida por las medidas lanzadas por el gobierno de Milei y los ministros de Juntos. Muchos mercedinos viajan cotidianamente a dicho espacio industrial y ver\u00e1n sus puestos de trabajo perjudicados. La medida ser\u00e1 desde el pr\u00f3ximo lunes. <\/p>\n\n\n\n<p>\u201cA poco m\u00e1s de un mes de la asunci\u00f3n de Milei, Toyota avisa que el lunes paralizar\u00e1 por completo su planta\u201d inform\u00f3 <strong>InfoGremiales.com<\/strong>, el sitio especializado en nuestro pa\u00eds en informaci\u00f3n laboral.<\/p>\n\n\n\n<p>La versi\u00f3n oficial es la falta de insumos, pero se teme lo peor, que se vengan suspensiones de turnos y achicamiento en ventar por la crisis que vive el pa\u00eds.<\/p>\n\n\n\n<p>InfoGremiales tambi\u00e9n coment\u00f3 que \u201cser\u00e1 el primer parate de producci\u00f3n de la planta de Toyota en la gesti\u00f3n de Javier Milei. Es por falta de piezas para integrar las unidades. Con el macrismo hubo en total 19 turnos de producci\u00f3n suspendidos. General Motors, Volkswagen, Renault y Nissan tomaron la decisi\u00f3n de prolongar la inactividad de sus plantas que hab\u00edan iniciado a fines de diciembre por vacaciones\u201d<\/p>\n\n\n\n<p>Adem\u00e1s coment\u00f3 que \u201cla suspensi\u00f3n de la jornada de producci\u00f3n recuerda a lo sucedido en la planta durante el macrismo. Seg\u00fan fuentes de la empresa japonesa en aquellos 4 a\u00f1os fueron en total 19 turnos de producci\u00f3n suspendidos por la crisis econ\u00f3mica\u201d<\/p>\n\n\n\n<p>La situaci\u00f3n es algo que afectar\u00e1 a meredinos y mercedinas que trabajan para la planta, tanto en el lugar, de manera directa, como indirecta.<\/p>\n","protected":false},"excerpt":{"rendered":"<p>La planta de Toyota de Z\u00e1rate frenar\u00e1 su producci\u00f3n producto de la crisis surgida por las medidas lanzadas por el &#8230; <a title=\"Toyota para su planta y mercedinos ser\u00e1n afectados\" class=\"read-more\" href=\"https:\/\/www.hoymercedes.com.ar\/principal\/2024\/01\/23\/toyota-para-su-planta-y-mercedinos-seran-afectados\/\" aria-label=\"Leer m\u00e1s sobre Toyota para su planta y mercedinos ser\u00e1n afectados\">Leer m\u00e1s<\/a><\/p>\n","protected":false},"author":1,"featured_media":172163,"comment_status":"closed","ping_status":"open","sticky":false,"template":"","format":"standard","meta":{"_monsterinsights_skip_tracking":false,"_monsterinsights_sitenote_active":false,"_monsterinsights_sitenote_note":"","_monsterinsights_sitenote_category":0,"jetpack_post_was_ever_published":false,"_jetpack_newsletter_access":"","_jetpack_dont_email_post_to_subs":false,"_jetpack_newsletter_tier_id":0,"_jetpack_memberships_contains_paywalled_content":false,"_jetpack_memberships_contains_paid_content":false,"footnotes":"","jetpack_publicize_message":"","jetpack_publicize_feature_enabled":true,"jetpack_social_post_already_shared":true,"jetpack_social_options":{"image_generator_settings":{"template":"highway","default_image_id":0,"font":"","enabled":false},"version":2},"_wpas_customize_per_network":false},"categories":[8],"tags":[19075,19073],"class_list":["post-172162","post","type-post","status-publish","format-standard","has-post-thumbnail","hentry","category-sociedad","tag-crisis-milei","tag-planta-toyota","generate-columns","tablet-grid-50","mobile-grid-100","grid-parent","grid-50"],"jetpack_publicize_connections":[],"jetpack_featured_media_url":"https:\/\/www.hoymercedes.com.ar\/principal\/wp-content\/uploads\/2024\/01\/PlantaToyota.webp","wps_subtitle":"Crisis ","jetpack_sharing_enabled":true,"_links":{"self":[{"href":"https:\/\/www.hoymercedes.com.ar\/principal\/wp-json\/wp\/v2\/posts\/172162","targetHints":{"allow":["GET"]}}],"collection":[{"href":"https:\/\/www.hoymercedes.com.ar\/principal\/wp-json\/wp\/v2\/posts"}],"about":[{"href":"https:\/\/www.hoymercedes.com.ar\/principal\/wp-json\/wp\/v2\/types\/post"}],"author":[{"embeddable":true,"href":"https:\/\/www.hoymercedes.com.ar\/principal\/wp-json\/wp\/v2\/users\/1"}],"replies":[{"embeddable":true,"href":"https:\/\/www.hoymercedes.com.ar\/principal\/wp-json\/wp\/v2\/comments?post=172162"}],"version-history":[{"count":0,"href":"https:\/\/www.hoymercedes.com.ar\/principal\/wp-json\/wp\/v2\/posts\/172162\/revisions"}],"wp:featuredmedia":[{"embeddable":true,"href":"https:\/\/www.hoymercedes.com.ar\/principal\/wp-json\/wp\/v2\/media\/172163"}],"wp:attachment":[{"href":"https:\/\/www.hoymercedes.com.ar\/principal\/wp-json\/wp\/v2\/media?parent=172162"}],"wp:term":[{"taxonomy":"category","embeddable":true,"href":"https:\/\/www.hoymercedes.com.ar\/principal\/wp-json\/wp\/v2\/categories?post=172162"},{"taxonomy":"post_tag","embeddable":true,"href":"https:\/\/www.hoymercedes.com.ar\/principal\/wp-json\/wp\/v2\/tags?post=172162"}],"curies":[{"name":"wp","href":"https:\/\/api.w.org\/{rel}","templated":true}]}}