{"id":172200,"date":"2024-01-25T07:41:00","date_gmt":"2024-01-25T10:41:00","guid":{"rendered":"https:\/\/www.hoymercedes.com.ar\/principal\/?p=172200"},"modified":"2024-01-25T07:55:12","modified_gmt":"2024-01-25T10:55:12","slug":"la-renovacion-de-la-plaza-de-la-estacion-esta-casi-terminada","status":"publish","type":"post","link":"https:\/\/www.hoymercedes.com.ar\/principal\/2024\/01\/25\/la-renovacion-de-la-plaza-de-la-estacion-esta-casi-terminada\/","title":{"rendered":"La renovaci\u00f3n de la plaza de la estaci\u00f3n est\u00e1 casi terminada"},"content":{"rendered":"\n<figure class=\"wp-block-image size-large\"><img loading=\"lazy\" decoding=\"async\" width=\"1024\" height=\"682\" data-attachment-id=\"172201\" data-permalink=\"https:\/\/www.hoymercedes.com.ar\/principal\/2024\/01\/25\/la-renovacion-de-la-plaza-de-la-estacion-esta-casi-terminada\/83-2\/#main\" data-orig-file=\"https:\/\/www.hoymercedes.com.ar\/principal\/wp-content\/uploads\/2024\/01\/83.jpg\" data-orig-size=\"1319,879\" data-comments-opened=\"0\" data-image-meta=\"{&quot;aperture&quot;:&quot;0&quot;,&quot;credit&quot;:&quot;seba_avila_1&quot;,&quot;camera&quot;:&quot;&quot;,&quot;caption&quot;:&quot;&quot;,&quot;created_timestamp&quot;:&quot;0&quot;,&quot;copyright&quot;:&quot;&quot;,&quot;focal_length&quot;:&quot;0&quot;,&quot;iso&quot;:&quot;0&quot;,&quot;shutter_speed&quot;:&quot;0&quot;,&quot;title&quot;:&quot;&quot;,&quot;orientation&quot;:&quot;0&quot;}\" data-image-title=\"Obras en Mercedes, Buenos Aires, intendente Ustarroz\" data-image-description=\"&lt;p&gt;Obras en Mercedes, Buenos Aires, intendente Ustarroz &lt;\/p&gt;\n\" data-image-caption=\"\" data-large-file=\"https:\/\/www.hoymercedes.com.ar\/principal\/wp-content\/uploads\/2024\/01\/83-1024x682.jpg\" src=\"https:\/\/www.hoymercedes.com.ar\/principal\/wp-content\/uploads\/2024\/01\/83-1024x682.jpg\" alt=\"\" class=\"wp-image-172201\" srcset=\"https:\/\/www.hoymercedes.com.ar\/principal\/wp-content\/uploads\/2024\/01\/83-1024x682.jpg 1024w, https:\/\/www.hoymercedes.com.ar\/principal\/wp-content\/uploads\/2024\/01\/83-630x420.jpg 630w, https:\/\/www.hoymercedes.com.ar\/principal\/wp-content\/uploads\/2024\/01\/83-150x100.jpg 150w, https:\/\/www.hoymercedes.com.ar\/principal\/wp-content\/uploads\/2024\/01\/83-700x465.jpg 700w, https:\/\/www.hoymercedes.com.ar\/principal\/wp-content\/uploads\/2024\/01\/83.jpg 1319w\" sizes=\"auto, (max-width: 1024px) 100vw, 1024px\" \/><\/figure>\n\n\n\n<p>La plaza de la estaci\u00f3n de trenes entra en su \u00faltima etapa de remodelaci\u00f3n, en un trabajo en conjunto entre el municipio y el gobierno provincial.<br><br>La recuperaci\u00f3n de espacios p\u00fablicos sigue adelante en la gesti\u00f3n del intendente Juan Ustarroz. En este caso la elegida hace meses fue la plaza de la estaci\u00f3n, quien entra en el \u00faltimo tramo de renovaci\u00f3n. \u201cEs una plaza ic\u00f3nica de la ciudad, que ha sabido estar abandonada en el pasado y hoy gracias al aporte del gobernador y el trabajo en conjunto con nuestro intendente la tenemos hermosa. Es un espacio que los mercedinos y mercedinas se merecen y estamos orgullosos del trabajo realizado\u201d, afirm\u00f3 la intendenta en funciones Mariana San Mart\u00edn.<\/p>\n\n\n\n<figure class=\"wp-block-image size-large\"><img loading=\"lazy\" decoding=\"async\" width=\"1024\" height=\"682\" data-attachment-id=\"172203\" data-permalink=\"https:\/\/www.hoymercedes.com.ar\/principal\/2024\/01\/25\/la-renovacion-de-la-plaza-de-la-estacion-esta-casi-terminada\/attachment\/84\/#main\" data-orig-file=\"https:\/\/www.hoymercedes.com.ar\/principal\/wp-content\/uploads\/2024\/01\/84.jpg\" data-orig-size=\"1319,879\" data-comments-opened=\"0\" data-image-meta=\"{&quot;aperture&quot;:&quot;0&quot;,&quot;credit&quot;:&quot;seba_avila_1&quot;,&quot;camera&quot;:&quot;&quot;,&quot;caption&quot;:&quot;&quot;,&quot;created_timestamp&quot;:&quot;0&quot;,&quot;copyright&quot;:&quot;&quot;,&quot;focal_length&quot;:&quot;0&quot;,&quot;iso&quot;:&quot;0&quot;,&quot;shutter_speed&quot;:&quot;0&quot;,&quot;title&quot;:&quot;&quot;,&quot;orientation&quot;:&quot;0&quot;}\" data-image-title=\"Obras en Mercedes, Buenos Aires, intendente Ustarroz\" data-image-description=\"&lt;p&gt;Obras en Mercedes, Buenos Aires, intendente Ustarroz &lt;\/p&gt;\n\" data-image-caption=\"&lt;p&gt;Obras en Mercedes, Buenos Aires, intendente Ustarroz &lt;\/p&gt;\n\" data-large-file=\"https:\/\/www.hoymercedes.com.ar\/principal\/wp-content\/uploads\/2024\/01\/84-1024x682.jpg\" src=\"https:\/\/www.hoymercedes.com.ar\/principal\/wp-content\/uploads\/2024\/01\/84-1024x682.jpg\" alt=\"\" class=\"wp-image-172203\" srcset=\"https:\/\/www.hoymercedes.com.ar\/principal\/wp-content\/uploads\/2024\/01\/84-1024x682.jpg 1024w, https:\/\/www.hoymercedes.com.ar\/principal\/wp-content\/uploads\/2024\/01\/84-630x420.jpg 630w, https:\/\/www.hoymercedes.com.ar\/principal\/wp-content\/uploads\/2024\/01\/84-150x100.jpg 150w, https:\/\/www.hoymercedes.com.ar\/principal\/wp-content\/uploads\/2024\/01\/84-700x465.jpg 700w, https:\/\/www.hoymercedes.com.ar\/principal\/wp-content\/uploads\/2024\/01\/84.jpg 1319w\" sizes=\"auto, (max-width: 1024px) 100vw, 1024px\" \/><\/figure>\n\n\n\n<p><br><br>Los trabajos de renovaci\u00f3n en la plaza son muy importantes y se fueron realizando en etapas. \u201cEs un trabajo que se dividi\u00f3 en dos etapas: lo que se ve a la derecha se hizo con fondos del Banco Provincia y nosotros como municipio aportamos en la construcci\u00f3n de la base de hormig\u00f3n para poder poner luego ese play\u00f3n blando. Tambi\u00e9n recibimos el aporte de plantas nativas que bordean ese sector, donadas por el Ministerio de Ambiente de Provincia\u201d, sostuvo el director de Espacios Verdes, Dar\u00edo Taramasco.<br><br>La segunda etapa de la remodelaci\u00f3n de la plaza se realiza con mano de obra municipal y de cooperativistas. Es un dise\u00f1o novedoso que le da una linda vista y que ahora est\u00e1 en la etapa final de pintura y colocaci\u00f3n de juegos.<br><\/p>\n","protected":false},"excerpt":{"rendered":"<p>La plaza de la estaci\u00f3n de trenes entra en su \u00faltima etapa de remodelaci\u00f3n, en un trabajo en conjunto entre &#8230; <a title=\"La renovaci\u00f3n de la plaza de la estaci\u00f3n est\u00e1 casi terminada\" class=\"read-more\" href=\"https:\/\/www.hoymercedes.com.ar\/principal\/2024\/01\/25\/la-renovacion-de-la-plaza-de-la-estacion-esta-casi-terminada\/\" aria-label=\"Leer m\u00e1s sobre La renovaci\u00f3n de la plaza de la estaci\u00f3n est\u00e1 casi terminada\">Leer m\u00e1s<\/a><\/p>\n","protected":false},"author":1,"featured_media":172203,"comment_status":"closed","ping_status":"open","sticky":false,"template":"","format":"standard","meta":{"_monsterinsights_skip_tracking":false,"_monsterinsights_sitenote_active":false,"_monsterinsights_sitenote_note":"","_monsterinsights_sitenote_category":0,"jetpack_post_was_ever_published":false,"_jetpack_newsletter_access":"","_jetpack_dont_email_post_to_subs":false,"_jetpack_newsletter_tier_id":0,"_jetpack_memberships_contains_paywalled_content":false,"_jetpack_memberships_contains_paid_content":false,"footnotes":"","jetpack_publicize_message":"","jetpack_publicize_feature_enabled":true,"jetpack_social_post_already_shared":false,"jetpack_social_options":{"image_generator_settings":{"template":"highway","default_image_id":0,"font":"","enabled":false},"version":2},"_wpas_customize_per_network":false},"categories":[8],"tags":[],"class_list":["post-172200","post","type-post","status-publish","format-standard","has-post-thumbnail","hentry","category-sociedad","generate-columns","tablet-grid-50","mobile-grid-100","grid-parent","grid-50"],"jetpack_publicize_connections":[],"jetpack_featured_media_url":"https:\/\/www.hoymercedes.com.ar\/principal\/wp-content\/uploads\/2024\/01\/84.jpg","wps_subtitle":"Obras en Mercedes","jetpack_sharing_enabled":true,"_links":{"self":[{"href":"https:\/\/www.hoymercedes.com.ar\/principal\/wp-json\/wp\/v2\/posts\/172200","targetHints":{"allow":["GET"]}}],"collection":[{"href":"https:\/\/www.hoymercedes.com.ar\/principal\/wp-json\/wp\/v2\/posts"}],"about":[{"href":"https:\/\/www.hoymercedes.com.ar\/principal\/wp-json\/wp\/v2\/types\/post"}],"author":[{"embeddable":true,"href":"https:\/\/www.hoymercedes.com.ar\/principal\/wp-json\/wp\/v2\/users\/1"}],"replies":[{"embeddable":true,"href":"https:\/\/www.hoymercedes.com.ar\/principal\/wp-json\/wp\/v2\/comments?post=172200"}],"version-history":[{"count":0,"href":"https:\/\/www.hoymercedes.com.ar\/principal\/wp-json\/wp\/v2\/posts\/172200\/revisions"}],"wp:featuredmedia":[{"embeddable":true,"href":"https:\/\/www.hoymercedes.com.ar\/principal\/wp-json\/wp\/v2\/media\/172203"}],"wp:attachment":[{"href":"https:\/\/www.hoymercedes.com.ar\/principal\/wp-json\/wp\/v2\/media?parent=172200"}],"wp:term":[{"taxonomy":"category","embeddable":true,"href":"https:\/\/www.hoymercedes.com.ar\/principal\/wp-json\/wp\/v2\/categories?post=172200"},{"taxonomy":"post_tag","embeddable":true,"href":"https:\/\/www.hoymercedes.com.ar\/principal\/wp-json\/wp\/v2\/tags?post=172200"}],"curies":[{"name":"wp","href":"https:\/\/api.w.org\/{rel}","templated":true}]}}