{"id":172230,"date":"2024-01-25T16:42:28","date_gmt":"2024-01-25T19:42:28","guid":{"rendered":"https:\/\/www.hoymercedes.com.ar\/principal\/?p=172230"},"modified":"2024-01-25T16:43:38","modified_gmt":"2024-01-25T19:43:38","slug":"auto-despista-en-la-ruta-5","status":"publish","type":"post","link":"https:\/\/www.hoymercedes.com.ar\/principal\/2024\/01\/25\/auto-despista-en-la-ruta-5\/","title":{"rendered":"Auto despista en la Ruta 5"},"content":{"rendered":"\n<p>En las primeras horas de la tarde de este jueves, se produjo el despiste de un autom\u00f3vil que circulaba por ruta 5 en jurisdicci\u00f3n del partido de Suipacha. El siniestro ocurri\u00f3 a la altura del kil\u00f3metro 134,700. <\/p>\n\n\n<div class=\"wp-block-image\">\n<figure class=\"aligncenter size-full is-resized\"><img loading=\"lazy\" decoding=\"async\" width=\"800\" height=\"533\" data-attachment-id=\"172231\" data-permalink=\"https:\/\/www.hoymercedes.com.ar\/principal\/2024\/01\/25\/auto-despista-en-la-ruta-5\/fb_img_1706211370203_copy_800x533\/#main\" data-orig-file=\"https:\/\/www.hoymercedes.com.ar\/principal\/wp-content\/uploads\/2024\/01\/FB_IMG_1706211370203_copy_800x533.jpg\" data-orig-size=\"800,533\" data-comments-opened=\"0\" data-image-meta=\"{&quot;aperture&quot;:&quot;0&quot;,&quot;credit&quot;:&quot;&quot;,&quot;camera&quot;:&quot;&quot;,&quot;caption&quot;:&quot;&quot;,&quot;created_timestamp&quot;:&quot;0&quot;,&quot;copyright&quot;:&quot;&quot;,&quot;focal_length&quot;:&quot;0&quot;,&quot;iso&quot;:&quot;0&quot;,&quot;shutter_speed&quot;:&quot;0&quot;,&quot;title&quot;:&quot;&quot;,&quot;orientation&quot;:&quot;0&quot;}\" data-image-title=\"FB_IMG_1706211370203_copy_800x533\" data-image-description=\"\" data-image-caption=\"\" data-large-file=\"https:\/\/www.hoymercedes.com.ar\/principal\/wp-content\/uploads\/2024\/01\/FB_IMG_1706211370203_copy_800x533.jpg\" src=\"https:\/\/www.hoymercedes.com.ar\/principal\/wp-content\/uploads\/2024\/01\/FB_IMG_1706211370203_copy_800x533.jpg\" alt=\"\" class=\"wp-image-172231\" style=\"width:409px;height:auto\" srcset=\"https:\/\/www.hoymercedes.com.ar\/principal\/wp-content\/uploads\/2024\/01\/FB_IMG_1706211370203_copy_800x533.jpg 800w, https:\/\/www.hoymercedes.com.ar\/principal\/wp-content\/uploads\/2024\/01\/FB_IMG_1706211370203_copy_800x533-630x420.jpg 630w, https:\/\/www.hoymercedes.com.ar\/principal\/wp-content\/uploads\/2024\/01\/FB_IMG_1706211370203_copy_800x533-150x100.jpg 150w, https:\/\/www.hoymercedes.com.ar\/principal\/wp-content\/uploads\/2024\/01\/FB_IMG_1706211370203_copy_800x533-700x465.jpg 700w\" sizes=\"auto, (max-width: 800px) 100vw, 800px\" \/><\/figure>\n<\/div>\n\n\n<p> Un autom\u00f3vil Toyota Corolla, color blanco, dominio AA426RY, que circulaba en sentido Chivilcoy-Suipacha, cuando por razones que se desconocen, se despist\u00f3. Su conductora pierde el control del rodado, que derrapa hacia la mano contraria atravesando la banquina y zona de pr\u00e9stamo donde luego de romper el alambrado perimetral del establecimiento El Pretexto, ingresa al campo finalizando a varios metros de la cinta asf\u00e1ltica.<\/p>\n\n\n\n<p>El veh\u00edculo era conducido por Ana Maria Samcini , de 67, quien viajaba acompa\u00f1ada por su madre Jorgelina Del Carmen Luna, de 94 a\u00f1os , ambas domiciliadas en la ciudad pampeana de General Pico , quienes se dirig\u00edan desde all\u00ed hacia la provincia de Entre Rios.<\/p>\n\n\n\n<p>Una ambulancia del Homei de Suipacha traslad\u00f3 a la acompa\u00f1ante hacia el Hospital Municipal Esteban Iribarne, con heridas que no ser\u00edan de gravedad, en tanto la conductora result\u00f3 ilesa.<\/p>\n\n\n\n<p>Intervino Polic\u00eda Comunal, Personal del CPR, Bomberos Voluntarios y Ambulancia del Homei de Suipacha , Polic\u00eda Vial Chivilcoy y personal del concesionario Vial Corredores Viales de Mercedes.<\/p>\n\n\n\n<p>Colaboracion Jorge Lasala de Suipacha <\/p>\n\n\n\n<figure class=\"wp-block-image size-full\"><img loading=\"lazy\" decoding=\"async\" width=\"800\" height=\"534\" data-attachment-id=\"172232\" data-permalink=\"https:\/\/www.hoymercedes.com.ar\/principal\/2024\/01\/25\/auto-despista-en-la-ruta-5\/fb_img_1706211373318_copy_800x534\/#main\" data-orig-file=\"https:\/\/www.hoymercedes.com.ar\/principal\/wp-content\/uploads\/2024\/01\/FB_IMG_1706211373318_copy_800x534.jpg\" data-orig-size=\"800,534\" data-comments-opened=\"0\" data-image-meta=\"{&quot;aperture&quot;:&quot;0&quot;,&quot;credit&quot;:&quot;&quot;,&quot;camera&quot;:&quot;&quot;,&quot;caption&quot;:&quot;&quot;,&quot;created_timestamp&quot;:&quot;0&quot;,&quot;copyright&quot;:&quot;&quot;,&quot;focal_length&quot;:&quot;0&quot;,&quot;iso&quot;:&quot;0&quot;,&quot;shutter_speed&quot;:&quot;0&quot;,&quot;title&quot;:&quot;&quot;,&quot;orientation&quot;:&quot;0&quot;}\" data-image-title=\"FB_IMG_1706211373318_copy_800x534\" data-image-description=\"\" data-image-caption=\"\" data-large-file=\"https:\/\/www.hoymercedes.com.ar\/principal\/wp-content\/uploads\/2024\/01\/FB_IMG_1706211373318_copy_800x534.jpg\" src=\"https:\/\/www.hoymercedes.com.ar\/principal\/wp-content\/uploads\/2024\/01\/FB_IMG_1706211373318_copy_800x534.jpg\" alt=\"\" class=\"wp-image-172232\" srcset=\"https:\/\/www.hoymercedes.com.ar\/principal\/wp-content\/uploads\/2024\/01\/FB_IMG_1706211373318_copy_800x534.jpg 800w, https:\/\/www.hoymercedes.com.ar\/principal\/wp-content\/uploads\/2024\/01\/FB_IMG_1706211373318_copy_800x534-630x421.jpg 630w, https:\/\/www.hoymercedes.com.ar\/principal\/wp-content\/uploads\/2024\/01\/FB_IMG_1706211373318_copy_800x534-150x100.jpg 150w\" sizes=\"auto, (max-width: 800px) 100vw, 800px\" \/><\/figure>\n","protected":false},"excerpt":{"rendered":"<p>En las primeras horas de la tarde de este jueves, se produjo el despiste de un autom\u00f3vil que circulaba por &#8230; <a title=\"Auto despista en la Ruta 5\" class=\"read-more\" href=\"https:\/\/www.hoymercedes.com.ar\/principal\/2024\/01\/25\/auto-despista-en-la-ruta-5\/\" aria-label=\"Leer m\u00e1s sobre Auto despista en la Ruta 5\">Leer m\u00e1s<\/a><\/p>\n","protected":false},"author":1,"featured_media":172232,"comment_status":"closed","ping_status":"open","sticky":false,"template":"","format":"standard","meta":{"_monsterinsights_skip_tracking":false,"_monsterinsights_sitenote_active":false,"_monsterinsights_sitenote_note":"","_monsterinsights_sitenote_category":0,"jetpack_post_was_ever_published":false,"_jetpack_newsletter_access":"","_jetpack_dont_email_post_to_subs":false,"_jetpack_newsletter_tier_id":0,"_jetpack_memberships_contains_paywalled_content":false,"_jetpack_memberships_contains_paid_content":false,"footnotes":"","jetpack_publicize_message":"","jetpack_publicize_feature_enabled":true,"jetpack_social_post_already_shared":true,"jetpack_social_options":{"image_generator_settings":{"template":"highway","default_image_id":0,"font":"","enabled":false},"version":2},"_wpas_customize_per_network":false},"categories":[8],"tags":[],"class_list":["post-172230","post","type-post","status-publish","format-standard","has-post-thumbnail","hentry","category-sociedad","generate-columns","tablet-grid-50","mobile-grid-100","grid-parent","grid-50"],"jetpack_publicize_connections":[],"jetpack_featured_media_url":"https:\/\/www.hoymercedes.com.ar\/principal\/wp-content\/uploads\/2024\/01\/FB_IMG_1706211373318_copy_800x534.jpg","wps_subtitle":"","jetpack_sharing_enabled":true,"_links":{"self":[{"href":"https:\/\/www.hoymercedes.com.ar\/principal\/wp-json\/wp\/v2\/posts\/172230","targetHints":{"allow":["GET"]}}],"collection":[{"href":"https:\/\/www.hoymercedes.com.ar\/principal\/wp-json\/wp\/v2\/posts"}],"about":[{"href":"https:\/\/www.hoymercedes.com.ar\/principal\/wp-json\/wp\/v2\/types\/post"}],"author":[{"embeddable":true,"href":"https:\/\/www.hoymercedes.com.ar\/principal\/wp-json\/wp\/v2\/users\/1"}],"replies":[{"embeddable":true,"href":"https:\/\/www.hoymercedes.com.ar\/principal\/wp-json\/wp\/v2\/comments?post=172230"}],"version-history":[{"count":0,"href":"https:\/\/www.hoymercedes.com.ar\/principal\/wp-json\/wp\/v2\/posts\/172230\/revisions"}],"wp:featuredmedia":[{"embeddable":true,"href":"https:\/\/www.hoymercedes.com.ar\/principal\/wp-json\/wp\/v2\/media\/172232"}],"wp:attachment":[{"href":"https:\/\/www.hoymercedes.com.ar\/principal\/wp-json\/wp\/v2\/media?parent=172230"}],"wp:term":[{"taxonomy":"category","embeddable":true,"href":"https:\/\/www.hoymercedes.com.ar\/principal\/wp-json\/wp\/v2\/categories?post=172230"},{"taxonomy":"post_tag","embeddable":true,"href":"https:\/\/www.hoymercedes.com.ar\/principal\/wp-json\/wp\/v2\/tags?post=172230"}],"curies":[{"name":"wp","href":"https:\/\/api.w.org\/{rel}","templated":true}]}}