{"id":172277,"date":"2024-01-27T21:38:32","date_gmt":"2024-01-28T00:38:32","guid":{"rendered":"https:\/\/www.hoymercedes.com.ar\/principal\/?p=172277"},"modified":"2024-01-27T21:38:34","modified_gmt":"2024-01-28T00:38:34","slug":"40-mil-pesos-seria-la-base-de-la-factura-de-gas-anuncian-medios-nacionales","status":"publish","type":"post","link":"https:\/\/www.hoymercedes.com.ar\/principal\/2024\/01\/27\/40-mil-pesos-seria-la-base-de-la-factura-de-gas-anuncian-medios-nacionales\/","title":{"rendered":"40 mil pesos ser\u00eda la base de la factura de gas anuncian medios nacionales"},"content":{"rendered":"\n<figure class=\"wp-block-image size-large\"><img loading=\"lazy\" decoding=\"async\" width=\"1024\" height=\"731\" data-attachment-id=\"172278\" data-permalink=\"https:\/\/www.hoymercedes.com.ar\/principal\/2024\/01\/27\/40-mil-pesos-seria-la-base-de-la-factura-de-gas-anuncian-medios-nacionales\/infobae\/#main\" data-orig-file=\"https:\/\/www.hoymercedes.com.ar\/principal\/wp-content\/uploads\/2024\/01\/Infobae.png\" data-orig-size=\"1047,747\" data-comments-opened=\"0\" data-image-meta=\"{&quot;aperture&quot;:&quot;0&quot;,&quot;credit&quot;:&quot;&quot;,&quot;camera&quot;:&quot;&quot;,&quot;caption&quot;:&quot;&quot;,&quot;created_timestamp&quot;:&quot;0&quot;,&quot;copyright&quot;:&quot;&quot;,&quot;focal_length&quot;:&quot;0&quot;,&quot;iso&quot;:&quot;0&quot;,&quot;shutter_speed&quot;:&quot;0&quot;,&quot;title&quot;:&quot;&quot;,&quot;orientation&quot;:&quot;0&quot;}\" data-image-title=\"Tarifazos de gas\" data-image-description=\"&lt;p&gt;Tarifazos de gas&lt;\/p&gt;\n\" data-image-caption=\"\" data-large-file=\"https:\/\/www.hoymercedes.com.ar\/principal\/wp-content\/uploads\/2024\/01\/Infobae-1024x731.png\" src=\"https:\/\/www.hoymercedes.com.ar\/principal\/wp-content\/uploads\/2024\/01\/Infobae-1024x731.png\" alt=\"Tarifazos de gas\" class=\"wp-image-172278\" srcset=\"https:\/\/www.hoymercedes.com.ar\/principal\/wp-content\/uploads\/2024\/01\/Infobae-1024x731.png 1024w, https:\/\/www.hoymercedes.com.ar\/principal\/wp-content\/uploads\/2024\/01\/Infobae-630x449.png 630w, https:\/\/www.hoymercedes.com.ar\/principal\/wp-content\/uploads\/2024\/01\/Infobae-150x107.png 150w, https:\/\/www.hoymercedes.com.ar\/principal\/wp-content\/uploads\/2024\/01\/Infobae-120x85.png 120w, https:\/\/www.hoymercedes.com.ar\/principal\/wp-content\/uploads\/2024\/01\/Infobae.png 1047w\" sizes=\"auto, (max-width: 1024px) 100vw, 1024px\" \/><\/figure>\n\n\n\n<p>En el caso del gas natural las familias mercedinas podr\u00edan tener un doble perjuicio: la eliminaci\u00f3n de la zona fr\u00eda que nos hace pagar menos y el tarifazo que se viene. Seg\u00fan <a href=\"https:\/\/www.infobae.com\/economia\/2024\/01\/24\/la-factura-de-gas-para-un-hogar-de-consumo-medio-podria-llegar-a-los-40000-mensuales-en-junio\/\" target=\"_blank\" rel=\"noopener\">Infobae<\/a>, entre otros medios, podr\u00eda tener base de 40 mil pesos las facturas.<\/p>\n\n\n\n<p>Las medidas de ajuste y libre mercado impuestas por el presidente Javier Milei y sus ministros de Juntos est\u00e1n llevando a unos aumentos sistem\u00e1ticos de los precios.<\/p>\n\n\n\n<p>Infobae expresa que \u201cdesde marzo la mayor\u00eda de los hogares adem\u00e1s sufrir\u00e1n un \u201ctriple impacto\u201d en sus tarifas producto de un mayor consumo por menores temperaturas, el efecto de la devaluaci\u00f3n y la indexaci\u00f3n mensual que anticip\u00f3 la Secretar\u00eda de Energ\u00eda en la \u00faltima audiencia p\u00fablica, por lo que podr\u00edan recibir boletas superiores a los 40.000 pesos y a partir del invierno el consumo suele dispararse\u201d<\/p>\n\n\n\n<p><em>Mercedes<\/em><\/p>\n\n\n\n<p>Nuestra ciudad de aplicarse la ley \u00f3mnibus y el DNU de MIlei y Juntos perder\u00e1 en doble v\u00eda. Por un lado se le quitar\u00e1 el beneficio de ser \u201czona fr\u00eda\u201d que le permite tener un descuento importante en las facturas. Por el otro, como todo el pa\u00eds, padecer\u00e1 un tarifazo enorme que golpear\u00e1 las econom\u00edas dom\u00e9sticas como pocas veces se vio.<\/p>\n","protected":false},"excerpt":{"rendered":"<p>En el caso del gas natural las familias mercedinas podr\u00edan tener un doble perjuicio: la eliminaci\u00f3n de la zona fr\u00eda &#8230; <a title=\"40 mil pesos ser\u00eda la base de la factura de gas anuncian medios nacionales\" class=\"read-more\" href=\"https:\/\/www.hoymercedes.com.ar\/principal\/2024\/01\/27\/40-mil-pesos-seria-la-base-de-la-factura-de-gas-anuncian-medios-nacionales\/\" aria-label=\"Leer m\u00e1s sobre 40 mil pesos ser\u00eda la base de la factura de gas anuncian medios nacionales\">Leer m\u00e1s<\/a><\/p>\n","protected":false},"author":1,"featured_media":172278,"comment_status":"closed","ping_status":"open","sticky":false,"template":"","format":"standard","meta":{"_monsterinsights_skip_tracking":false,"_monsterinsights_sitenote_active":false,"_monsterinsights_sitenote_note":"","_monsterinsights_sitenote_category":0,"jetpack_post_was_ever_published":false,"_jetpack_newsletter_access":"","_jetpack_dont_email_post_to_subs":false,"_jetpack_newsletter_tier_id":0,"_jetpack_memberships_contains_paywalled_content":false,"_jetpack_memberships_contains_paid_content":false,"footnotes":"","jetpack_publicize_message":"","jetpack_publicize_feature_enabled":true,"jetpack_social_post_already_shared":true,"jetpack_social_options":{"image_generator_settings":{"template":"highway","default_image_id":0,"font":"","enabled":false},"version":2},"_wpas_customize_per_network":false},"categories":[8],"tags":[5992,19093,19092],"class_list":["post-172277","post","type-post","status-publish","format-standard","has-post-thumbnail","hentry","category-sociedad","tag-aumento-de-gas","tag-aumento-de-gas-en-mercedes","tag-fin-de-zona-fria","generate-columns","tablet-grid-50","mobile-grid-100","grid-parent","grid-50"],"jetpack_publicize_connections":[],"jetpack_featured_media_url":"https:\/\/www.hoymercedes.com.ar\/principal\/wp-content\/uploads\/2024\/01\/Infobae.png","wps_subtitle":"Tarifazos","jetpack_sharing_enabled":true,"_links":{"self":[{"href":"https:\/\/www.hoymercedes.com.ar\/principal\/wp-json\/wp\/v2\/posts\/172277","targetHints":{"allow":["GET"]}}],"collection":[{"href":"https:\/\/www.hoymercedes.com.ar\/principal\/wp-json\/wp\/v2\/posts"}],"about":[{"href":"https:\/\/www.hoymercedes.com.ar\/principal\/wp-json\/wp\/v2\/types\/post"}],"author":[{"embeddable":true,"href":"https:\/\/www.hoymercedes.com.ar\/principal\/wp-json\/wp\/v2\/users\/1"}],"replies":[{"embeddable":true,"href":"https:\/\/www.hoymercedes.com.ar\/principal\/wp-json\/wp\/v2\/comments?post=172277"}],"version-history":[{"count":0,"href":"https:\/\/www.hoymercedes.com.ar\/principal\/wp-json\/wp\/v2\/posts\/172277\/revisions"}],"wp:featuredmedia":[{"embeddable":true,"href":"https:\/\/www.hoymercedes.com.ar\/principal\/wp-json\/wp\/v2\/media\/172278"}],"wp:attachment":[{"href":"https:\/\/www.hoymercedes.com.ar\/principal\/wp-json\/wp\/v2\/media?parent=172277"}],"wp:term":[{"taxonomy":"category","embeddable":true,"href":"https:\/\/www.hoymercedes.com.ar\/principal\/wp-json\/wp\/v2\/categories?post=172277"},{"taxonomy":"post_tag","embeddable":true,"href":"https:\/\/www.hoymercedes.com.ar\/principal\/wp-json\/wp\/v2\/tags?post=172277"}],"curies":[{"name":"wp","href":"https:\/\/api.w.org\/{rel}","templated":true}]}}