{"id":172333,"date":"2024-01-30T08:00:00","date_gmt":"2024-01-30T11:00:00","guid":{"rendered":"https:\/\/www.hoymercedes.com.ar\/principal\/?p=172333"},"modified":"2024-01-30T02:59:00","modified_gmt":"2024-01-30T05:59:00","slug":"san-martin-recibio-funcionarios-del-ministerio-de-infraestructura-y-servicios-publicos-provincial","status":"publish","type":"post","link":"https:\/\/www.hoymercedes.com.ar\/principal\/2024\/01\/30\/san-martin-recibio-funcionarios-del-ministerio-de-infraestructura-y-servicios-publicos-provincial\/","title":{"rendered":"San Mart\u00edn recibi\u00f3 funcionarios del Ministerio de Infraestructura y servicios p\u00fablicos provincial"},"content":{"rendered":"\n<figure class=\"wp-block-image size-large\"><img loading=\"lazy\" decoding=\"async\" width=\"1024\" height=\"682\" data-attachment-id=\"172334\" data-permalink=\"https:\/\/www.hoymercedes.com.ar\/principal\/2024\/01\/30\/san-martin-recibio-funcionarios-del-ministerio-de-infraestructura-y-servicios-publicos-provincial\/whatsapp-image-2024-01-28-at-19-13-471\/#main\" data-orig-file=\"https:\/\/www.hoymercedes.com.ar\/principal\/wp-content\/uploads\/2024\/01\/WhatsApp-Image-2024-01-28-at-19.13.471.jpeg\" data-orig-size=\"1319,879\" data-comments-opened=\"0\" data-image-meta=\"{&quot;aperture&quot;:&quot;0&quot;,&quot;credit&quot;:&quot;&quot;,&quot;camera&quot;:&quot;&quot;,&quot;caption&quot;:&quot;&quot;,&quot;created_timestamp&quot;:&quot;0&quot;,&quot;copyright&quot;:&quot;&quot;,&quot;focal_length&quot;:&quot;0&quot;,&quot;iso&quot;:&quot;0&quot;,&quot;shutter_speed&quot;:&quot;0&quot;,&quot;title&quot;:&quot;&quot;,&quot;orientation&quot;:&quot;0&quot;}\" data-image-title=\"Mariana San Mart\u00edn &amp;#8211;  Mercedes\" data-image-description=\"&lt;p&gt;Mariana San Mart\u00edn &amp;#8211;  Mercedes &lt;\/p&gt;\n\" data-image-caption=\"&lt;p&gt;Mariana San Mart\u00edn &amp;#8211;  Mercedes &lt;\/p&gt;\n\" data-large-file=\"https:\/\/www.hoymercedes.com.ar\/principal\/wp-content\/uploads\/2024\/01\/WhatsApp-Image-2024-01-28-at-19.13.471-1024x682.jpeg\" src=\"https:\/\/www.hoymercedes.com.ar\/principal\/wp-content\/uploads\/2024\/01\/WhatsApp-Image-2024-01-28-at-19.13.471-1024x682.jpeg\" alt=\"\" class=\"wp-image-172334\" srcset=\"https:\/\/www.hoymercedes.com.ar\/principal\/wp-content\/uploads\/2024\/01\/WhatsApp-Image-2024-01-28-at-19.13.471-1024x682.jpeg 1024w, https:\/\/www.hoymercedes.com.ar\/principal\/wp-content\/uploads\/2024\/01\/WhatsApp-Image-2024-01-28-at-19.13.471-630x420.jpeg 630w, https:\/\/www.hoymercedes.com.ar\/principal\/wp-content\/uploads\/2024\/01\/WhatsApp-Image-2024-01-28-at-19.13.471-150x100.jpeg 150w, https:\/\/www.hoymercedes.com.ar\/principal\/wp-content\/uploads\/2024\/01\/WhatsApp-Image-2024-01-28-at-19.13.471-700x465.jpeg 700w, https:\/\/www.hoymercedes.com.ar\/principal\/wp-content\/uploads\/2024\/01\/WhatsApp-Image-2024-01-28-at-19.13.471.jpeg 1319w\" sizes=\"auto, (max-width: 1024px) 100vw, 1024px\" \/><\/figure>\n\n\n\n<p>Mariana San Mart\u00edn recibi\u00f3 junto a los equipos de la Secretar\u00eda de Obras a integrantes del Ministerio de Infraestructura y servicios p\u00fablicos a cargo de Gabriel Katopodis. La reuni\u00f3n fue con miras a la planificaci\u00f3n del a\u00f1o que inicia y la continuidad de obras en conjunto con la provincia de Buenos Aires, tras la decisi\u00f3n del gobernador Kicillof de avanzar con las mejoras en infraestructura en las ciudades bonaerenses.<\/p>\n\n\n\n<p>\u201cEstamos muy agradecido al gobernador Kicillof, al ministro Katopodis, a los equipos t\u00e9cnicos de la Provincia por continuar no solo teniendo en agenda a Mercedes, sino visitarnos y hacer un trabajo territorial sumamente valioso, de cercan\u00eda y constatando la realidad de cada pueblo\u201d dijo Mariana San Mart\u00edn, intendenta Interina.<\/p>\n\n\n\n<p>Los equipos profesionales arribados desde La Plata estuvieron encabezados por Juan Pedro Passoni, mientras que de nuestra Comuna por la Secretaria de Gobierno, Clara Zunino, el Secretario de Obras, Emanuel P\u00e9rez Carrera y la Subsecretaria Mariana Bergerot.<\/p>\n\n\n\n<p>\u201cNos permiti\u00f3 articular, planificar, ver la realidad de cada obra, de la econom\u00eda, de las necesidades, de lo que est\u00e9n desarrollo y lo que podr\u00eda eventualmente venir\u201d cont\u00f3 P\u00e1rez Carrera y destac\u00f3 \u201cla predisposici\u00f3n y acompa\u00f1amiento constante de la Provincia, impulsando en Mercedes tambi\u00e9n las decisiones del gobernador\u201d manifest\u00f3.<\/p>\n\n\n\n<p>El encuentro, en el \u00e1mbito del Palacio Municipal, dur\u00f3 varias horas y gener\u00f3 un fluido intercambio entre funcionarios y t\u00e9cnicos.<\/p>\n","protected":false},"excerpt":{"rendered":"<p>Mariana San Mart\u00edn recibi\u00f3 junto a los equipos de la Secretar\u00eda de Obras a integrantes del Ministerio de Infraestructura y &#8230; <a title=\"San Mart\u00edn recibi\u00f3 funcionarios del Ministerio de Infraestructura y servicios p\u00fablicos provincial\" class=\"read-more\" href=\"https:\/\/www.hoymercedes.com.ar\/principal\/2024\/01\/30\/san-martin-recibio-funcionarios-del-ministerio-de-infraestructura-y-servicios-publicos-provincial\/\" aria-label=\"Leer m\u00e1s sobre San Mart\u00edn recibi\u00f3 funcionarios del Ministerio de Infraestructura y servicios p\u00fablicos provincial\">Leer m\u00e1s<\/a><\/p>\n","protected":false},"author":1,"featured_media":172334,"comment_status":"closed","ping_status":"open","sticky":false,"template":"","format":"standard","meta":{"_monsterinsights_skip_tracking":false,"_monsterinsights_sitenote_active":false,"_monsterinsights_sitenote_note":"","_monsterinsights_sitenote_category":0,"jetpack_post_was_ever_published":false,"_jetpack_newsletter_access":"","_jetpack_dont_email_post_to_subs":false,"_jetpack_newsletter_tier_id":0,"_jetpack_memberships_contains_paywalled_content":false,"_jetpack_memberships_contains_paid_content":false,"footnotes":"","jetpack_publicize_message":"","jetpack_publicize_feature_enabled":true,"jetpack_social_post_already_shared":true,"jetpack_social_options":{"image_generator_settings":{"template":"highway","default_image_id":0,"font":"","enabled":false},"version":2},"_wpas_customize_per_network":false},"categories":[8],"tags":[19106,19107,19105,14941],"class_list":["post-172333","post","type-post","status-publish","format-standard","has-post-thumbnail","hentry","category-sociedad","tag-calra-zunino-mercedes","tag-emanuel-perez-carreras-mercedes","tag-mariana-san-martin-mercedes","tag-obra-publica-mercedes-2","generate-columns","tablet-grid-50","mobile-grid-100","grid-parent","grid-50"],"jetpack_publicize_connections":[],"jetpack_featured_media_url":"https:\/\/www.hoymercedes.com.ar\/principal\/wp-content\/uploads\/2024\/01\/WhatsApp-Image-2024-01-28-at-19.13.471.jpeg","wps_subtitle":"Obra p\u00fablica ","jetpack_sharing_enabled":true,"_links":{"self":[{"href":"https:\/\/www.hoymercedes.com.ar\/principal\/wp-json\/wp\/v2\/posts\/172333","targetHints":{"allow":["GET"]}}],"collection":[{"href":"https:\/\/www.hoymercedes.com.ar\/principal\/wp-json\/wp\/v2\/posts"}],"about":[{"href":"https:\/\/www.hoymercedes.com.ar\/principal\/wp-json\/wp\/v2\/types\/post"}],"author":[{"embeddable":true,"href":"https:\/\/www.hoymercedes.com.ar\/principal\/wp-json\/wp\/v2\/users\/1"}],"replies":[{"embeddable":true,"href":"https:\/\/www.hoymercedes.com.ar\/principal\/wp-json\/wp\/v2\/comments?post=172333"}],"version-history":[{"count":0,"href":"https:\/\/www.hoymercedes.com.ar\/principal\/wp-json\/wp\/v2\/posts\/172333\/revisions"}],"wp:featuredmedia":[{"embeddable":true,"href":"https:\/\/www.hoymercedes.com.ar\/principal\/wp-json\/wp\/v2\/media\/172334"}],"wp:attachment":[{"href":"https:\/\/www.hoymercedes.com.ar\/principal\/wp-json\/wp\/v2\/media?parent=172333"}],"wp:term":[{"taxonomy":"category","embeddable":true,"href":"https:\/\/www.hoymercedes.com.ar\/principal\/wp-json\/wp\/v2\/categories?post=172333"},{"taxonomy":"post_tag","embeddable":true,"href":"https:\/\/www.hoymercedes.com.ar\/principal\/wp-json\/wp\/v2\/tags?post=172333"}],"curies":[{"name":"wp","href":"https:\/\/api.w.org\/{rel}","templated":true}]}}