{"id":172347,"date":"2024-01-30T21:02:38","date_gmt":"2024-01-31T00:02:38","guid":{"rendered":"https:\/\/www.hoymercedes.com.ar\/principal\/?p=172347"},"modified":"2024-01-30T21:02:40","modified_gmt":"2024-01-31T00:02:40","slug":"justicia-de-mercedes-dictamina-contra-el-dnu-de-milei-en-el-futbol","status":"publish","type":"post","link":"https:\/\/www.hoymercedes.com.ar\/principal\/2024\/01\/30\/justicia-de-mercedes-dictamina-contra-el-dnu-de-milei-en-el-futbol\/","title":{"rendered":"Justicia de Mercedes dictamina contra el DNU de Milei en el f\u00fatbol"},"content":{"rendered":"\n<figure class=\"wp-block-image size-large\"><img loading=\"lazy\" decoding=\"async\" width=\"1024\" height=\"766\" data-attachment-id=\"172349\" data-permalink=\"https:\/\/www.hoymercedes.com.ar\/principal\/2024\/01\/30\/justicia-de-mercedes-dictamina-contra-el-dnu-de-milei-en-el-futbol\/dnu-justiciademercedes-sociedadesanonimasfutbol\/#main\" data-orig-file=\"https:\/\/www.hoymercedes.com.ar\/principal\/wp-content\/uploads\/2024\/01\/DNU-JusticiadeMercedes-SociedadesAnonimasFutbol.jpeg\" data-orig-size=\"1079,807\" data-comments-opened=\"0\" data-image-meta=\"{&quot;aperture&quot;:&quot;0&quot;,&quot;credit&quot;:&quot;&quot;,&quot;camera&quot;:&quot;&quot;,&quot;caption&quot;:&quot;&quot;,&quot;created_timestamp&quot;:&quot;0&quot;,&quot;copyright&quot;:&quot;&quot;,&quot;focal_length&quot;:&quot;0&quot;,&quot;iso&quot;:&quot;0&quot;,&quot;shutter_speed&quot;:&quot;0&quot;,&quot;title&quot;:&quot;&quot;,&quot;orientation&quot;:&quot;0&quot;}\" data-image-title=\"DNU-JusticiadeMercedes-SociedadesAnonimasFutbol\" data-image-description=\"&lt;p&gt; juez Portocarrero Tezanos Pinto&lt;\/p&gt;\n\" data-image-caption=\"&lt;p&gt; juez Portocarrero Tezanos Pinto&lt;\/p&gt;\n\" data-large-file=\"https:\/\/www.hoymercedes.com.ar\/principal\/wp-content\/uploads\/2024\/01\/DNU-JusticiadeMercedes-SociedadesAnonimasFutbol-1024x766.jpeg\" src=\"https:\/\/www.hoymercedes.com.ar\/principal\/wp-content\/uploads\/2024\/01\/DNU-JusticiadeMercedes-SociedadesAnonimasFutbol-1024x766.jpeg\" alt=\"\" class=\"wp-image-172349\" srcset=\"https:\/\/www.hoymercedes.com.ar\/principal\/wp-content\/uploads\/2024\/01\/DNU-JusticiadeMercedes-SociedadesAnonimasFutbol-1024x766.jpeg 1024w, https:\/\/www.hoymercedes.com.ar\/principal\/wp-content\/uploads\/2024\/01\/DNU-JusticiadeMercedes-SociedadesAnonimasFutbol-630x471.jpeg 630w, https:\/\/www.hoymercedes.com.ar\/principal\/wp-content\/uploads\/2024\/01\/DNU-JusticiadeMercedes-SociedadesAnonimasFutbol-150x112.jpeg 150w, https:\/\/www.hoymercedes.com.ar\/principal\/wp-content\/uploads\/2024\/01\/DNU-JusticiadeMercedes-SociedadesAnonimasFutbol.jpeg 1079w\" sizes=\"auto, (max-width: 1024px) 100vw, 1024px\" \/><\/figure>\n\n\n\n<p>La Justicia Federal de Mercedes dictamin\u00f3 contra el apartado del DNU de Milei y Juntos que permit\u00eda privatizar los clubes y convertirlos en sociedades an\u00f3nimas. De esta manera dio lugar a un pedido a instancias de la Liga de F\u00fatbol de Salto. Adem\u00e1s, inst\u00f3 a no avanzar hasta tanto no se analice y trabaje las cuestiones de fondo.<\/p>\n\n\n\n<p>Medios nacionales afirmaron que La Libertad Avanza y Juntos, ambos interesados en la creaci\u00f3n de sociedades an\u00f3nimas en el f\u00fatbol, un viejo anhelo de Macri, ser\u00e1 un tema que buscar\u00e1n insistir, narr\u00f3 Infobae.<\/p>\n\n\n\n<p>La Justicia Federal de Mercedes dej\u00f3 sin efecto los dos art\u00edculos del DNU que autorizaban las Sociedades An\u00f3nimas Deportivas tras la solicitud de inconstitucionalidad realizado por una entidad civil, y le orden\u00f3 al Gobierno evitar avanzar con esa iniciativa hasta tanto haya una decisi\u00f3n de fondo.<\/p>\n\n\n\n<p>El Juez Federal de Mercedes Portocarrero Tezanos Pinto expres\u00f3 que tom\u00f3 la determinaci\u00f3n porque &nbsp;\u201cla entrada en vigencia de la normativa impugnada altera el estado de situaci\u00f3n de un colectivo de incidencia social como son las entidades deportivas, pues impide desarrollar su vida asociativa\u201d adem\u00e1s que \u201cen el caso no se halla comprometido inter\u00e9s p\u00fablico del Estado Nacional\u201d.<\/p>\n\n\n\n<p>Tambi\u00e9n afirm\u00f3 que \u201cdeduzco que la modificaci\u00f3n que se impulsa urge ser suspendida, pues resultar\u00eda irreparable el da\u00f1o ocasionado por el transcurso del tiempo desde el inicio de la presente acci\u00f3n y la sentencia definitiva, por lo tanto para asegurar la eficacia pr\u00e1ctica de la decisi\u00f3n final, puedo tener por acreditado los presupuestos de admisibilidad del remedio cautelar, sin perjuicio de lo que las pruebas puedan llegar a demostrar en el transcurso del proceso, a partir de la notificaci\u00f3n de la presente, y hasta el dictado de la sentencia definitiva\u201d sostuvo entre otras determinaciones.<\/p>\n","protected":false},"excerpt":{"rendered":"<p>La Justicia Federal de Mercedes dictamin\u00f3 contra el apartado del DNU de Milei y Juntos que permit\u00eda privatizar los clubes &#8230; <a title=\"Justicia de Mercedes dictamina contra el DNU de Milei en el f\u00fatbol\" class=\"read-more\" href=\"https:\/\/www.hoymercedes.com.ar\/principal\/2024\/01\/30\/justicia-de-mercedes-dictamina-contra-el-dnu-de-milei-en-el-futbol\/\" aria-label=\"Leer m\u00e1s sobre Justicia de Mercedes dictamina contra el DNU de Milei en el f\u00fatbol\">Leer m\u00e1s<\/a><\/p>\n","protected":false},"author":1,"featured_media":172349,"comment_status":"closed","ping_status":"open","sticky":false,"template":"","format":"standard","meta":{"_monsterinsights_skip_tracking":false,"_monsterinsights_sitenote_active":false,"_monsterinsights_sitenote_note":"","_monsterinsights_sitenote_category":0,"jetpack_post_was_ever_published":false,"_jetpack_newsletter_access":"","_jetpack_dont_email_post_to_subs":false,"_jetpack_newsletter_tier_id":0,"_jetpack_memberships_contains_paywalled_content":false,"_jetpack_memberships_contains_paid_content":false,"footnotes":"","jetpack_publicize_message":"","jetpack_publicize_feature_enabled":true,"jetpack_social_post_already_shared":true,"jetpack_social_options":{"image_generator_settings":{"template":"highway","default_image_id":0,"font":"","enabled":false},"version":2},"_wpas_customize_per_network":false},"categories":[8],"tags":[19108,19110,19109],"class_list":["post-172347","post","type-post","status-publish","format-standard","has-post-thumbnail","hentry","category-sociedad","tag-dnu-contra-el-futbol","tag-justicia-federal-mercedes","tag-sociedes-anonimas-futbol","generate-columns","tablet-grid-50","mobile-grid-100","grid-parent","grid-50"],"jetpack_publicize_connections":[],"jetpack_featured_media_url":"https:\/\/www.hoymercedes.com.ar\/principal\/wp-content\/uploads\/2024\/01\/DNU-JusticiadeMercedes-SociedadesAnonimasFutbol.jpeg","wps_subtitle":"Juez Federal Portocarrero Tezanos Pinto","jetpack_sharing_enabled":true,"_links":{"self":[{"href":"https:\/\/www.hoymercedes.com.ar\/principal\/wp-json\/wp\/v2\/posts\/172347","targetHints":{"allow":["GET"]}}],"collection":[{"href":"https:\/\/www.hoymercedes.com.ar\/principal\/wp-json\/wp\/v2\/posts"}],"about":[{"href":"https:\/\/www.hoymercedes.com.ar\/principal\/wp-json\/wp\/v2\/types\/post"}],"author":[{"embeddable":true,"href":"https:\/\/www.hoymercedes.com.ar\/principal\/wp-json\/wp\/v2\/users\/1"}],"replies":[{"embeddable":true,"href":"https:\/\/www.hoymercedes.com.ar\/principal\/wp-json\/wp\/v2\/comments?post=172347"}],"version-history":[{"count":0,"href":"https:\/\/www.hoymercedes.com.ar\/principal\/wp-json\/wp\/v2\/posts\/172347\/revisions"}],"wp:featuredmedia":[{"embeddable":true,"href":"https:\/\/www.hoymercedes.com.ar\/principal\/wp-json\/wp\/v2\/media\/172349"}],"wp:attachment":[{"href":"https:\/\/www.hoymercedes.com.ar\/principal\/wp-json\/wp\/v2\/media?parent=172347"}],"wp:term":[{"taxonomy":"category","embeddable":true,"href":"https:\/\/www.hoymercedes.com.ar\/principal\/wp-json\/wp\/v2\/categories?post=172347"},{"taxonomy":"post_tag","embeddable":true,"href":"https:\/\/www.hoymercedes.com.ar\/principal\/wp-json\/wp\/v2\/tags?post=172347"}],"curies":[{"name":"wp","href":"https:\/\/api.w.org\/{rel}","templated":true}]}}