{"id":17236,"date":"2012-10-24T23:55:36","date_gmt":"2012-10-24T23:55:36","guid":{"rendered":"http:\/\/www.hoymercedes.com.ar\/principal\/?p=17236"},"modified":"2012-10-24T23:55:51","modified_gmt":"2012-10-24T23:55:51","slug":"inta-nuevamente-visito-internos-de-la-unidad-n-5","status":"publish","type":"post","link":"https:\/\/www.hoymercedes.com.ar\/principal\/2012\/10\/24\/inta-nuevamente-visito-internos-de-la-unidad-n-5\/","title":{"rendered":"INTA nuevamente visit\u00f3 internos de la Unidad N\u00b0 5"},"content":{"rendered":"<p><a href=\"https:\/\/www.hoymercedes.com.ar\/principal\/wp-content\/uploads\/2012\/10\/Unidad5Inta.jpg\"><img loading=\"lazy\" decoding=\"async\" data-attachment-id=\"17238\" data-permalink=\"https:\/\/www.hoymercedes.com.ar\/principal\/2012\/10\/24\/inta-nuevamente-visito-internos-de-la-unidad-n-5\/olympus-digital-camera-11\/#main\" data-orig-file=\"https:\/\/www.hoymercedes.com.ar\/principal\/wp-content\/uploads\/2012\/10\/Unidad5Inta.jpg\" data-orig-size=\"616,462\" data-comments-opened=\"1\" data-image-meta=\"{&quot;aperture&quot;:&quot;3.5&quot;,&quot;credit&quot;:&quot;&quot;,&quot;camera&quot;:&quot;FE47,X43&quot;,&quot;caption&quot;:&quot;&quot;,&quot;created_timestamp&quot;:&quot;1350468981&quot;,&quot;copyright&quot;:&quot;&quot;,&quot;focal_length&quot;:&quot;6.3&quot;,&quot;iso&quot;:&quot;320&quot;,&quot;shutter_speed&quot;:&quot;0.033333333333333&quot;,&quot;title&quot;:&quot;OLYMPUS DIGITAL CAMERA&quot;}\" data-image-title=\"OLYMPUS DIGITAL CAMERA\" data-image-description=\"\" data-image-caption=\"\" data-large-file=\"https:\/\/www.hoymercedes.com.ar\/principal\/wp-content\/uploads\/2012\/10\/Unidad5Inta.jpg\" class=\"aligncenter size-full wp-image-17238\" title=\"OLYMPUS DIGITAL CAMERA\" src=\"https:\/\/www.hoymercedes.com.ar\/principal\/wp-content\/uploads\/2012\/10\/Unidad5Inta.jpg\" alt=\"\" width=\"616\" height=\"462\" \/><\/a><\/p>\n<p>El pasado martes, se acerc\u00f3 una vez m\u00e1s hasta la Unidad Penal N\u00ba 5 de la ciudad, el Ingeniero Arturo Bojorge, que pertenece al INTA y lo hace en el marco del Programa Pro Huerta por el cual se les entrega semillas de la presente estaci\u00f3n de siembra y les dict\u00f3 una nueva charla de capacitaci\u00f3n para los internos que se dedican a realizar la huerta.<\/p>\n<p>Esta vez se refiri\u00f3 al escurrimiento del agua, el lavado de la tierra constante que la misma hace, tanto por la abundancia de lluvias ca\u00eddas en el presente a\u00f1o, como el riego y la necesidad de abonar el suelo una o dos veces por a\u00f1o, ense\u00f1ando a realizarlo de manera org\u00e1nica a trav\u00e9s de residuos, por ejemplo restos de verduras que se utilizan en la cocina, yerba mate, entre otros elementos que destac\u00f3.<\/p>\n<p>Adem\u00e1s de la charla, entreg\u00f3 semillas y material informativo publicado por INTA, donde se especifica variedades de siembras, semillas, y estaciones para realizarlas, etc. Luego recorri\u00f3 la huerta del penal, ubicada alrededor del muro de contenci\u00f3n junto a personal de la Unidad encargado de la huerta y los internos que trabajan en ella.<\/p>\n<p>Los encuentros se vienen dando desde hace cuatro a\u00f1os, y se dan en el marco de un convenio que celebr\u00f3 el INTA, el Servicio Penitenciario Bonaerense y el Patronato de Liberados \u2013Oficina de Pre Egreso<\/p>\n","protected":false},"excerpt":{"rendered":"<p>El pasado martes, se acerc\u00f3 una vez m\u00e1s hasta la Unidad Penal N\u00ba 5 de la ciudad, el Ingeniero Arturo &#8230; <a title=\"INTA nuevamente visit\u00f3 internos de la Unidad N\u00b0 5\" class=\"read-more\" href=\"https:\/\/www.hoymercedes.com.ar\/principal\/2012\/10\/24\/inta-nuevamente-visito-internos-de-la-unidad-n-5\/\" aria-label=\"Leer m\u00e1s sobre INTA nuevamente visit\u00f3 internos de la Unidad N\u00b0 5\">Leer m\u00e1s<\/a><\/p>\n","protected":false},"author":1,"featured_media":0,"comment_status":"open","ping_status":"open","sticky":false,"template":"","format":"standard","meta":{"_monsterinsights_skip_tracking":false,"_monsterinsights_sitenote_active":false,"_monsterinsights_sitenote_note":"","_monsterinsights_sitenote_category":0,"jetpack_post_was_ever_published":false,"_jetpack_newsletter_access":"","_jetpack_dont_email_post_to_subs":false,"_jetpack_newsletter_tier_id":0,"_jetpack_memberships_contains_paywalled_content":false,"_jetpack_memberships_contains_paid_content":false,"footnotes":"","jetpack_publicize_message":"","jetpack_publicize_feature_enabled":true,"jetpack_social_post_already_shared":false,"jetpack_social_options":{"image_generator_settings":{"template":"highway","default_image_id":0,"font":"","enabled":false},"version":2},"_wpas_customize_per_network":false},"categories":[8],"tags":[1086,2885,113],"class_list":["post-17236","post","type-post","status-publish","format-standard","hentry","category-sociedad","tag-inta-mercedes","tag-inta-unidad-5","tag-unidad-5","generate-columns","tablet-grid-50","mobile-grid-100","grid-parent","grid-50"],"jetpack_publicize_connections":[],"jetpack_featured_media_url":"","wps_subtitle":"","jetpack_sharing_enabled":true,"_links":{"self":[{"href":"https:\/\/www.hoymercedes.com.ar\/principal\/wp-json\/wp\/v2\/posts\/17236","targetHints":{"allow":["GET"]}}],"collection":[{"href":"https:\/\/www.hoymercedes.com.ar\/principal\/wp-json\/wp\/v2\/posts"}],"about":[{"href":"https:\/\/www.hoymercedes.com.ar\/principal\/wp-json\/wp\/v2\/types\/post"}],"author":[{"embeddable":true,"href":"https:\/\/www.hoymercedes.com.ar\/principal\/wp-json\/wp\/v2\/users\/1"}],"replies":[{"embeddable":true,"href":"https:\/\/www.hoymercedes.com.ar\/principal\/wp-json\/wp\/v2\/comments?post=17236"}],"version-history":[{"count":0,"href":"https:\/\/www.hoymercedes.com.ar\/principal\/wp-json\/wp\/v2\/posts\/17236\/revisions"}],"wp:attachment":[{"href":"https:\/\/www.hoymercedes.com.ar\/principal\/wp-json\/wp\/v2\/media?parent=17236"}],"wp:term":[{"taxonomy":"category","embeddable":true,"href":"https:\/\/www.hoymercedes.com.ar\/principal\/wp-json\/wp\/v2\/categories?post=17236"},{"taxonomy":"post_tag","embeddable":true,"href":"https:\/\/www.hoymercedes.com.ar\/principal\/wp-json\/wp\/v2\/tags?post=17236"}],"curies":[{"name":"wp","href":"https:\/\/api.w.org\/{rel}","templated":true}]}}