{"id":172369,"date":"2024-01-31T07:04:00","date_gmt":"2024-01-31T10:04:00","guid":{"rendered":"https:\/\/www.hoymercedes.com.ar\/principal\/?p=172369"},"modified":"2024-01-31T00:07:17","modified_gmt":"2024-01-31T03:07:17","slug":"prendio-fuego-un-contenedor-y-fue-detenido","status":"publish","type":"post","link":"https:\/\/www.hoymercedes.com.ar\/principal\/2024\/01\/31\/prendio-fuego-un-contenedor-y-fue-detenido\/","title":{"rendered":"Prendi\u00f3 fuego un contenedor y fue detenido"},"content":{"rendered":"\n<figure class=\"wp-block-image size-full\"><img decoding=\"async\" src=\"https:\/\/www.hoymercedes.com.ar\/principal\/wp-content\/uploads\/2024\/01\/PrendioFuego.jpeg\" alt=\"\" class=\"wp-image-172370\"\/><\/figure>\n\n\n\n<p>Un hombre de 35 a\u00f1os de edad cometi\u00f3 un acto de vandalismo peligroso al <strong>prender fuego uno de los contenedores <\/strong>ubicados en el radio c\u00e9ntrico. El sujeto d<strong>omiciliado en nuestra localidad<\/strong> intent\u00f3 hacer el acto de destrucci\u00f3n de bien p\u00fablico en calle<strong> 27 entre 26 y 28 <\/strong>donde fue observado y detenido.<\/p>\n\n\n\n<p>No hay explicaci\u00f3n para el hecho, simplemente lo realiz\u00f3 y termin\u00f3 con una causa judicial a cargo de la U.F.I N\u00b05 de Mercedes.<\/p>\n","protected":false},"excerpt":{"rendered":"<p>Un hombre de 35 a\u00f1os de edad cometi\u00f3 un acto de vandalismo peligroso al prender fuego uno de los contenedores &#8230; <a title=\"Prendi\u00f3 fuego un contenedor y fue detenido\" class=\"read-more\" href=\"https:\/\/www.hoymercedes.com.ar\/principal\/2024\/01\/31\/prendio-fuego-un-contenedor-y-fue-detenido\/\" aria-label=\"Leer m\u00e1s sobre Prendi\u00f3 fuego un contenedor y fue detenido\">Leer m\u00e1s<\/a><\/p>\n","protected":false},"author":1,"featured_media":172371,"comment_status":"closed","ping_status":"open","sticky":false,"template":"","format":"standard","meta":{"_monsterinsights_skip_tracking":false,"_monsterinsights_sitenote_active":false,"_monsterinsights_sitenote_note":"","_monsterinsights_sitenote_category":0,"jetpack_post_was_ever_published":false,"_jetpack_newsletter_access":"","_jetpack_dont_email_post_to_subs":false,"_jetpack_newsletter_tier_id":0,"_jetpack_memberships_contains_paywalled_content":false,"_jetpack_memberships_contains_paid_content":false,"footnotes":"","jetpack_publicize_message":"","jetpack_publicize_feature_enabled":true,"jetpack_social_post_already_shared":true,"jetpack_social_options":{"image_generator_settings":{"template":"highway","default_image_id":0,"font":"","enabled":false},"version":2},"_wpas_customize_per_network":false},"categories":[85],"tags":[1752,19113],"class_list":["post-172369","post","type-post","status-publish","format-standard","has-post-thumbnail","hentry","category-policial","tag-policia-comunal-mercedes","tag-prendio-fuego-contenedor","generate-columns","tablet-grid-50","mobile-grid-100","grid-parent","grid-50"],"jetpack_publicize_connections":[],"jetpack_featured_media_url":"https:\/\/www.hoymercedes.com.ar\/principal\/wp-content\/uploads\/2024\/01\/PrendioFuego-1.jpeg","wps_subtitle":"Ins\u00f3lito","jetpack_sharing_enabled":true,"_links":{"self":[{"href":"https:\/\/www.hoymercedes.com.ar\/principal\/wp-json\/wp\/v2\/posts\/172369","targetHints":{"allow":["GET"]}}],"collection":[{"href":"https:\/\/www.hoymercedes.com.ar\/principal\/wp-json\/wp\/v2\/posts"}],"about":[{"href":"https:\/\/www.hoymercedes.com.ar\/principal\/wp-json\/wp\/v2\/types\/post"}],"author":[{"embeddable":true,"href":"https:\/\/www.hoymercedes.com.ar\/principal\/wp-json\/wp\/v2\/users\/1"}],"replies":[{"embeddable":true,"href":"https:\/\/www.hoymercedes.com.ar\/principal\/wp-json\/wp\/v2\/comments?post=172369"}],"version-history":[{"count":0,"href":"https:\/\/www.hoymercedes.com.ar\/principal\/wp-json\/wp\/v2\/posts\/172369\/revisions"}],"wp:featuredmedia":[{"embeddable":true,"href":"https:\/\/www.hoymercedes.com.ar\/principal\/wp-json\/wp\/v2\/media\/172371"}],"wp:attachment":[{"href":"https:\/\/www.hoymercedes.com.ar\/principal\/wp-json\/wp\/v2\/media?parent=172369"}],"wp:term":[{"taxonomy":"category","embeddable":true,"href":"https:\/\/www.hoymercedes.com.ar\/principal\/wp-json\/wp\/v2\/categories?post=172369"},{"taxonomy":"post_tag","embeddable":true,"href":"https:\/\/www.hoymercedes.com.ar\/principal\/wp-json\/wp\/v2\/tags?post=172369"}],"curies":[{"name":"wp","href":"https:\/\/api.w.org\/{rel}","templated":true}]}}