{"id":172431,"date":"2024-02-01T16:33:00","date_gmt":"2024-02-01T19:33:00","guid":{"rendered":"https:\/\/www.hoymercedes.com.ar\/principal\/?p=172431"},"modified":"2024-02-01T00:36:27","modified_gmt":"2024-02-01T03:36:27","slug":"bomberos-de-mercedes-tuvieron-619-salidas-en-2023","status":"publish","type":"post","link":"https:\/\/www.hoymercedes.com.ar\/principal\/2024\/02\/01\/bomberos-de-mercedes-tuvieron-619-salidas-en-2023\/","title":{"rendered":"Bomberos de Mercedes tuvieron 619 salidas en 2023"},"content":{"rendered":"\n<p>Los Bomberos Voluntarios de Mercedes tuvieron <strong>m\u00e1s de una salida diaria<\/strong>, promedio, en 2023. 333 fueron incendios, 70 auxilios, 90 salidas especiales, entre tantas otras intervenciones en beneficio y cuidado de la comunidad, dando lo mejor de ellos y ellas sin recibir nada a cambio.<\/p>\n\n\n\n<p>Los datos son contundentes y fueron expuestos por el Cuerpo de Bomberos de Mercedes.<\/p>\n\n\n\n<p>333 incendios, 70 auxilios, 90 salidas especiales, 7 colaboraciones, 1 guardia, 10 comandos, 59 intervenciones t\u00e9cnicas, 24 ceremoniales ante la comunidad, 25 acciones vinculadas a materiales peligrosos.<\/p>\n\n\n\n<p>Estas acciones se dieron en el 80 aniversario del Cuerpo que tiene un enorme costo operativo cotidiano, por eso es tan valioso el colaborar siendo socio o comprando la rifa anual.<\/p>\n\n\n\n<p>Desde el Cuartel narraron que <em>\u201cpr\u00f3ximamente les contaremos cu\u00e1nto cuesta para el cuartel cada salida. &nbsp;La sociedad recibe nuestros servicios de manera gratuita, pero el costo de cada salida es muy alto, agradecemos su colaboraci\u00f3n ya sea a trav\u00e9s de socios, compra de rifa, donaciones, etc\u201d<\/em><\/p>\n\n\n\n<p><strong>Hacete socio<\/strong><\/p>\n\n\n\n<p>Si quer\u00e9s asociarte, puedes llamar a los mismos tel\u00e9fonos de administraci\u00f3n 2324 427 300 \u00f3 +54 9 2324 585242, o&nbsp; rellenar el formulario que aparece en este enlace:&nbsp;<\/p>\n\n\n\n<p>forms.gle\/6kb98oc9SvyF9kmw9<\/p>\n\n\n\n<figure class=\"wp-block-image size-large\"><img loading=\"lazy\" decoding=\"async\" width=\"1024\" height=\"1024\" data-attachment-id=\"172432\" data-permalink=\"https:\/\/www.hoymercedes.com.ar\/principal\/2024\/02\/01\/bomberos-de-mercedes-tuvieron-619-salidas-en-2023\/bomeros-estadisticas-2023\/#main\" data-orig-file=\"https:\/\/www.hoymercedes.com.ar\/principal\/wp-content\/uploads\/2024\/02\/Bomeros-Estadisticas-2023.jpg\" data-orig-size=\"1080,1080\" data-comments-opened=\"0\" data-image-meta=\"{&quot;aperture&quot;:&quot;0&quot;,&quot;credit&quot;:&quot;&quot;,&quot;camera&quot;:&quot;&quot;,&quot;caption&quot;:&quot;&quot;,&quot;created_timestamp&quot;:&quot;0&quot;,&quot;copyright&quot;:&quot;&quot;,&quot;focal_length&quot;:&quot;0&quot;,&quot;iso&quot;:&quot;0&quot;,&quot;shutter_speed&quot;:&quot;0&quot;,&quot;title&quot;:&quot;&quot;,&quot;orientation&quot;:&quot;0&quot;}\" data-image-title=\"Bomeros-Estadisticas-2023\" data-image-description=\"&lt;p&gt;Bomberos Voluntarios Mercedes &lt;\/p&gt;\n\" data-image-caption=\"&lt;p&gt;Bomberos Voluntarios Mercedes &lt;\/p&gt;\n\" data-large-file=\"https:\/\/www.hoymercedes.com.ar\/principal\/wp-content\/uploads\/2024\/02\/Bomeros-Estadisticas-2023-1024x1024.jpg\" src=\"https:\/\/www.hoymercedes.com.ar\/principal\/wp-content\/uploads\/2024\/02\/Bomeros-Estadisticas-2023-1024x1024.jpg\" alt=\"\" class=\"wp-image-172432\" srcset=\"https:\/\/www.hoymercedes.com.ar\/principal\/wp-content\/uploads\/2024\/02\/Bomeros-Estadisticas-2023-1024x1024.jpg 1024w, https:\/\/www.hoymercedes.com.ar\/principal\/wp-content\/uploads\/2024\/02\/Bomeros-Estadisticas-2023-620x620.jpg 620w, https:\/\/www.hoymercedes.com.ar\/principal\/wp-content\/uploads\/2024\/02\/Bomeros-Estadisticas-2023-150x150.jpg 150w, https:\/\/www.hoymercedes.com.ar\/principal\/wp-content\/uploads\/2024\/02\/Bomeros-Estadisticas-2023.jpg 1080w\" sizes=\"auto, (max-width: 1024px) 100vw, 1024px\" \/><\/figure>\n","protected":false},"excerpt":{"rendered":"<p>Los Bomberos Voluntarios de Mercedes tuvieron m\u00e1s de una salida diaria, promedio, en 2023. 333 fueron incendios, 70 auxilios, 90 &#8230; <a title=\"Bomberos de Mercedes tuvieron 619 salidas en 2023\" class=\"read-more\" href=\"https:\/\/www.hoymercedes.com.ar\/principal\/2024\/02\/01\/bomberos-de-mercedes-tuvieron-619-salidas-en-2023\/\" aria-label=\"Leer m\u00e1s sobre Bomberos de Mercedes tuvieron 619 salidas en 2023\">Leer m\u00e1s<\/a><\/p>\n","protected":false},"author":1,"featured_media":172432,"comment_status":"closed","ping_status":"open","sticky":false,"template":"","format":"standard","meta":{"_monsterinsights_skip_tracking":false,"_monsterinsights_sitenote_active":false,"_monsterinsights_sitenote_note":"","_monsterinsights_sitenote_category":0,"jetpack_post_was_ever_published":false,"_jetpack_newsletter_access":"","_jetpack_dont_email_post_to_subs":false,"_jetpack_newsletter_tier_id":0,"_jetpack_memberships_contains_paywalled_content":false,"_jetpack_memberships_contains_paid_content":false,"footnotes":"","jetpack_publicize_message":"","jetpack_publicize_feature_enabled":true,"jetpack_social_post_already_shared":true,"jetpack_social_options":{"image_generator_settings":{"template":"highway","default_image_id":0,"font":"","enabled":false},"version":2},"_wpas_customize_per_network":false},"categories":[8],"tags":[3030],"class_list":["post-172431","post","type-post","status-publish","format-standard","has-post-thumbnail","hentry","category-sociedad","tag-bomberos-voluntarios-mercedes","generate-columns","tablet-grid-50","mobile-grid-100","grid-parent","grid-50"],"jetpack_publicize_connections":[],"jetpack_featured_media_url":"https:\/\/www.hoymercedes.com.ar\/principal\/wp-content\/uploads\/2024\/02\/Bomeros-Estadisticas-2023.jpg","wps_subtitle":"Estadisticas ","jetpack_sharing_enabled":true,"_links":{"self":[{"href":"https:\/\/www.hoymercedes.com.ar\/principal\/wp-json\/wp\/v2\/posts\/172431","targetHints":{"allow":["GET"]}}],"collection":[{"href":"https:\/\/www.hoymercedes.com.ar\/principal\/wp-json\/wp\/v2\/posts"}],"about":[{"href":"https:\/\/www.hoymercedes.com.ar\/principal\/wp-json\/wp\/v2\/types\/post"}],"author":[{"embeddable":true,"href":"https:\/\/www.hoymercedes.com.ar\/principal\/wp-json\/wp\/v2\/users\/1"}],"replies":[{"embeddable":true,"href":"https:\/\/www.hoymercedes.com.ar\/principal\/wp-json\/wp\/v2\/comments?post=172431"}],"version-history":[{"count":0,"href":"https:\/\/www.hoymercedes.com.ar\/principal\/wp-json\/wp\/v2\/posts\/172431\/revisions"}],"wp:featuredmedia":[{"embeddable":true,"href":"https:\/\/www.hoymercedes.com.ar\/principal\/wp-json\/wp\/v2\/media\/172432"}],"wp:attachment":[{"href":"https:\/\/www.hoymercedes.com.ar\/principal\/wp-json\/wp\/v2\/media?parent=172431"}],"wp:term":[{"taxonomy":"category","embeddable":true,"href":"https:\/\/www.hoymercedes.com.ar\/principal\/wp-json\/wp\/v2\/categories?post=172431"},{"taxonomy":"post_tag","embeddable":true,"href":"https:\/\/www.hoymercedes.com.ar\/principal\/wp-json\/wp\/v2\/tags?post=172431"}],"curies":[{"name":"wp","href":"https:\/\/api.w.org\/{rel}","templated":true}]}}