{"id":172441,"date":"2024-02-01T13:19:30","date_gmt":"2024-02-01T16:19:30","guid":{"rendered":"https:\/\/www.hoymercedes.com.ar\/principal\/?p=172441"},"modified":"2024-02-01T13:19:33","modified_gmt":"2024-02-01T16:19:33","slug":"anses-mercedes-suspendio-su-atencion-reprograman-turnos","status":"publish","type":"post","link":"https:\/\/www.hoymercedes.com.ar\/principal\/2024\/02\/01\/anses-mercedes-suspendio-su-atencion-reprograman-turnos\/","title":{"rendered":"ANSES Mercedes suspendi\u00f3 su atenci\u00f3n. Reprograman turnos"},"content":{"rendered":"\n<p>Por fuerza mayor, la atenci\u00f3n al p\u00fablico de ANSES Mercedes debi\u00f3 suspenderse a partir del mediod\u00eda. De acuerdo a la informaci\u00f3n oficial, el motivo de la suspensi\u00f3n de atenci\u00f3n al p\u00fablico fue por una baja de tensi\u00f3n el\u00e9ctrica en la zona. <\/p>\n\n\n\n<p>\u00abDebido a una baja de tensi\u00f3n el\u00e9ctrica en la zona, la oficina del organismo en Mercedes, ubicada en Calle 29 N\u00b0 817, desde horas del mediod\u00eda suspendi\u00f3 su atenci\u00f3n mientras contin\u00faan los trabajos t\u00e9cnicos para el restablecimiento del servicio\u00bb, destacan.<\/p>\n\n\n\n<p>\u00abEl organismo se comunicar\u00e1 con cada una de las personas que ten\u00eda un turno para reasignarlo\u00bb, agregan desde la comunicaci\u00f3n oficial de ANSES.<\/p>\n","protected":false},"excerpt":{"rendered":"<p>Por fuerza mayor, la atenci\u00f3n al p\u00fablico de ANSES Mercedes debi\u00f3 suspenderse a partir del mediod\u00eda. De acuerdo a la &#8230; <a title=\"ANSES Mercedes suspendi\u00f3 su atenci\u00f3n. Reprograman turnos\" class=\"read-more\" href=\"https:\/\/www.hoymercedes.com.ar\/principal\/2024\/02\/01\/anses-mercedes-suspendio-su-atencion-reprograman-turnos\/\" aria-label=\"Leer m\u00e1s sobre ANSES Mercedes suspendi\u00f3 su atenci\u00f3n. Reprograman turnos\">Leer m\u00e1s<\/a><\/p>\n","protected":false},"author":1,"featured_media":172443,"comment_status":"closed","ping_status":"open","sticky":false,"template":"","format":"standard","meta":{"_monsterinsights_skip_tracking":false,"_monsterinsights_sitenote_active":false,"_monsterinsights_sitenote_note":"","_monsterinsights_sitenote_category":0,"jetpack_post_was_ever_published":false,"_jetpack_newsletter_access":"","_jetpack_dont_email_post_to_subs":false,"_jetpack_newsletter_tier_id":0,"_jetpack_memberships_contains_paywalled_content":false,"_jetpack_memberships_contains_paid_content":false,"footnotes":"","jetpack_publicize_message":"","jetpack_publicize_feature_enabled":true,"jetpack_social_post_already_shared":true,"jetpack_social_options":{"image_generator_settings":{"template":"highway","default_image_id":0,"font":"","enabled":false},"version":2},"_wpas_customize_per_network":false},"categories":[8],"tags":[],"class_list":["post-172441","post","type-post","status-publish","format-standard","has-post-thumbnail","hentry","category-sociedad","generate-columns","tablet-grid-50","mobile-grid-100","grid-parent","grid-50"],"jetpack_publicize_connections":[],"jetpack_featured_media_url":"https:\/\/www.hoymercedes.com.ar\/principal\/wp-content\/uploads\/2024\/02\/anses-mercedes.jpg","wps_subtitle":"","jetpack_sharing_enabled":true,"_links":{"self":[{"href":"https:\/\/www.hoymercedes.com.ar\/principal\/wp-json\/wp\/v2\/posts\/172441","targetHints":{"allow":["GET"]}}],"collection":[{"href":"https:\/\/www.hoymercedes.com.ar\/principal\/wp-json\/wp\/v2\/posts"}],"about":[{"href":"https:\/\/www.hoymercedes.com.ar\/principal\/wp-json\/wp\/v2\/types\/post"}],"author":[{"embeddable":true,"href":"https:\/\/www.hoymercedes.com.ar\/principal\/wp-json\/wp\/v2\/users\/1"}],"replies":[{"embeddable":true,"href":"https:\/\/www.hoymercedes.com.ar\/principal\/wp-json\/wp\/v2\/comments?post=172441"}],"version-history":[{"count":0,"href":"https:\/\/www.hoymercedes.com.ar\/principal\/wp-json\/wp\/v2\/posts\/172441\/revisions"}],"wp:featuredmedia":[{"embeddable":true,"href":"https:\/\/www.hoymercedes.com.ar\/principal\/wp-json\/wp\/v2\/media\/172443"}],"wp:attachment":[{"href":"https:\/\/www.hoymercedes.com.ar\/principal\/wp-json\/wp\/v2\/media?parent=172441"}],"wp:term":[{"taxonomy":"category","embeddable":true,"href":"https:\/\/www.hoymercedes.com.ar\/principal\/wp-json\/wp\/v2\/categories?post=172441"},{"taxonomy":"post_tag","embeddable":true,"href":"https:\/\/www.hoymercedes.com.ar\/principal\/wp-json\/wp\/v2\/tags?post=172441"}],"curies":[{"name":"wp","href":"https:\/\/api.w.org\/{rel}","templated":true}]}}