{"id":172454,"date":"2024-02-01T21:36:12","date_gmt":"2024-02-02T00:36:12","guid":{"rendered":"https:\/\/www.hoymercedes.com.ar\/principal\/?p=172454"},"modified":"2024-02-01T21:36:16","modified_gmt":"2024-02-02T00:36:16","slug":"dolor-enorme-muere-una-pequena-de-2-anos-al-caer-en-pileta","status":"publish","type":"post","link":"https:\/\/www.hoymercedes.com.ar\/principal\/2024\/02\/01\/dolor-enorme-muere-una-pequena-de-2-anos-al-caer-en-pileta\/","title":{"rendered":"Dolor enorme: muere una peque\u00f1a de 2 a\u00f1os al caer en pileta"},"content":{"rendered":"\n<p>Una peque\u00f1a perdi\u00f3 la vida al caer en una pileta en la localidad de Gowland. Seg\u00fan se supo extra oficialmente fue encontrada por uno de sus progenitores. Hubo intentos de reanimaci\u00f3n y traslado de urgencia al Hospital Dubarry, pero desgraciadamente el final fue el que nadie deseaba.<\/p>\n\n\n\n<p>El acontecimiento sucedi\u00f3 durante horas de la tarde de este 1 de febrero.<\/p>\n\n\n\n<p>Intervino la Polic\u00eda Comunal, el SAME.<\/p>\n","protected":false},"excerpt":{"rendered":"<p>Una peque\u00f1a perdi\u00f3 la vida al caer en una pileta en la localidad de Gowland. Seg\u00fan se supo extra oficialmente &#8230; <a title=\"Dolor enorme: muere una peque\u00f1a de 2 a\u00f1os al caer en pileta\" class=\"read-more\" href=\"https:\/\/www.hoymercedes.com.ar\/principal\/2024\/02\/01\/dolor-enorme-muere-una-pequena-de-2-anos-al-caer-en-pileta\/\" aria-label=\"Leer m\u00e1s sobre Dolor enorme: muere una peque\u00f1a de 2 a\u00f1os al caer en pileta\">Leer m\u00e1s<\/a><\/p>\n","protected":false},"author":1,"featured_media":122754,"comment_status":"closed","ping_status":"open","sticky":false,"template":"","format":"standard","meta":{"_monsterinsights_skip_tracking":false,"_monsterinsights_sitenote_active":false,"_monsterinsights_sitenote_note":"","_monsterinsights_sitenote_category":0,"jetpack_post_was_ever_published":false,"_jetpack_newsletter_access":"","_jetpack_dont_email_post_to_subs":false,"_jetpack_newsletter_tier_id":0,"_jetpack_memberships_contains_paywalled_content":false,"_jetpack_memberships_contains_paid_content":false,"footnotes":"","jetpack_publicize_message":"","jetpack_publicize_feature_enabled":true,"jetpack_social_post_already_shared":true,"jetpack_social_options":{"image_generator_settings":{"template":"highway","default_image_id":0,"font":"","enabled":false},"version":2},"_wpas_customize_per_network":false},"categories":[85],"tags":[19124,19123],"class_list":["post-172454","post","type-post","status-publish","format-standard","has-post-thumbnail","hentry","category-policial","tag-dolor-en-mercedes","tag-muere-nina-ahogada","generate-columns","tablet-grid-50","mobile-grid-100","grid-parent","grid-50"],"jetpack_publicize_connections":[],"jetpack_featured_media_url":"https:\/\/www.hoymercedes.com.ar\/principal\/wp-content\/uploads\/2021\/01\/Hospital.Blas_.L.Dubarry.2021.jpg","wps_subtitle":"Dolor ","jetpack_sharing_enabled":true,"_links":{"self":[{"href":"https:\/\/www.hoymercedes.com.ar\/principal\/wp-json\/wp\/v2\/posts\/172454","targetHints":{"allow":["GET"]}}],"collection":[{"href":"https:\/\/www.hoymercedes.com.ar\/principal\/wp-json\/wp\/v2\/posts"}],"about":[{"href":"https:\/\/www.hoymercedes.com.ar\/principal\/wp-json\/wp\/v2\/types\/post"}],"author":[{"embeddable":true,"href":"https:\/\/www.hoymercedes.com.ar\/principal\/wp-json\/wp\/v2\/users\/1"}],"replies":[{"embeddable":true,"href":"https:\/\/www.hoymercedes.com.ar\/principal\/wp-json\/wp\/v2\/comments?post=172454"}],"version-history":[{"count":0,"href":"https:\/\/www.hoymercedes.com.ar\/principal\/wp-json\/wp\/v2\/posts\/172454\/revisions"}],"wp:featuredmedia":[{"embeddable":true,"href":"https:\/\/www.hoymercedes.com.ar\/principal\/wp-json\/wp\/v2\/media\/122754"}],"wp:attachment":[{"href":"https:\/\/www.hoymercedes.com.ar\/principal\/wp-json\/wp\/v2\/media?parent=172454"}],"wp:term":[{"taxonomy":"category","embeddable":true,"href":"https:\/\/www.hoymercedes.com.ar\/principal\/wp-json\/wp\/v2\/categories?post=172454"},{"taxonomy":"post_tag","embeddable":true,"href":"https:\/\/www.hoymercedes.com.ar\/principal\/wp-json\/wp\/v2\/tags?post=172454"}],"curies":[{"name":"wp","href":"https:\/\/api.w.org\/{rel}","templated":true}]}}