{"id":172458,"date":"2024-02-01T23:30:00","date_gmt":"2024-02-02T02:30:00","guid":{"rendered":"https:\/\/www.hoymercedes.com.ar\/principal\/?p=172458"},"modified":"2024-02-01T23:21:19","modified_gmt":"2024-02-02T02:21:19","slug":"asumieron-las-nuevas-autoridades-policiales-de-mercedes","status":"publish","type":"post","link":"https:\/\/www.hoymercedes.com.ar\/principal\/2024\/02\/01\/asumieron-las-nuevas-autoridades-policiales-de-mercedes\/","title":{"rendered":"Asumieron las nuevas autoridades policiales de Mercedes"},"content":{"rendered":"\n<figure class=\"wp-block-image size-large\"><img loading=\"lazy\" decoding=\"async\" width=\"1024\" height=\"682\" data-attachment-id=\"172459\" data-permalink=\"https:\/\/www.hoymercedes.com.ar\/principal\/2024\/02\/01\/asumieron-las-nuevas-autoridades-policiales-de-mercedes\/dsc04852\/#main\" data-orig-file=\"https:\/\/www.hoymercedes.com.ar\/principal\/wp-content\/uploads\/2024\/02\/DSC04852.jpg\" data-orig-size=\"1319,879\" data-comments-opened=\"0\" data-image-meta=\"{&quot;aperture&quot;:&quot;0&quot;,&quot;credit&quot;:&quot;&quot;,&quot;camera&quot;:&quot;&quot;,&quot;caption&quot;:&quot;&quot;,&quot;created_timestamp&quot;:&quot;0&quot;,&quot;copyright&quot;:&quot;&quot;,&quot;focal_length&quot;:&quot;0&quot;,&quot;iso&quot;:&quot;0&quot;,&quot;shutter_speed&quot;:&quot;0&quot;,&quot;title&quot;:&quot;&quot;,&quot;orientation&quot;:&quot;0&quot;}\" data-image-title=\"Vanesa Casas comisaria polic\u00eda comunal mercedes\" data-image-description=\"&lt;p&gt;Vanesa Casas comisaria polic\u00eda comunal mercedes&lt;\/p&gt;\n\" data-image-caption=\"&lt;p&gt;Vanesa Casas comisaria polic\u00eda comunal mercedes&lt;\/p&gt;\n\" data-large-file=\"https:\/\/www.hoymercedes.com.ar\/principal\/wp-content\/uploads\/2024\/02\/DSC04852-1024x682.jpg\" src=\"https:\/\/www.hoymercedes.com.ar\/principal\/wp-content\/uploads\/2024\/02\/DSC04852-1024x682.jpg\" alt=\"\" class=\"wp-image-172459\" srcset=\"https:\/\/www.hoymercedes.com.ar\/principal\/wp-content\/uploads\/2024\/02\/DSC04852-1024x682.jpg 1024w, https:\/\/www.hoymercedes.com.ar\/principal\/wp-content\/uploads\/2024\/02\/DSC04852-630x420.jpg 630w, https:\/\/www.hoymercedes.com.ar\/principal\/wp-content\/uploads\/2024\/02\/DSC04852-150x100.jpg 150w, https:\/\/www.hoymercedes.com.ar\/principal\/wp-content\/uploads\/2024\/02\/DSC04852-700x465.jpg 700w, https:\/\/www.hoymercedes.com.ar\/principal\/wp-content\/uploads\/2024\/02\/DSC04852.jpg 1319w\" sizes=\"auto, (max-width: 1024px) 100vw, 1024px\" \/><\/figure>\n\n\n\n<p>En un encuentro realizado en la Comisar\u00eda Primera se llev\u00f3 a cabo la asunci\u00f3n de las nuevas autoridades de la Polic\u00eda Comunal. Ser\u00e1 Vanesa Casas quien reemplazar\u00e1 a Oscar Elizalde. Estuvo presente el intendente Juan Ustarroz acompa\u00f1ado de funcionarios de distintas \u00e1reas.<\/p>\n\n\n\n<p>Mat\u00edas Maresca, secretario de seguridad, Clara Zunino, secretaria de gobierno, Victor Palazzo, director de seguridad, Mariana San Mart\u00edn, presidenta del Concejo Deliberante, Guadalupe Gonz\u00e1lez, directora de g\u00e9nero, fueron parte de la actividad protocolar concretada en la ma\u00f1ana de sede de la comisar\u00eda primera. Estuvo tambi\u00e9n presente el Jefe Departamental Carlos Monta\u00f1ez.<\/p>\n\n\n\n<p>Juan Ignacio Ustarroz quien le dio \u201cla bienvenida a las nuevas autoridades policiales de nuestra ciudad\u201d.<\/p>\n\n\n\n<p>En este sentido, el intendente Ustarroz se\u00f1al\u00f3 \u201cen t\u00e9rminos de seguridad siempre todo es muy complejo porque no existe el delito cero, porque en situaciones donde se agrava lo social y lo econ\u00f3mico, lamentablemente crece y es ah\u00ed donde como ciudad tenemos que estar todos unidos, haciendo todos los esfuerzos y brindando apoyo a la polic\u00eda comunal como siempre\u201d y agreg\u00f3 \u201credoblando los esfuerzos, hoy con nuevo Secretario de Seguridad, tratando de recomponer, mejorar el v\u00ednculo con nuestra comunidad y nuestros vecinos\u201d.<\/p>\n\n\n\n<p>\u201cTrabajando mucho de cara a los que se viene, d\u00e1ndoles la bienvenida y brind\u00e1ndoles todo nuestro acompa\u00f1amiento, respaldo y desearles una gesti\u00f3n muy exitosa lo que ser\u00e1 beneficioso para toda la ciudad\u201d &nbsp;&nbsp;&nbsp;&nbsp;<\/p>\n\n\n\n<p>Tambi\u00e9n tom\u00f3 la palabra el jefe de la polic\u00eda departamental comisario mayor Carlos Monta\u00f1ez quien agradeci\u00f3 \u201cla presencia del intendente Ustarroz, a la secretar\u00eda de seguridad por estar siempre con nosotros\u201d y a\u00f1adi\u00f3 \u201cen la polic\u00eda son ciclos que se cumplen, por lo que se inician nuevos desaf\u00edos con estas nuevas designaciones\u201d.<\/p>\n\n\n\n<p>Asimismo, Monta\u00f1ez destac\u00f3 \u201cel apoyo que nos da el intendente Ustarroz junto a todo su equipo, donde trabajamos en funci\u00f3n del esclarecimiento y prevenci\u00f3n con los recursos que tenemos, en una problem\u00e1tica que siempre es complicada\u201d como as\u00ed tambi\u00e9n \u201cremarcar el gran trabajo hecho hasta ahora y apoyar a quienes asumen este compromiso\u201d.<\/p>\n\n\n\n<p>Por su parte, el Jefe Comunal saliente, Oscar Elizalde expres\u00f3 \u201cestoy muy agradecido y satisfecho por el trabajo realizado por el personal de la polic\u00eda comunal, como as\u00ed tambi\u00e9n con la gesti\u00f3n municipal y con el se\u00f1or intendente Ustarroz y su equipo por la oportunidad que me dieron de haber podido estar a cargo de la polic\u00eda comunal\u201d.<\/p>\n\n\n\n<p>Vanesa Casas, quien asume como Jefa manifest\u00f3 \u201clo tom\u00f3 a este cargo con total compromiso y agradezco la confianza a las autoridades y al intendente Ustarroz\u201d.<\/p>\n\n\n\n<p>Conjuntamente, Sol D\u00b4Angelo quien asumi\u00f3 como Jefa de Estaci\u00f3n indic\u00f3 \u201ccontenta y asumiendo este nuevo rol con mucho compromiso, tratando de estar a la altura de las circunstancias\u201d.&nbsp;&nbsp;<\/p>\n","protected":false},"excerpt":{"rendered":"<p>En un encuentro realizado en la Comisar\u00eda Primera se llev\u00f3 a cabo la asunci\u00f3n de las nuevas autoridades de la &#8230; <a title=\"Asumieron las nuevas autoridades policiales de Mercedes\" class=\"read-more\" href=\"https:\/\/www.hoymercedes.com.ar\/principal\/2024\/02\/01\/asumieron-las-nuevas-autoridades-policiales-de-mercedes\/\" aria-label=\"Leer m\u00e1s sobre Asumieron las nuevas autoridades policiales de Mercedes\">Leer m\u00e1s<\/a><\/p>\n","protected":false},"author":1,"featured_media":172459,"comment_status":"closed","ping_status":"open","sticky":false,"template":"","format":"standard","meta":{"_monsterinsights_skip_tracking":false,"_monsterinsights_sitenote_active":false,"_monsterinsights_sitenote_note":"","_monsterinsights_sitenote_category":0,"jetpack_post_was_ever_published":false,"_jetpack_newsletter_access":"","_jetpack_dont_email_post_to_subs":false,"_jetpack_newsletter_tier_id":0,"_jetpack_memberships_contains_paywalled_content":false,"_jetpack_memberships_contains_paid_content":false,"footnotes":"","jetpack_publicize_message":"","jetpack_publicize_feature_enabled":true,"jetpack_social_post_already_shared":true,"jetpack_social_options":{"image_generator_settings":{"template":"highway","default_image_id":0,"font":"","enabled":false},"version":2},"_wpas_customize_per_network":false},"categories":[85],"tags":[1752,19125],"class_list":["post-172458","post","type-post","status-publish","format-standard","has-post-thumbnail","hentry","category-policial","tag-policia-comunal-mercedes","tag-veronica-casas-comisaria","generate-columns","tablet-grid-50","mobile-grid-100","grid-parent","grid-50"],"jetpack_publicize_connections":[],"jetpack_featured_media_url":"https:\/\/www.hoymercedes.com.ar\/principal\/wp-content\/uploads\/2024\/02\/DSC04852.jpg","wps_subtitle":"Vanesa Casas comisaria polic\u00eda comunal mercedes","jetpack_sharing_enabled":true,"_links":{"self":[{"href":"https:\/\/www.hoymercedes.com.ar\/principal\/wp-json\/wp\/v2\/posts\/172458","targetHints":{"allow":["GET"]}}],"collection":[{"href":"https:\/\/www.hoymercedes.com.ar\/principal\/wp-json\/wp\/v2\/posts"}],"about":[{"href":"https:\/\/www.hoymercedes.com.ar\/principal\/wp-json\/wp\/v2\/types\/post"}],"author":[{"embeddable":true,"href":"https:\/\/www.hoymercedes.com.ar\/principal\/wp-json\/wp\/v2\/users\/1"}],"replies":[{"embeddable":true,"href":"https:\/\/www.hoymercedes.com.ar\/principal\/wp-json\/wp\/v2\/comments?post=172458"}],"version-history":[{"count":0,"href":"https:\/\/www.hoymercedes.com.ar\/principal\/wp-json\/wp\/v2\/posts\/172458\/revisions"}],"wp:featuredmedia":[{"embeddable":true,"href":"https:\/\/www.hoymercedes.com.ar\/principal\/wp-json\/wp\/v2\/media\/172459"}],"wp:attachment":[{"href":"https:\/\/www.hoymercedes.com.ar\/principal\/wp-json\/wp\/v2\/media?parent=172458"}],"wp:term":[{"taxonomy":"category","embeddable":true,"href":"https:\/\/www.hoymercedes.com.ar\/principal\/wp-json\/wp\/v2\/categories?post=172458"},{"taxonomy":"post_tag","embeddable":true,"href":"https:\/\/www.hoymercedes.com.ar\/principal\/wp-json\/wp\/v2\/tags?post=172458"}],"curies":[{"name":"wp","href":"https:\/\/api.w.org\/{rel}","templated":true}]}}