{"id":172534,"date":"2024-02-03T17:08:00","date_gmt":"2024-02-03T20:08:00","guid":{"rendered":"https:\/\/www.hoymercedes.com.ar\/principal\/?p=172534"},"modified":"2024-02-03T14:11:07","modified_gmt":"2024-02-03T17:11:07","slug":"verano-en-las-plazas-paso-san-martin-y-hoy-es-en-santa-teresita","status":"publish","type":"post","link":"https:\/\/www.hoymercedes.com.ar\/principal\/2024\/02\/03\/verano-en-las-plazas-paso-san-martin-y-hoy-es-en-santa-teresita\/","title":{"rendered":"Verano en las plazas: pas\u00f3 San Mart\u00edn y hoy es en Santa Teresita"},"content":{"rendered":"\n<figure class=\"wp-block-image size-large\"><img loading=\"lazy\" decoding=\"async\" width=\"1024\" height=\"683\" data-attachment-id=\"172535\" data-permalink=\"https:\/\/www.hoymercedes.com.ar\/principal\/2024\/02\/03\/verano-en-las-plazas-paso-san-martin-y-hoy-es-en-santa-teresita\/musicaplazas\/#main\" data-orig-file=\"https:\/\/www.hoymercedes.com.ar\/principal\/wp-content\/uploads\/2024\/02\/MusicaPlazas.jpg\" data-orig-size=\"1200,800\" data-comments-opened=\"0\" data-image-meta=\"{&quot;aperture&quot;:&quot;0&quot;,&quot;credit&quot;:&quot;&quot;,&quot;camera&quot;:&quot;&quot;,&quot;caption&quot;:&quot;&quot;,&quot;created_timestamp&quot;:&quot;0&quot;,&quot;copyright&quot;:&quot;&quot;,&quot;focal_length&quot;:&quot;0&quot;,&quot;iso&quot;:&quot;0&quot;,&quot;shutter_speed&quot;:&quot;0&quot;,&quot;title&quot;:&quot;&quot;,&quot;orientation&quot;:&quot;0&quot;}\" data-image-title=\"MusicaPlazas\" data-image-description=\"&lt;p&gt;Verano en las Plazas en Mercedes &lt;\/p&gt;\n\" data-image-caption=\"&lt;p&gt;Verano en las Plazas en Mercedes &lt;\/p&gt;\n\" data-large-file=\"https:\/\/www.hoymercedes.com.ar\/principal\/wp-content\/uploads\/2024\/02\/MusicaPlazas-1024x683.jpg\" src=\"https:\/\/www.hoymercedes.com.ar\/principal\/wp-content\/uploads\/2024\/02\/MusicaPlazas-1024x683.jpg\" alt=\"\" class=\"wp-image-172535\" srcset=\"https:\/\/www.hoymercedes.com.ar\/principal\/wp-content\/uploads\/2024\/02\/MusicaPlazas-1024x683.jpg 1024w, https:\/\/www.hoymercedes.com.ar\/principal\/wp-content\/uploads\/2024\/02\/MusicaPlazas-630x420.jpg 630w, https:\/\/www.hoymercedes.com.ar\/principal\/wp-content\/uploads\/2024\/02\/MusicaPlazas-150x100.jpg 150w, https:\/\/www.hoymercedes.com.ar\/principal\/wp-content\/uploads\/2024\/02\/MusicaPlazas.jpg 1200w\" sizes=\"auto, (max-width: 1024px) 100vw, 1024px\" \/><\/figure>\n\n\n\n<p> <\/p>\n\n\n\n<p><p class=\"MsoNormal\" style=\"text-align:justify\"><span lang=\"ES-MX\" style=\"mso-ansi-language:ES-MX\">El ciclo \u201cVerano en las Plazas\u201d tuvo su gran noche en el barrio San Mart\u00edn. M\u00fasica en vivo, juegos, concursos, feria y m\u00e1s. Esta noche desde 20.30hs ser\u00e1 el turno de barrio Santa Teresita. Como siempre es libre, p\u00fablico y gratuito. En calle 105 y 26 bis ser\u00e1 el turno de esta noche de s\u00e1bado.Habr\u00e1 como siempre concurso de baile, bingo familiar, Estaci\u00f3n Juego, variete de circo entretenimientos, cantina solidaria y m\u00e1s.<\/span><\/p><\/p>\n\n\n\n<p><p class=\"MsoNormal\" style=\"text-align:justify\"><span lang=\"ES-MX\" style=\"mso-ansi-language:ES-MX\">El ciclo cuenta con el apoyo de la Provincia de Buenos Aires y tiene como objetivo dar la posibilidad de encuentro y felicidad a las familias mercedinas. <\/span><\/p><\/p>\n","protected":false},"excerpt":{"rendered":"<p>El ciclo \u201cVerano en las Plazas\u201d tuvo su gran noche en el barrio San Mart\u00edn. M\u00fasica en vivo, juegos, concursos, &#8230; <a title=\"Verano en las plazas: pas\u00f3 San Mart\u00edn y hoy es en Santa Teresita\" class=\"read-more\" href=\"https:\/\/www.hoymercedes.com.ar\/principal\/2024\/02\/03\/verano-en-las-plazas-paso-san-martin-y-hoy-es-en-santa-teresita\/\" aria-label=\"Leer m\u00e1s sobre Verano en las plazas: pas\u00f3 San Mart\u00edn y hoy es en Santa Teresita\">Leer m\u00e1s<\/a><\/p>\n","protected":false},"author":1,"featured_media":172535,"comment_status":"closed","ping_status":"open","sticky":false,"template":"","format":"standard","meta":{"_monsterinsights_skip_tracking":false,"_monsterinsights_sitenote_active":false,"_monsterinsights_sitenote_note":"","_monsterinsights_sitenote_category":0,"jetpack_post_was_ever_published":false,"_jetpack_newsletter_access":"","_jetpack_dont_email_post_to_subs":false,"_jetpack_newsletter_tier_id":0,"_jetpack_memberships_contains_paywalled_content":false,"_jetpack_memberships_contains_paid_content":false,"footnotes":"","jetpack_publicize_message":"","jetpack_publicize_feature_enabled":true,"jetpack_social_post_already_shared":true,"jetpack_social_options":{"image_generator_settings":{"template":"highway","default_image_id":0,"font":"","enabled":false},"version":2},"_wpas_customize_per_network":false},"categories":[104],"tags":[2569,3486,967,19068],"class_list":["post-172534","post","type-post","status-publish","format-standard","has-post-thumbnail","hentry","category-cultura","tag-barrio-san-martin-mercedes","tag-barrio-santa-teresita-mercedes","tag-cultura-mercedes","tag-musica-en-las-plazas-mercedes","generate-columns","tablet-grid-50","mobile-grid-100","grid-parent","grid-50"],"jetpack_publicize_connections":[],"jetpack_featured_media_url":"https:\/\/www.hoymercedes.com.ar\/principal\/wp-content\/uploads\/2024\/02\/MusicaPlazas.jpg","wps_subtitle":"Encuentro familiar ","jetpack_sharing_enabled":true,"_links":{"self":[{"href":"https:\/\/www.hoymercedes.com.ar\/principal\/wp-json\/wp\/v2\/posts\/172534","targetHints":{"allow":["GET"]}}],"collection":[{"href":"https:\/\/www.hoymercedes.com.ar\/principal\/wp-json\/wp\/v2\/posts"}],"about":[{"href":"https:\/\/www.hoymercedes.com.ar\/principal\/wp-json\/wp\/v2\/types\/post"}],"author":[{"embeddable":true,"href":"https:\/\/www.hoymercedes.com.ar\/principal\/wp-json\/wp\/v2\/users\/1"}],"replies":[{"embeddable":true,"href":"https:\/\/www.hoymercedes.com.ar\/principal\/wp-json\/wp\/v2\/comments?post=172534"}],"version-history":[{"count":0,"href":"https:\/\/www.hoymercedes.com.ar\/principal\/wp-json\/wp\/v2\/posts\/172534\/revisions"}],"wp:featuredmedia":[{"embeddable":true,"href":"https:\/\/www.hoymercedes.com.ar\/principal\/wp-json\/wp\/v2\/media\/172535"}],"wp:attachment":[{"href":"https:\/\/www.hoymercedes.com.ar\/principal\/wp-json\/wp\/v2\/media?parent=172534"}],"wp:term":[{"taxonomy":"category","embeddable":true,"href":"https:\/\/www.hoymercedes.com.ar\/principal\/wp-json\/wp\/v2\/categories?post=172534"},{"taxonomy":"post_tag","embeddable":true,"href":"https:\/\/www.hoymercedes.com.ar\/principal\/wp-json\/wp\/v2\/tags?post=172534"}],"curies":[{"name":"wp","href":"https:\/\/api.w.org\/{rel}","templated":true}]}}