{"id":172554,"date":"2024-02-04T18:20:57","date_gmt":"2024-02-04T21:20:57","guid":{"rendered":"https:\/\/www.hoymercedes.com.ar\/principal\/?p=172554"},"modified":"2024-02-04T18:21:01","modified_gmt":"2024-02-04T21:21:01","slug":"pesar-en-abogados-por-el-fallecimiento-de-la-dra-echaire","status":"publish","type":"post","link":"https:\/\/www.hoymercedes.com.ar\/principal\/2024\/02\/04\/pesar-en-abogados-por-el-fallecimiento-de-la-dra-echaire\/","title":{"rendered":"Pesar en Abogados por el fallecimiento de la Dra. Echaire"},"content":{"rendered":"\n<p>Desde el Colegio de Abogados del Dpto. Judicial Mercedes hicieron p\u00fablico su pesar ante el fallecimiento de la Dra. Norma Echaire, abogada que supo integrar las comisiones directivas en m\u00faltiples oportunidades y en el \u00faltimo tiempo desempe\u00f1\u00f3 tareas en la Comisi\u00f3n de Extensi\u00f3n Socio-Cultural.<\/p>\n\n\n\n<figure class=\"wp-block-image size-large\"><img loading=\"lazy\" decoding=\"async\" width=\"1024\" height=\"1024\" data-attachment-id=\"172555\" data-permalink=\"https:\/\/www.hoymercedes.com.ar\/principal\/2024\/02\/04\/pesar-en-abogados-por-el-fallecimiento-de-la-dra-echaire\/img-20240204-wa0002\/#main\" data-orig-file=\"https:\/\/www.hoymercedes.com.ar\/principal\/wp-content\/uploads\/2024\/02\/IMG-20240204-WA0002.jpg\" data-orig-size=\"1080,1080\" data-comments-opened=\"0\" data-image-meta=\"{&quot;aperture&quot;:&quot;0&quot;,&quot;credit&quot;:&quot;&quot;,&quot;camera&quot;:&quot;&quot;,&quot;caption&quot;:&quot;&quot;,&quot;created_timestamp&quot;:&quot;0&quot;,&quot;copyright&quot;:&quot;&quot;,&quot;focal_length&quot;:&quot;0&quot;,&quot;iso&quot;:&quot;0&quot;,&quot;shutter_speed&quot;:&quot;0&quot;,&quot;title&quot;:&quot;&quot;,&quot;orientation&quot;:&quot;0&quot;}\" data-image-title=\"IMG-20240204-WA0002\" data-image-description=\"\" data-image-caption=\"\" data-large-file=\"https:\/\/www.hoymercedes.com.ar\/principal\/wp-content\/uploads\/2024\/02\/IMG-20240204-WA0002-1024x1024.jpg\" src=\"https:\/\/www.hoymercedes.com.ar\/principal\/wp-content\/uploads\/2024\/02\/IMG-20240204-WA0002-1024x1024.jpg\" alt=\"\" class=\"wp-image-172555\" srcset=\"https:\/\/www.hoymercedes.com.ar\/principal\/wp-content\/uploads\/2024\/02\/IMG-20240204-WA0002-1024x1024.jpg 1024w, https:\/\/www.hoymercedes.com.ar\/principal\/wp-content\/uploads\/2024\/02\/IMG-20240204-WA0002-620x620.jpg 620w, https:\/\/www.hoymercedes.com.ar\/principal\/wp-content\/uploads\/2024\/02\/IMG-20240204-WA0002-150x150.jpg 150w, https:\/\/www.hoymercedes.com.ar\/principal\/wp-content\/uploads\/2024\/02\/IMG-20240204-WA0002.jpg 1080w\" sizes=\"auto, (max-width: 1024px) 100vw, 1024px\" \/><\/figure>\n\n\n\n<p> A continuaci\u00f3n compartimos la comunicaci\u00f3n y resoluci\u00f3n de la instituci\u00f3n <\/p>\n\n\n\n<p>VISTO: El fallecimiento de la Dra. Norma Elena Echaire, acaecido en el d\u00eda de la fecha;<\/p>\n\n\n\n<p>Y CONSIDERANDO: Que la Dra. Norma Elena Echaire ha sido una de las abogadas m\u00e1s respetadas y prestigiosas en este Departamento Judicial de Mercedes y en todo lugar de la provincia en que le cupo desempe\u00f1ar la profesi\u00f3n, la cual llev\u00f3 adelante con rectitud de conducta y honestidad intelectual por m\u00e1s de 40 a\u00f1os de ejercicio en diversos \u00e1mbitos, habi\u00e9ndose matriculado en este Colegio de Abogados del Departamento Judicial de Mercedes como Procuradora en 1973, y como Abogada en 1974;<\/p>\n\n\n\n<p>Que a tan solo diez a\u00f1os de haberse matriculado fuera elegida como Consejera Suplente del Consejo Directivo de este Colegio en el periodo 1984-1988; y Consejera Titular en el periodo 1988-1996, lo que denota la inmediata val\u00eda con la cual la consideraron sus pares. En su funci\u00f3n dirigencial fue fiel int\u00e9rprete y celosa defensora de la Ley 5177 y sus instituciones, de las Normas de Etica, y de la Justicia y la Paz Social;<\/p>\n\n\n\n<p>Que fuera elegida para integrar el Tribunal de Disciplina (claro ejemplo de su val\u00eda como profesional y como persona), habi\u00e9ndolo integrado como Miembro Suplente en el periodo 2008-2012; y como Miembro Titular en el periodo 2014-2016;<\/p>\n\n\n\n<p>Que en 1988 fue designado por las autoridades del Colegio para asistir en representaci\u00f3n del mismo a las \u201cXII Jornadas Nacionales de Derecho Penal\u201d, realizadas en Mendoza;<\/p>\n\n\n\n<p>Que al haberse destacado en la ciencia del derecho por su capacidad intelectual y pujanza de trabajo, fue designada Conjuez Federal, augusto cargo que honr\u00f3 en sobradas intervenciones;<\/p>\n\n\n\n<p>Que desde siempre integr\u00f3 la Comisi\u00f3n de Extensi\u00f3n Socio-Cultural, en la cual le cupo especial papel en la organizaci\u00f3n de todo tipo de eventos sociales y culturales, destac\u00e1ndose en todo lo relacionado con el Sal\u00f3n Anual de Pintura, evento del cual disfrutaba de manera especial, siendo recordada su figura en cada inauguraci\u00f3n, en amena charla con los asistentes, siendo siempre la \u00faltima en retirarse del Colegio;<\/p>\n\n\n\n<p>Que en 1995 la Honorable C\u00e1mara de Senadores de la Provincia de Buenos Aires, y este Colegio, la designaron como representante ante la \u201cIV Conferencia Mundial sobre la Mujer. Acci\u00f3n para la igualdad, el desarrollo y la paz\u201d, realizada en la ciudad de Beijing, China, entre los d\u00edas 1 y 15 de septiembre de 1995;<\/p>\n\n\n\n<p>Que en 1998 fue postulante para integrar el Consejo de la Magistratura y Jurado de Enjuiciamiento en el orden Federal;<\/p>\n\n\n\n<p>Que fue Directora del Instituto de Derecho Penal de este Colegio, cargo que desempe\u00f1\u00f3 con profunda responsabilidad, a punto tal de haber desarrollado en 2009 un Curso acad\u00e9mico especial en Derecho Penal y Procesal Penal para la formaci\u00f3n de abogados que brindar\u00edan asistencia jur\u00eddica a las v\u00edctimas de delitos, dentro del \u201cAcuerdo marco entre el Ministerio de Justicia de la Provincia de Buenos Aires y el Colegio de Abogados de la Provincia de Buenos Aires\u201d. El dictado de dicho Curso posibilit\u00f3 que 16 matriculados integraran el Registro de Abogados para V\u00edctimas de Delitos.<\/p>\n\n\n\n<p>Que en 2010 asisti\u00f3 en car\u00e1cter de representante del Colegio a la \u201cXVI Conferencia Nacional de Abogados\u201d, celebrada en San Isidro;<\/p>\n\n\n\n<p>Que en 2011 fue designada como miembro de la Comisi\u00f3n Honor\u00edfica encargada de los actos celebratorios del 95\u00b0 Aniversario del Colegio;<\/p>\n\n\n\n<p>Que en 2014 fue designada por el Consejo Directivo de este Colegio como Coordinadora de la Comisi\u00f3n ad hoc creada para el estudio del Proyecto de Reforma del C\u00f3digo Penal;<\/p>\n\n\n\n<p>Que fue colaboradora principal de este Colegio y sus autoridades, siendo imposible de enumerar la asistencia a actividades organizadas en el orden colegial, pero siempre se encontr\u00f3 presente en actos, cursos, reuniones de distintas \u00edndoles, siendo de destacar su asistencia a los primeros juramentos que durante la presidencia del Dr. Horacio Vero se tomaran fuera de la Sede del Colegio, en pueblos y ciudades del interior del Departamento,<\/p>\n\n\n\n<p>Que junto a su excelencia profesional iba de la mano su humildad. Y en ese sentido se destaca su relaci\u00f3n con el justiciable, en que un\u00eda la sapiencia al trato humano. Los asistidos en m\u00e1s de una oportunidad destacaron -incluso por escrito- su honestidad, responsabilidad y dedicaci\u00f3n, y la confianza que generaba, producto ello seguramente de su enorme base doctrinaria, de la cual no hac\u00eda ostentaci\u00f3n alguna.<\/p>\n\n\n\n<p>Que en m\u00e1s de una oportunidad sus asistidos expresaron que la Dra. Echaire, luego de la evacuaci\u00f3n de la consulta y al requerirle el costo de la misma, contestaba \u201cYo trabajo por honorarios, pero tambi\u00e9n con el coraz\u00f3n. Lo suyo no puedo cobrarlo\u201d, cumpliendo con ello el juramento dado desde el inicio de la profesi\u00f3n, de asistir gratuitamente a los carentes de recursos econ\u00f3micos, quiz\u00e1 la mejor carta de presentaci\u00f3n de la profesi\u00f3n que la Dra. Echaire abraz\u00f3 con tanto ah\u00ednco.<\/p>\n\n\n\n<p>Por ello, las autoridades de este Colegio de Abogados del Departamento Judicial de Mercedes:<\/p>\n\n\n\n<p>RESUELVEN:<br>1.- Decretar el d\u00eda de la fecha y el de ma\u00f1ana como d\u00edas de duelo en el Colegio de Abogados del Departamento Judicial de Mercedes;<\/p>\n\n\n\n<p>2.- Hacer llegar una donaci\u00f3n a la entidad de bien p\u00fablico que la familia de la Dra. Echaire indique;<\/p>\n\n\n\n<p>3.- Participar el fallecimiento en los medios de comunicaci\u00f3n locales;<\/p>\n\n\n\n<p>4.- Comunicar el fallecimiento a todos los matriculados;<\/p>\n\n\n\n<p>5.- Hacer llegar nota de p\u00e9same a sus familiares, con copia de esta Resoluci\u00f3n;<\/p>\n\n\n\n<p>6.- Guardar un minuto de silencio en su memoria en la primera reuni\u00f3n del Consejo Directivo que se celebre luego de las exequias.<\/p>\n","protected":false},"excerpt":{"rendered":"<p>Desde el Colegio de Abogados del Dpto. Judicial Mercedes hicieron p\u00fablico su pesar ante el fallecimiento de la Dra. Norma &#8230; <a title=\"Pesar en Abogados por el fallecimiento de la Dra. Echaire\" class=\"read-more\" href=\"https:\/\/www.hoymercedes.com.ar\/principal\/2024\/02\/04\/pesar-en-abogados-por-el-fallecimiento-de-la-dra-echaire\/\" aria-label=\"Leer m\u00e1s sobre Pesar en Abogados por el fallecimiento de la Dra. Echaire\">Leer m\u00e1s<\/a><\/p>\n","protected":false},"author":1,"featured_media":172555,"comment_status":"closed","ping_status":"open","sticky":false,"template":"","format":"standard","meta":{"_monsterinsights_skip_tracking":false,"_monsterinsights_sitenote_active":false,"_monsterinsights_sitenote_note":"","_monsterinsights_sitenote_category":0,"jetpack_post_was_ever_published":false,"_jetpack_newsletter_access":"","_jetpack_dont_email_post_to_subs":false,"_jetpack_newsletter_tier_id":0,"_jetpack_memberships_contains_paywalled_content":false,"_jetpack_memberships_contains_paid_content":false,"footnotes":"","jetpack_publicize_message":"","jetpack_publicize_feature_enabled":true,"jetpack_social_post_already_shared":true,"jetpack_social_options":{"image_generator_settings":{"template":"highway","default_image_id":0,"font":"","enabled":false},"version":2},"_wpas_customize_per_network":false},"categories":[8],"tags":[],"class_list":["post-172554","post","type-post","status-publish","format-standard","has-post-thumbnail","hentry","category-sociedad","generate-columns","tablet-grid-50","mobile-grid-100","grid-parent","grid-50"],"jetpack_publicize_connections":[],"jetpack_featured_media_url":"https:\/\/www.hoymercedes.com.ar\/principal\/wp-content\/uploads\/2024\/02\/IMG-20240204-WA0002.jpg","wps_subtitle":"","jetpack_sharing_enabled":true,"_links":{"self":[{"href":"https:\/\/www.hoymercedes.com.ar\/principal\/wp-json\/wp\/v2\/posts\/172554","targetHints":{"allow":["GET"]}}],"collection":[{"href":"https:\/\/www.hoymercedes.com.ar\/principal\/wp-json\/wp\/v2\/posts"}],"about":[{"href":"https:\/\/www.hoymercedes.com.ar\/principal\/wp-json\/wp\/v2\/types\/post"}],"author":[{"embeddable":true,"href":"https:\/\/www.hoymercedes.com.ar\/principal\/wp-json\/wp\/v2\/users\/1"}],"replies":[{"embeddable":true,"href":"https:\/\/www.hoymercedes.com.ar\/principal\/wp-json\/wp\/v2\/comments?post=172554"}],"version-history":[{"count":0,"href":"https:\/\/www.hoymercedes.com.ar\/principal\/wp-json\/wp\/v2\/posts\/172554\/revisions"}],"wp:featuredmedia":[{"embeddable":true,"href":"https:\/\/www.hoymercedes.com.ar\/principal\/wp-json\/wp\/v2\/media\/172555"}],"wp:attachment":[{"href":"https:\/\/www.hoymercedes.com.ar\/principal\/wp-json\/wp\/v2\/media?parent=172554"}],"wp:term":[{"taxonomy":"category","embeddable":true,"href":"https:\/\/www.hoymercedes.com.ar\/principal\/wp-json\/wp\/v2\/categories?post=172554"},{"taxonomy":"post_tag","embeddable":true,"href":"https:\/\/www.hoymercedes.com.ar\/principal\/wp-json\/wp\/v2\/tags?post=172554"}],"curies":[{"name":"wp","href":"https:\/\/api.w.org\/{rel}","templated":true}]}}