{"id":172584,"date":"2024-02-05T22:01:52","date_gmt":"2024-02-06T01:01:52","guid":{"rendered":"https:\/\/www.hoymercedes.com.ar\/principal\/?p=172584"},"modified":"2024-02-05T22:01:56","modified_gmt":"2024-02-06T01:01:56","slug":"aumentan-los-colectivos-un-250-y-es-otro-golpe-al-bolsillo","status":"publish","type":"post","link":"https:\/\/www.hoymercedes.com.ar\/principal\/2024\/02\/05\/aumentan-los-colectivos-un-250-y-es-otro-golpe-al-bolsillo\/","title":{"rendered":"Aumentan los colectivos un 250% y es otro golpe al bolsillo"},"content":{"rendered":"\n<p>El gobierno nacional confirm\u00f3 la medida. Algunas empresas ya lo est\u00e1n notificando, como la que cubre Mercedes \u2013 Giles. Tambi\u00e9n impactar\u00e1 en los trenes. La liberaci\u00f3n de las tarifas anunciadas por <strong><mark style=\"background-color:#fcb900\" class=\"has-inline-color\">Milei y sus ministros de Juntos <\/mark><\/strong>contin\u00faa firme y se convierte en otro golpe al bolsillo de los vecinos.<\/p>\n\n\n\n<p>La Secretar\u00eda de Transporte de la Naci\u00f3n dio por finalizado el proceso de audiencia p\u00fablica y confirm\u00f3 que comienza a regir el incremento del boleto.<\/p>\n\n\n\n<p>El impacto ser\u00e1 muy profundo, en especial para trabajadores y estudiantes, especialmente quienes d\u00eda a d\u00eda van a cumplir tareas a trav\u00e9s del Atl\u00e1ntida en la Universidad de Luj\u00e1n y Capital Federal.<\/p>\n\n\n\n<p><strong>La suba ser\u00e1 del 251% <\/strong>para colectivos, en Capital Federal, por ejemplo, pasa de 76,92 a 270 pesos.<\/p>\n\n\n\n<p>Se espera este martes o mi\u00e9rcoles ya contar con precisiones del 256, Masterbus, Atl\u00e1ntida y Transporte Automotores La Plata, que son las l\u00edneas m\u00e1s utilizadas por las y los mercedinos.<\/p>\n","protected":false},"excerpt":{"rendered":"<p>El gobierno nacional confirm\u00f3 la medida. Algunas empresas ya lo est\u00e1n notificando, como la que cubre Mercedes \u2013 Giles. Tambi\u00e9n &#8230; <a title=\"Aumentan los colectivos un 250% y es otro golpe al bolsillo\" class=\"read-more\" href=\"https:\/\/www.hoymercedes.com.ar\/principal\/2024\/02\/05\/aumentan-los-colectivos-un-250-y-es-otro-golpe-al-bolsillo\/\" aria-label=\"Leer m\u00e1s sobre Aumentan los colectivos un 250% y es otro golpe al bolsillo\">Leer m\u00e1s<\/a><\/p>\n","protected":false},"author":1,"featured_media":29167,"comment_status":"closed","ping_status":"open","sticky":false,"template":"","format":"standard","meta":{"_monsterinsights_skip_tracking":false,"_monsterinsights_sitenote_active":false,"_monsterinsights_sitenote_note":"","_monsterinsights_sitenote_category":0,"jetpack_post_was_ever_published":false,"_jetpack_newsletter_access":"","_jetpack_dont_email_post_to_subs":false,"_jetpack_newsletter_tier_id":0,"_jetpack_memberships_contains_paywalled_content":false,"_jetpack_memberships_contains_paid_content":false,"footnotes":"","jetpack_publicize_message":"","jetpack_publicize_feature_enabled":true,"jetpack_social_post_already_shared":true,"jetpack_social_options":{"image_generator_settings":{"template":"highway","default_image_id":0,"font":"","enabled":false},"version":2},"_wpas_customize_per_network":false},"categories":[8],"tags":[],"class_list":["post-172584","post","type-post","status-publish","format-standard","has-post-thumbnail","hentry","category-sociedad","generate-columns","tablet-grid-50","mobile-grid-100","grid-parent","grid-50"],"jetpack_publicize_connections":[],"jetpack_featured_media_url":"https:\/\/www.hoymercedes.com.ar\/principal\/wp-content\/uploads\/2014\/01\/Atl\u00e1ntida57-Mercedes.jpg","wps_subtitle":"Tarifazos ","jetpack_sharing_enabled":true,"_links":{"self":[{"href":"https:\/\/www.hoymercedes.com.ar\/principal\/wp-json\/wp\/v2\/posts\/172584","targetHints":{"allow":["GET"]}}],"collection":[{"href":"https:\/\/www.hoymercedes.com.ar\/principal\/wp-json\/wp\/v2\/posts"}],"about":[{"href":"https:\/\/www.hoymercedes.com.ar\/principal\/wp-json\/wp\/v2\/types\/post"}],"author":[{"embeddable":true,"href":"https:\/\/www.hoymercedes.com.ar\/principal\/wp-json\/wp\/v2\/users\/1"}],"replies":[{"embeddable":true,"href":"https:\/\/www.hoymercedes.com.ar\/principal\/wp-json\/wp\/v2\/comments?post=172584"}],"version-history":[{"count":0,"href":"https:\/\/www.hoymercedes.com.ar\/principal\/wp-json\/wp\/v2\/posts\/172584\/revisions"}],"wp:featuredmedia":[{"embeddable":true,"href":"https:\/\/www.hoymercedes.com.ar\/principal\/wp-json\/wp\/v2\/media\/29167"}],"wp:attachment":[{"href":"https:\/\/www.hoymercedes.com.ar\/principal\/wp-json\/wp\/v2\/media?parent=172584"}],"wp:term":[{"taxonomy":"category","embeddable":true,"href":"https:\/\/www.hoymercedes.com.ar\/principal\/wp-json\/wp\/v2\/categories?post=172584"},{"taxonomy":"post_tag","embeddable":true,"href":"https:\/\/www.hoymercedes.com.ar\/principal\/wp-json\/wp\/v2\/tags?post=172584"}],"curies":[{"name":"wp","href":"https:\/\/api.w.org\/{rel}","templated":true}]}}