{"id":17259,"date":"2012-10-26T00:04:06","date_gmt":"2012-10-26T00:04:06","guid":{"rendered":"http:\/\/www.hoymercedes.com.ar\/principal\/?p=17259"},"modified":"2012-10-26T01:04:08","modified_gmt":"2012-10-26T01:04:08","slug":"cestari-reafirma-su-vision-respecto-al-desfile-infierno-y-el-gasto-que-genero","status":"publish","type":"post","link":"https:\/\/www.hoymercedes.com.ar\/principal\/2012\/10\/26\/cestari-reafirma-su-vision-respecto-al-desfile-infierno-y-el-gasto-que-genero\/","title":{"rendered":"Cestari reafirma su visi\u00f3n respecto al Desfile \u00abInfierno\u00bb y el gasto que gener\u00f3"},"content":{"rendered":"<p>El concejal del MIC Mercedes ratific\u00f3 su opini\u00f3n respecto a que era preferible darle un subsidio a LALCEC en lugar de efectuar el desfile Infierno 2012 entendiendo que se gast\u00f3 much\u00edsimo para algo que dej\u00f3 muy poco. Dicha visi\u00f3n ya la hab\u00eda dado tiempo atr\u00e1s, pero, ahora, con el informe oficial sobre el asunto ratifica sus dichos de la siguiente manera:<\/p>\n<p>El Director de Turismo Walter Marcelo Melo (firma la contestaci\u00f3n con fecha 28 de agosto de 2012) tom\u00e1ndose casi cuatro meses para informar lo que el concejal presum\u00eda. \u201cEl evento fue organizado por la Municipalidad de Mercedes, con la producci\u00f3n del Sr. Beto Bondanza. Como en anteriores realizaciones el motivo es de esparcimiento general, promoci\u00f3n de modelos locales y beneficio a Instituciones de bien p\u00fablico. Fueron utilizadas partidas de Direcci\u00f3n de Cultura y Direcci\u00f3n de Turismo ambas bajo la jurisdicci\u00f3n de la Secretar\u00eda de Gobierno, y como se viene realizando desde el a\u00f1o 2006 a la fecha (partida 3.490) contrataci\u00f3n de profesionales, por un total de $ 83.180. LALCEC se benefici\u00f3 con el alquiler de las sillas, por lo que obtuvo un ingreso de $ 7.920.\u201d La contestaci\u00f3n lleg\u00f3, se envi\u00f3 a archivo. Pero gastar $ 83.180 para que solo se le entregue a LALCEC $ 7.920, a nuestro criterio no es equitativo. En todo caso era m\u00e1s sencillo y menos costoso para el Estado Municipal entregar un subsidio a dicha instituci\u00f3n de bien p\u00fablico. Lo llamativo es que el informe no fue firmado por el Director de Cultura Profesor V\u00edctor St\u00e1bile.<\/p>\n","protected":false},"excerpt":{"rendered":"<p>El concejal del MIC Mercedes ratific\u00f3 su opini\u00f3n respecto a que era preferible darle un subsidio a LALCEC en lugar &#8230; <a title=\"Cestari reafirma su visi\u00f3n respecto al Desfile \u00abInfierno\u00bb y el gasto que gener\u00f3\" class=\"read-more\" href=\"https:\/\/www.hoymercedes.com.ar\/principal\/2012\/10\/26\/cestari-reafirma-su-vision-respecto-al-desfile-infierno-y-el-gasto-que-genero\/\" aria-label=\"Leer m\u00e1s sobre Cestari reafirma su visi\u00f3n respecto al Desfile \u00abInfierno\u00bb y el gasto que gener\u00f3\">Leer m\u00e1s<\/a><\/p>\n","protected":false},"author":1,"featured_media":0,"comment_status":"open","ping_status":"open","sticky":false,"template":"","format":"standard","meta":{"_monsterinsights_skip_tracking":false,"_monsterinsights_sitenote_active":false,"_monsterinsights_sitenote_note":"","_monsterinsights_sitenote_category":0,"jetpack_post_was_ever_published":false,"_jetpack_newsletter_access":"","_jetpack_dont_email_post_to_subs":false,"_jetpack_newsletter_tier_id":0,"_jetpack_memberships_contains_paywalled_content":false,"_jetpack_memberships_contains_paid_content":false,"footnotes":"","jetpack_publicize_message":"","jetpack_publicize_feature_enabled":true,"jetpack_social_post_already_shared":false,"jetpack_social_options":{"image_generator_settings":{"template":"highway","default_image_id":0,"font":"","enabled":false},"version":2},"_wpas_customize_per_network":false},"categories":[5],"tags":[321],"class_list":["post-17259","post","type-post","status-publish","format-standard","hentry","category-politica","tag-jose-cestari","generate-columns","tablet-grid-50","mobile-grid-100","grid-parent","grid-50"],"jetpack_publicize_connections":[],"jetpack_featured_media_url":"","wps_subtitle":"","jetpack_sharing_enabled":true,"_links":{"self":[{"href":"https:\/\/www.hoymercedes.com.ar\/principal\/wp-json\/wp\/v2\/posts\/17259","targetHints":{"allow":["GET"]}}],"collection":[{"href":"https:\/\/www.hoymercedes.com.ar\/principal\/wp-json\/wp\/v2\/posts"}],"about":[{"href":"https:\/\/www.hoymercedes.com.ar\/principal\/wp-json\/wp\/v2\/types\/post"}],"author":[{"embeddable":true,"href":"https:\/\/www.hoymercedes.com.ar\/principal\/wp-json\/wp\/v2\/users\/1"}],"replies":[{"embeddable":true,"href":"https:\/\/www.hoymercedes.com.ar\/principal\/wp-json\/wp\/v2\/comments?post=17259"}],"version-history":[{"count":0,"href":"https:\/\/www.hoymercedes.com.ar\/principal\/wp-json\/wp\/v2\/posts\/17259\/revisions"}],"wp:attachment":[{"href":"https:\/\/www.hoymercedes.com.ar\/principal\/wp-json\/wp\/v2\/media?parent=17259"}],"wp:term":[{"taxonomy":"category","embeddable":true,"href":"https:\/\/www.hoymercedes.com.ar\/principal\/wp-json\/wp\/v2\/categories?post=17259"},{"taxonomy":"post_tag","embeddable":true,"href":"https:\/\/www.hoymercedes.com.ar\/principal\/wp-json\/wp\/v2\/tags?post=17259"}],"curies":[{"name":"wp","href":"https:\/\/api.w.org\/{rel}","templated":true}]}}