{"id":172744,"date":"2024-02-09T11:28:00","date_gmt":"2024-02-09T14:28:00","guid":{"rendered":"https:\/\/www.hoymercedes.com.ar\/principal\/?p=172744"},"modified":"2024-02-09T16:33:41","modified_gmt":"2024-02-09T19:33:41","slug":"el-dr-vero-recuerda-a-norma-elena-echaire-a-dias-de-su-fallecimiento","status":"publish","type":"post","link":"https:\/\/www.hoymercedes.com.ar\/principal\/2024\/02\/09\/el-dr-vero-recuerda-a-norma-elena-echaire-a-dias-de-su-fallecimiento\/","title":{"rendered":"El Dr Vero recuerda a Norma Elena Echaire a d\u00edas de su fallecimiento"},"content":{"rendered":"<div class=\"wp-block-image\">\n<figure class=\"alignleft size-full is-resized\"><img decoding=\"async\" src=\"https:\/\/www.hoymercedes.com.ar\/principal\/wp-content\/uploads\/2024\/02\/image.png\" alt=\"\" class=\"wp-image-172745\" style=\"width:429px;height:auto\"\/><\/figure>\n<\/div>\n\n\n<p><span style=\"color: rgb(34, 34, 34); font-family: Verdana, Geneva, sans-serif; font-size: 15px; white-space-collapse: collapse;\">El pasado domingo se conoci\u00f3 el fallecimiento de la Dra. Norma Elena Echaire, destacada letrada que form\u00f3 parte del Colegio de Abogados del Departamento Judicial Mercedes. A modo de homenaje, el Dr. Horacio Alberto Vero le dedica unas sentidas palabras:<\/span><\/p>\n\n\n\n<p><p style=\"box-sizing: border-box; margin-right: auto; margin-bottom: 26px; margin-left: auto; overflow-wrap: break-word; color: rgb(34, 34, 34); font-family: Verdana, Geneva, sans-serif; font-size: 15px; white-space-collapse: collapse;\">Nos ha dejado f\u00edsicamente la Dra. Norma Elena Echaire. Para quienes tuvimos el placer de conocerla y tratarla era, cari\u00f1osamente, \u201cPirucha\u201d.En esta hora, evoco sus ojos incre\u00edblemente celestes y transparentes, que dejaban ver, sin esfuerzo, el fondo mismo de su alma.<\/p><\/p>\n\n\n\n<p><p style=\"box-sizing: border-box; margin-right: auto; margin-bottom: 26px; margin-left: auto; overflow-wrap: break-word; color: rgb(34, 34, 34); font-family: Verdana, Geneva, sans-serif; font-size: 15px; white-space-collapse: collapse;\">Su elegante figura engalan\u00f3 durante cuatro d\u00e9cadas los hoy a\u00f1orados pasillos de los Tribunales mercedinos, gan\u00e1ndose de forma merecida el respeto por parte de colegas, empleados, funcionarios y magistrados.Comenz\u00f3 a ejercer la profesi\u00f3n que tanto amaba en una \u00e9poca en donde a las mujeres todo les costaba m\u00e1s, porque eran contadas las abogadas y porque la sociedad de esos tiempos ten\u00eda otro concepto con relaci\u00f3n al rol que cab\u00eda a aqu\u00e9llas en una comunidad organizada.<\/p><\/p>\n\n\n\n<p><p style=\"box-sizing: border-box; margin-right: auto; margin-bottom: 26px; margin-left: auto; overflow-wrap: break-word; color: rgb(34, 34, 34); font-family: Verdana, Geneva, sans-serif; font-size: 15px; white-space-collapse: collapse;\">Poco le import\u00f3 a \u201cPirucha\u201d tal pensamiento. Merced a su capacidad y fuerte personalidad se convirti\u00f3 en una letrada reconocida y en una dirigente de fuste, ocupando diversos cargos en el Colegio de Abogados de Mercedes, cuando los cupos femeninos y la obligaci\u00f3n legal de incorporar abogadas era algo absolutamente desconocido e impensado.\u201cPirucha\u201d era poseedora de una gran cultura. <\/p><\/p>\n\n\n\n<p><p style=\"box-sizing: border-box; margin-right: auto; margin-bottom: 26px; margin-left: auto; overflow-wrap: break-word; color: rgb(34, 34, 34); font-family: Verdana, Geneva, sans-serif; font-size: 15px; white-space-collapse: collapse;\">Su presencia en reuniones y eventos brindaba la tranquilidad de contar con una anfitriona de lujo, que generaba desde su voz pausada y sus gestos sin urgencias, c\u00e1lidos espacios para el di\u00e1logo, el debate y el encuentro. De igual forma, fue una \u201cembajadora\u201d que prestigiaba a nuestra Casa en cuanta misi\u00f3n institucional se le confer\u00eda.<\/p><\/p>\n\n\n\n<p><p style=\"box-sizing: border-box; margin-right: auto; margin-bottom: 26px; margin-left: auto; overflow-wrap: break-word; color: rgb(34, 34, 34); font-family: Verdana, Geneva, sans-serif; font-size: 15px; white-space-collapse: collapse;\">Honr\u00f3 a la abogac\u00eda con un ejercicio responsable y honesto. Y como dirigente dijo presente cada vez que fue convocada. As\u00ed la recuerdo durante las tres presidencias en mi amado Colegio.Nos ha dejado f\u00edsicamente la Dra. Norma Elena Echaire. Nuestra querida e inolvidable \u201cPirucha\u201d. <\/p><\/p>\n\n\n\n<p><p style=\"box-sizing: border-box; margin-right: auto; margin-bottom: 26px; margin-left: auto; overflow-wrap: break-word; color: rgb(34, 34, 34); font-family: Verdana, Geneva, sans-serif; font-size: 15px; white-space-collapse: collapse;\">A partir de ahora, sus ojos incre\u00edblemente celestes y transparentes ser\u00e1n dos nuevas estrellas en el cielo eterno del descanso en paz.<\/p><\/p>\n\n\n\n<p><p style=\"box-sizing: border-box; margin-right: auto; margin-bottom: 26px; margin-left: auto; overflow-wrap: break-word; color: rgb(34, 34, 34); font-family: Verdana, Geneva, sans-serif; font-size: 15px; white-space-collapse: collapse;\">Dr. Horacio Alberto Vero<\/p><\/p>\n","protected":false},"excerpt":{"rendered":"<p>El pasado domingo se conoci\u00f3 el fallecimiento de la Dra. Norma Elena Echaire, destacada letrada que form\u00f3 parte del Colegio &#8230; <a title=\"El Dr Vero recuerda a Norma Elena Echaire a d\u00edas de su fallecimiento\" class=\"read-more\" href=\"https:\/\/www.hoymercedes.com.ar\/principal\/2024\/02\/09\/el-dr-vero-recuerda-a-norma-elena-echaire-a-dias-de-su-fallecimiento\/\" aria-label=\"Leer m\u00e1s sobre El Dr Vero recuerda a Norma Elena Echaire a d\u00edas de su fallecimiento\">Leer m\u00e1s<\/a><\/p>\n","protected":false},"author":1,"featured_media":0,"comment_status":"closed","ping_status":"open","sticky":false,"template":"","format":"standard","meta":{"_monsterinsights_skip_tracking":false,"_monsterinsights_sitenote_active":false,"_monsterinsights_sitenote_note":"","_monsterinsights_sitenote_category":0,"jetpack_post_was_ever_published":false,"_jetpack_newsletter_access":"","_jetpack_dont_email_post_to_subs":false,"_jetpack_newsletter_tier_id":0,"_jetpack_memberships_contains_paywalled_content":false,"_jetpack_memberships_contains_paid_content":false,"footnotes":"","jetpack_publicize_message":"","jetpack_publicize_feature_enabled":true,"jetpack_social_post_already_shared":true,"jetpack_social_options":{"image_generator_settings":{"template":"highway","default_image_id":0,"font":"","enabled":false},"version":2},"_wpas_customize_per_network":false},"categories":[8],"tags":[],"class_list":["post-172744","post","type-post","status-publish","format-standard","hentry","category-sociedad","generate-columns","tablet-grid-50","mobile-grid-100","grid-parent","grid-50"],"jetpack_publicize_connections":[],"jetpack_featured_media_url":"","wps_subtitle":"","jetpack_sharing_enabled":true,"_links":{"self":[{"href":"https:\/\/www.hoymercedes.com.ar\/principal\/wp-json\/wp\/v2\/posts\/172744","targetHints":{"allow":["GET"]}}],"collection":[{"href":"https:\/\/www.hoymercedes.com.ar\/principal\/wp-json\/wp\/v2\/posts"}],"about":[{"href":"https:\/\/www.hoymercedes.com.ar\/principal\/wp-json\/wp\/v2\/types\/post"}],"author":[{"embeddable":true,"href":"https:\/\/www.hoymercedes.com.ar\/principal\/wp-json\/wp\/v2\/users\/1"}],"replies":[{"embeddable":true,"href":"https:\/\/www.hoymercedes.com.ar\/principal\/wp-json\/wp\/v2\/comments?post=172744"}],"version-history":[{"count":0,"href":"https:\/\/www.hoymercedes.com.ar\/principal\/wp-json\/wp\/v2\/posts\/172744\/revisions"}],"wp:attachment":[{"href":"https:\/\/www.hoymercedes.com.ar\/principal\/wp-json\/wp\/v2\/media?parent=172744"}],"wp:term":[{"taxonomy":"category","embeddable":true,"href":"https:\/\/www.hoymercedes.com.ar\/principal\/wp-json\/wp\/v2\/categories?post=172744"},{"taxonomy":"post_tag","embeddable":true,"href":"https:\/\/www.hoymercedes.com.ar\/principal\/wp-json\/wp\/v2\/tags?post=172744"}],"curies":[{"name":"wp","href":"https:\/\/api.w.org\/{rel}","templated":true}]}}