{"id":172753,"date":"2024-02-09T17:10:01","date_gmt":"2024-02-09T20:10:01","guid":{"rendered":"https:\/\/www.hoymercedes.com.ar\/principal\/?p=172753"},"modified":"2024-02-09T17:10:04","modified_gmt":"2024-02-09T20:10:04","slug":"convocan-para-la-agenda-cultural-2024","status":"publish","type":"post","link":"https:\/\/www.hoymercedes.com.ar\/principal\/2024\/02\/09\/convocan-para-la-agenda-cultural-2024\/","title":{"rendered":"Convocan para la Agenda Cultural 2024"},"content":{"rendered":"\n<p>Desde el Teatro Argentino \u00abInt. Julio C. Gioscio\u00bb est\u00e1n gestando la Agenda Cultural 2024 y, en ese marco, se convoca a artistas, creadores y talentos locales a sumarse a esta propuesta. La convocatoria est\u00e1 abierta a todos aquellos interesados en contribuir con su arte y propuestas culturales.<\/p>\n\n\n\n<p>Los interesados pueden enviar su material y\/o propuestas al correo electr\u00f3nico correspondiente seg\u00fan la categor\u00eda en la que deseen participar:<\/p>\n\n\n\n<p>Teatro Argentino Julio Gioscio remitir informaci\u00f3n a\u00a0<a href=\"mailto:teatroargentino_mercedes@gmail.com\">teatroargentino_mercedes@gmail.com<\/a>. <\/p>\n\n\n\n<p>Para participar de los ac\u00fasticos de este a\u00f1o remitir; de la grilla cultural del Centro Cultural La Trocha o integraci\u00f3n el RAM (Registro de Artistas Mercedinos) hay que comunicarse con mail:\u00a0<a href=\"mailto:culturamercedes@yahoo.com.ar\">culturamercedes@yahoo.com.ar<\/a>. <\/p>\n\n\n\n<p>Al mismo mail tienen que remitir informaci\u00f3n los interesados en sumarse a Arte Mi (cat\u00e1logo virtual de arte local). En tanto que para integrar los proyectos expositivos del 2024 hay que enviar mail a: museodeartemamm@gmail.com<\/p>\n\n\n\n<p>Mercedes busca integrar una variedad de expresiones culturales y art\u00edsticas en su Agenda Cultural 2024. Esta es una oportunidad \u00fanica para los artistas locales de destacar y compartir sus talentos en un escenario reconocido.<\/p>\n\n\n\n<p>Colaboraci\u00f3n Mariano Oyarz\u00fa<\/p>\n","protected":false},"excerpt":{"rendered":"<p>Desde el Teatro Argentino \u00abInt. Julio C. Gioscio\u00bb est\u00e1n gestando la Agenda Cultural 2024 y, en ese marco, se convoca &#8230; <a title=\"Convocan para la Agenda Cultural 2024\" class=\"read-more\" href=\"https:\/\/www.hoymercedes.com.ar\/principal\/2024\/02\/09\/convocan-para-la-agenda-cultural-2024\/\" aria-label=\"Leer m\u00e1s sobre Convocan para la Agenda Cultural 2024\">Leer m\u00e1s<\/a><\/p>\n","protected":false},"author":1,"featured_media":157004,"comment_status":"closed","ping_status":"open","sticky":false,"template":"","format":"standard","meta":{"_monsterinsights_skip_tracking":false,"_monsterinsights_sitenote_active":false,"_monsterinsights_sitenote_note":"","_monsterinsights_sitenote_category":0,"jetpack_post_was_ever_published":false,"_jetpack_newsletter_access":"","_jetpack_dont_email_post_to_subs":false,"_jetpack_newsletter_tier_id":0,"_jetpack_memberships_contains_paywalled_content":false,"_jetpack_memberships_contains_paid_content":false,"footnotes":"","jetpack_publicize_message":"","jetpack_publicize_feature_enabled":true,"jetpack_social_post_already_shared":true,"jetpack_social_options":{"image_generator_settings":{"template":"highway","default_image_id":0,"font":"","enabled":false},"version":2},"_wpas_customize_per_network":false},"categories":[104],"tags":[7805],"class_list":["post-172753","post","type-post","status-publish","format-standard","has-post-thumbnail","hentry","category-cultura","tag-cultura","generate-columns","tablet-grid-50","mobile-grid-100","grid-parent","grid-50"],"jetpack_publicize_connections":[],"jetpack_featured_media_url":"https:\/\/www.hoymercedes.com.ar\/principal\/wp-content\/uploads\/2022\/12\/TeatroArgentino-Mercedes.jpg","wps_subtitle":"","jetpack_sharing_enabled":true,"_links":{"self":[{"href":"https:\/\/www.hoymercedes.com.ar\/principal\/wp-json\/wp\/v2\/posts\/172753","targetHints":{"allow":["GET"]}}],"collection":[{"href":"https:\/\/www.hoymercedes.com.ar\/principal\/wp-json\/wp\/v2\/posts"}],"about":[{"href":"https:\/\/www.hoymercedes.com.ar\/principal\/wp-json\/wp\/v2\/types\/post"}],"author":[{"embeddable":true,"href":"https:\/\/www.hoymercedes.com.ar\/principal\/wp-json\/wp\/v2\/users\/1"}],"replies":[{"embeddable":true,"href":"https:\/\/www.hoymercedes.com.ar\/principal\/wp-json\/wp\/v2\/comments?post=172753"}],"version-history":[{"count":0,"href":"https:\/\/www.hoymercedes.com.ar\/principal\/wp-json\/wp\/v2\/posts\/172753\/revisions"}],"wp:featuredmedia":[{"embeddable":true,"href":"https:\/\/www.hoymercedes.com.ar\/principal\/wp-json\/wp\/v2\/media\/157004"}],"wp:attachment":[{"href":"https:\/\/www.hoymercedes.com.ar\/principal\/wp-json\/wp\/v2\/media?parent=172753"}],"wp:term":[{"taxonomy":"category","embeddable":true,"href":"https:\/\/www.hoymercedes.com.ar\/principal\/wp-json\/wp\/v2\/categories?post=172753"},{"taxonomy":"post_tag","embeddable":true,"href":"https:\/\/www.hoymercedes.com.ar\/principal\/wp-json\/wp\/v2\/tags?post=172753"}],"curies":[{"name":"wp","href":"https:\/\/api.w.org\/{rel}","templated":true}]}}