{"id":17280,"date":"2012-10-26T00:57:19","date_gmt":"2012-10-26T00:57:19","guid":{"rendered":"http:\/\/www.hoymercedes.com.ar\/principal\/?p=17280"},"modified":"2012-10-26T00:58:14","modified_gmt":"2012-10-26T00:58:14","slug":"se-realizara-taller-sobre-violencia-de-genero","status":"publish","type":"post","link":"https:\/\/www.hoymercedes.com.ar\/principal\/2012\/10\/26\/se-realizara-taller-sobre-violencia-de-genero\/","title":{"rendered":"Se realizar\u00e1 taller sobre \u00abViolencia de g\u00e9nero\u00bb"},"content":{"rendered":"<p><a href=\"https:\/\/www.hoymercedes.com.ar\/principal\/wp-content\/uploads\/2012\/10\/TallerdeGenero-JuanaAzurduy.jpg\"><img loading=\"lazy\" decoding=\"async\" data-attachment-id=\"17282\" data-permalink=\"https:\/\/www.hoymercedes.com.ar\/principal\/2012\/10\/26\/se-realizara-taller-sobre-violencia-de-genero\/tallerdegenero-juanaazurduy\/#main\" data-orig-file=\"https:\/\/www.hoymercedes.com.ar\/principal\/wp-content\/uploads\/2012\/10\/TallerdeGenero-JuanaAzurduy.jpg\" data-orig-size=\"616,245\" data-comments-opened=\"1\" data-image-meta=\"{&quot;aperture&quot;:&quot;0&quot;,&quot;credit&quot;:&quot;&quot;,&quot;camera&quot;:&quot;&quot;,&quot;caption&quot;:&quot;&quot;,&quot;created_timestamp&quot;:&quot;0&quot;,&quot;copyright&quot;:&quot;&quot;,&quot;focal_length&quot;:&quot;0&quot;,&quot;iso&quot;:&quot;0&quot;,&quot;shutter_speed&quot;:&quot;0&quot;,&quot;title&quot;:&quot;&quot;}\" data-image-title=\"TallerdeGenero-JuanaAzurduy\" data-image-description=\"\" data-image-caption=\"\" data-large-file=\"https:\/\/www.hoymercedes.com.ar\/principal\/wp-content\/uploads\/2012\/10\/TallerdeGenero-JuanaAzurduy.jpg\" class=\"aligncenter size-full wp-image-17282\" title=\"TallerdeGenero-JuanaAzurduy\" src=\"https:\/\/www.hoymercedes.com.ar\/principal\/wp-content\/uploads\/2012\/10\/TallerdeGenero-JuanaAzurduy.jpg\" alt=\"\" width=\"616\" height=\"245\" \/><\/a><\/p>\n<p>Se llevar\u00e1 a cabo en nuestra ciudad un taller orientado a lo que denominamos: \u00abviolencia de g\u00e9nero\u00bb en torno a la violencia sobre las mujeres especialmente.<\/p>\n<p>Desde el espacio femenino del Frente Mercedinos para la Victoria informan sobre el hecho a partir de las siguientes palabras:<\/p>\n<p style=\"padding-left: 30px;\">TODAS, espacio de la mujer del Frente Mercedino para la Victoria, invita al Taller sobre Violencia de G\u00e9nero que se realizar\u00e1 el jueves 1 de noviembre a las 18 en la Sociedad Espa\u00f1ola (Calle 28 e\/15 y 17) en el marco Programa Nacional Juana Azurduy de Fortalecimiento de Derechos y Participaci\u00f3n de las Mujeres.<\/p>\n<p style=\"padding-left: 30px;\">El taller, exclusivamente para mujeres, ser\u00e1 una ocasi\u00f3n para .informarse y reflexionar sobre una problem\u00e1tica que atraviesa a toda la sociedad.<\/p>\n<p style=\"padding-left: 30px;\">ACERCATE, PARTICIPA \u2026CONOCER NUESTROS DERECHOS PUEDE SER EL INICIO DE UNA NUEVA VIDA .<\/p>\n<p>Programa Juana Azurduy\u00a0naci\u00f3\u00a0a partir de la crisis del 2001-2002, donde las mujeres tuvieron la gran responsabilidad de ser el\u00a0\u00fanico\u00a0sustento de sus familias , ya que sus esposos\u00a0hab\u00edan\u00a0quedado sin trabajo.La ausencia del estado , la falta de respuestas a sus necesidades y la imposibilidad de acceder a un trabajo hizo que muchas mujeres se incorporaran a actividades sociales(comedores, , roperos comunitarios , trueque).La finalidad del Programa es aportar herramientas , para que las mujeres encuentren en el estado la\u00a0garant\u00eda\u00a0de sus derechos y sensibilizar a la comunidad y a los actores estatales sobre la potencialidad de una cultura de equidad e inclusi\u00f3n<\/p>\n","protected":false},"excerpt":{"rendered":"<p>Se llevar\u00e1 a cabo en nuestra ciudad un taller orientado a lo que denominamos: \u00abviolencia de g\u00e9nero\u00bb en torno a &#8230; <a title=\"Se realizar\u00e1 taller sobre \u00abViolencia de g\u00e9nero\u00bb\" class=\"read-more\" href=\"https:\/\/www.hoymercedes.com.ar\/principal\/2012\/10\/26\/se-realizara-taller-sobre-violencia-de-genero\/\" aria-label=\"Leer m\u00e1s sobre Se realizar\u00e1 taller sobre \u00abViolencia de g\u00e9nero\u00bb\">Leer m\u00e1s<\/a><\/p>\n","protected":false},"author":1,"featured_media":0,"comment_status":"open","ping_status":"open","sticky":false,"template":"","format":"standard","meta":{"_monsterinsights_skip_tracking":false,"_monsterinsights_sitenote_active":false,"_monsterinsights_sitenote_note":"","_monsterinsights_sitenote_category":0,"jetpack_post_was_ever_published":false,"_jetpack_newsletter_access":"","_jetpack_dont_email_post_to_subs":false,"_jetpack_newsletter_tier_id":0,"_jetpack_memberships_contains_paywalled_content":false,"_jetpack_memberships_contains_paid_content":false,"footnotes":"","jetpack_publicize_message":"","jetpack_publicize_feature_enabled":true,"jetpack_social_post_already_shared":false,"jetpack_social_options":{"image_generator_settings":{"template":"highway","default_image_id":0,"font":"","enabled":false},"version":2},"_wpas_customize_per_network":false},"categories":[5],"tags":[2892,2891],"class_list":["post-17280","post","type-post","status-publish","format-standard","hentry","category-politica","tag-mujeres-frente-mercedino","tag-taller-frente-de-mujeres-k","generate-columns","tablet-grid-50","mobile-grid-100","grid-parent","grid-50"],"jetpack_publicize_connections":[],"jetpack_featured_media_url":"","wps_subtitle":"","jetpack_sharing_enabled":true,"_links":{"self":[{"href":"https:\/\/www.hoymercedes.com.ar\/principal\/wp-json\/wp\/v2\/posts\/17280","targetHints":{"allow":["GET"]}}],"collection":[{"href":"https:\/\/www.hoymercedes.com.ar\/principal\/wp-json\/wp\/v2\/posts"}],"about":[{"href":"https:\/\/www.hoymercedes.com.ar\/principal\/wp-json\/wp\/v2\/types\/post"}],"author":[{"embeddable":true,"href":"https:\/\/www.hoymercedes.com.ar\/principal\/wp-json\/wp\/v2\/users\/1"}],"replies":[{"embeddable":true,"href":"https:\/\/www.hoymercedes.com.ar\/principal\/wp-json\/wp\/v2\/comments?post=17280"}],"version-history":[{"count":0,"href":"https:\/\/www.hoymercedes.com.ar\/principal\/wp-json\/wp\/v2\/posts\/17280\/revisions"}],"wp:attachment":[{"href":"https:\/\/www.hoymercedes.com.ar\/principal\/wp-json\/wp\/v2\/media?parent=17280"}],"wp:term":[{"taxonomy":"category","embeddable":true,"href":"https:\/\/www.hoymercedes.com.ar\/principal\/wp-json\/wp\/v2\/categories?post=17280"},{"taxonomy":"post_tag","embeddable":true,"href":"https:\/\/www.hoymercedes.com.ar\/principal\/wp-json\/wp\/v2\/tags?post=17280"}],"curies":[{"name":"wp","href":"https:\/\/api.w.org\/{rel}","templated":true}]}}