{"id":172856,"date":"2024-02-13T11:47:00","date_gmt":"2024-02-13T14:47:00","guid":{"rendered":"https:\/\/www.hoymercedes.com.ar\/principal\/?p=172856"},"modified":"2024-02-17T01:37:26","modified_gmt":"2024-02-17T04:37:26","slug":"12-8-cayo-el-consumo-de-carne-tras-liberacion-de-precios","status":"publish","type":"post","link":"https:\/\/www.hoymercedes.com.ar\/principal\/2024\/02\/13\/12-8-cayo-el-consumo-de-carne-tras-liberacion-de-precios\/","title":{"rendered":"12.8% cay\u00f3 el consumo de carne tras liberaci\u00f3n de precios"},"content":{"rendered":"\n<figure class=\"wp-block-image size-large\"><img loading=\"lazy\" decoding=\"async\" width=\"1024\" height=\"768\" data-attachment-id=\"172857\" data-permalink=\"https:\/\/www.hoymercedes.com.ar\/principal\/2024\/02\/13\/12-8-cayo-el-consumo-de-carne-tras-liberacion-de-precios\/carne-argentina\/#main\" data-orig-file=\"https:\/\/www.hoymercedes.com.ar\/principal\/wp-content\/uploads\/2024\/02\/carne-argentina.jpg\" data-orig-size=\"1280,960\" data-comments-opened=\"0\" data-image-meta=\"{&quot;aperture&quot;:&quot;0&quot;,&quot;credit&quot;:&quot;&quot;,&quot;camera&quot;:&quot;&quot;,&quot;caption&quot;:&quot;&quot;,&quot;created_timestamp&quot;:&quot;0&quot;,&quot;copyright&quot;:&quot;&quot;,&quot;focal_length&quot;:&quot;0&quot;,&quot;iso&quot;:&quot;0&quot;,&quot;shutter_speed&quot;:&quot;0&quot;,&quot;title&quot;:&quot;&quot;,&quot;orientation&quot;:&quot;0&quot;}\" data-image-title=\"carne-argentina\" data-image-description=\"\" data-image-caption=\"\" data-large-file=\"https:\/\/www.hoymercedes.com.ar\/principal\/wp-content\/uploads\/2024\/02\/carne-argentina-1024x768.jpg\" src=\"https:\/\/www.hoymercedes.com.ar\/principal\/wp-content\/uploads\/2024\/02\/carne-argentina-1024x768.jpg\" alt=\"\" class=\"wp-image-172857\" srcset=\"https:\/\/www.hoymercedes.com.ar\/principal\/wp-content\/uploads\/2024\/02\/carne-argentina-1024x768.jpg 1024w, https:\/\/www.hoymercedes.com.ar\/principal\/wp-content\/uploads\/2024\/02\/carne-argentina-630x473.jpg 630w, https:\/\/www.hoymercedes.com.ar\/principal\/wp-content\/uploads\/2024\/02\/carne-argentina-150x113.jpg 150w, https:\/\/www.hoymercedes.com.ar\/principal\/wp-content\/uploads\/2024\/02\/carne-argentina.jpg 1280w\" sizes=\"auto, (max-width: 1024px) 100vw, 1024px\" \/><\/figure>\n\n\n\n<p>Un informe oficial da cuenta de la ca\u00edda del consumo de carne tras la liberaci\u00f3n de precios efectuada por el gobierno de Milei y Juntos. El dato es preocupante porque, adem\u00e1s, podr\u00eda traer nuevos aumentos pronto. Adem\u00e1s, se inform\u00f3 que la \u201cmarea\u201d exportadora hace que falten cortes y se eleven los valores al mercado interno.<\/p>\n\n\n\n<p>En el informe se detalla que durante 2023 el faenamiento creci\u00f3 un 4,8 por ciento, teniendo en cuenta que el consumo anual lleg\u00f3 a los 2,455 millones de toneladas, incluso a pesar de los altos precios del producto en el mostrador, que creci\u00f3 sin pausa durante los 12 meses. En funci\u00f3n de estos datos, al consumo per c\u00e1pita, tomando todo el a\u00f1o, lleg\u00f3 a un equivalente a 52,9 kg por habitantes en doce meses, lo que significa un crecimiento de 3,6% anual. De todas maneras, se mantiene muy por debajo de los valores hist\u00f3ricos.<\/p>\n\n\n\n<p>\u00abLos precios se van a ir afirmando y de a poco van a ir subiendo y acompa\u00f1ando la inflaci\u00f3n\u00ab, explic\u00f3 Sergio Pedace, desde su espacio de presidente de la C\u00e1mara Argentina de Matarifes y Abastecedores. Tambi\u00e9n asegur\u00f3 que la suba \u00abya no depende del consumo interno, porque la gente se ha volcado m\u00e1s al cerdo, que est\u00e1 muy barato, y al pollo, que ya lleg\u00f3 a su techo\u00bb detall\u00f3 el medio <a href=\"https:\/\/www.tiempoar.com.ar\/ta_article\/el-consumo-de-carne-bajo-un-128-luego-de-la-liberacion-de-precios\/\" target=\"_blank\" rel=\"noopener\">Tiempo Argentino<\/a> narrando la situaci\u00f3n en todo el pa\u00eds.<\/p>\n","protected":false},"excerpt":{"rendered":"<p>Un informe oficial da cuenta de la ca\u00edda del consumo de carne tras la liberaci\u00f3n de precios efectuada por el &#8230; <a title=\"12.8% cay\u00f3 el consumo de carne tras liberaci\u00f3n de precios\" class=\"read-more\" href=\"https:\/\/www.hoymercedes.com.ar\/principal\/2024\/02\/13\/12-8-cayo-el-consumo-de-carne-tras-liberacion-de-precios\/\" aria-label=\"Leer m\u00e1s sobre 12.8% cay\u00f3 el consumo de carne tras liberaci\u00f3n de precios\">Leer m\u00e1s<\/a><\/p>\n","protected":false},"author":1,"featured_media":172857,"comment_status":"closed","ping_status":"open","sticky":false,"template":"","format":"standard","meta":{"_monsterinsights_skip_tracking":false,"_monsterinsights_sitenote_active":false,"_monsterinsights_sitenote_note":"","_monsterinsights_sitenote_category":0,"jetpack_post_was_ever_published":false,"_jetpack_newsletter_access":"","_jetpack_dont_email_post_to_subs":false,"_jetpack_newsletter_tier_id":0,"_jetpack_memberships_contains_paywalled_content":false,"_jetpack_memberships_contains_paid_content":false,"footnotes":"","jetpack_publicize_message":"","jetpack_publicize_feature_enabled":true,"jetpack_social_post_already_shared":true,"jetpack_social_options":{"image_generator_settings":{"template":"highway","default_image_id":0,"font":"","enabled":false},"version":2},"_wpas_customize_per_network":false},"categories":[8],"tags":[19178,19177],"class_list":["post-172856","post","type-post","status-publish","format-standard","has-post-thumbnail","hentry","category-sociedad","tag-caida-en-el-consumo-de-carne","tag-carne-argentina","generate-columns","tablet-grid-50","mobile-grid-100","grid-parent","grid-50"],"jetpack_publicize_connections":[],"jetpack_featured_media_url":"https:\/\/www.hoymercedes.com.ar\/principal\/wp-content\/uploads\/2024\/02\/carne-argentina.jpg","wps_subtitle":"Ca\u00edda de calidad de vida","jetpack_sharing_enabled":true,"_links":{"self":[{"href":"https:\/\/www.hoymercedes.com.ar\/principal\/wp-json\/wp\/v2\/posts\/172856","targetHints":{"allow":["GET"]}}],"collection":[{"href":"https:\/\/www.hoymercedes.com.ar\/principal\/wp-json\/wp\/v2\/posts"}],"about":[{"href":"https:\/\/www.hoymercedes.com.ar\/principal\/wp-json\/wp\/v2\/types\/post"}],"author":[{"embeddable":true,"href":"https:\/\/www.hoymercedes.com.ar\/principal\/wp-json\/wp\/v2\/users\/1"}],"replies":[{"embeddable":true,"href":"https:\/\/www.hoymercedes.com.ar\/principal\/wp-json\/wp\/v2\/comments?post=172856"}],"version-history":[{"count":0,"href":"https:\/\/www.hoymercedes.com.ar\/principal\/wp-json\/wp\/v2\/posts\/172856\/revisions"}],"wp:featuredmedia":[{"embeddable":true,"href":"https:\/\/www.hoymercedes.com.ar\/principal\/wp-json\/wp\/v2\/media\/172857"}],"wp:attachment":[{"href":"https:\/\/www.hoymercedes.com.ar\/principal\/wp-json\/wp\/v2\/media?parent=172856"}],"wp:term":[{"taxonomy":"category","embeddable":true,"href":"https:\/\/www.hoymercedes.com.ar\/principal\/wp-json\/wp\/v2\/categories?post=172856"},{"taxonomy":"post_tag","embeddable":true,"href":"https:\/\/www.hoymercedes.com.ar\/principal\/wp-json\/wp\/v2\/tags?post=172856"}],"curies":[{"name":"wp","href":"https:\/\/api.w.org\/{rel}","templated":true}]}}