{"id":172871,"date":"2024-02-13T18:46:20","date_gmt":"2024-02-13T21:46:20","guid":{"rendered":"https:\/\/www.hoymercedes.com.ar\/principal\/?p=172871"},"modified":"2024-02-13T18:46:23","modified_gmt":"2024-02-13T21:46:23","slug":"tras-persecucion-detienen-a-hombre-que-tenia-pedido-de-captura","status":"publish","type":"post","link":"https:\/\/www.hoymercedes.com.ar\/principal\/2024\/02\/13\/tras-persecucion-detienen-a-hombre-que-tenia-pedido-de-captura\/","title":{"rendered":"Tras persecuci\u00f3n detienen a hombre que ten\u00eda pedido de captura"},"content":{"rendered":"\n<p>La Polic\u00eda Comunal logr\u00f3 detener tras intenta b\u00fasqueda a un hombre que ten\u00eda pedido de captura emitido por la justicia, sindicado como autor del delito de \u201crobo agravado\u201d, entre otras cuestiones.<\/p>\n\n\n\n<p>Se trata de un hombre de 30 a\u00f1os de edad con persecuci\u00f3n desde la localidad de Gowland hasta calle 38 y 43 donde el cerco sobre el mencionado fue finalmente imposible de eludir y qued\u00f3 tras las rejas.<\/p>\n\n\n\n<p>Ahora deber\u00e1 rendir cuentas ante la U.F.I N\u00b03.<br>La persecuci\u00f3n se inici\u00f3 en calle 505 y 30 de Gowland y finaliz\u00f3 en Mercedes, de donde es oriundo el sujeto.<\/p>\n","protected":false},"excerpt":{"rendered":"<p>La Polic\u00eda Comunal logr\u00f3 detener tras intenta b\u00fasqueda a un hombre que ten\u00eda pedido de captura emitido por la justicia, &#8230; <a title=\"Tras persecuci\u00f3n detienen a hombre que ten\u00eda pedido de captura\" class=\"read-more\" href=\"https:\/\/www.hoymercedes.com.ar\/principal\/2024\/02\/13\/tras-persecucion-detienen-a-hombre-que-tenia-pedido-de-captura\/\" aria-label=\"Leer m\u00e1s sobre Tras persecuci\u00f3n detienen a hombre que ten\u00eda pedido de captura\">Leer m\u00e1s<\/a><\/p>\n","protected":false},"author":1,"featured_media":125642,"comment_status":"closed","ping_status":"open","sticky":false,"template":"","format":"standard","meta":{"_monsterinsights_skip_tracking":false,"_monsterinsights_sitenote_active":false,"_monsterinsights_sitenote_note":"","_monsterinsights_sitenote_category":0,"jetpack_post_was_ever_published":false,"_jetpack_newsletter_access":"","_jetpack_dont_email_post_to_subs":false,"_jetpack_newsletter_tier_id":0,"_jetpack_memberships_contains_paywalled_content":false,"_jetpack_memberships_contains_paid_content":false,"footnotes":"","jetpack_publicize_message":"","jetpack_publicize_feature_enabled":true,"jetpack_social_post_already_shared":true,"jetpack_social_options":{"image_generator_settings":{"template":"highway","default_image_id":0,"font":"","enabled":false},"version":2},"_wpas_customize_per_network":false},"categories":[8],"tags":[],"class_list":["post-172871","post","type-post","status-publish","format-standard","has-post-thumbnail","hentry","category-sociedad","generate-columns","tablet-grid-50","mobile-grid-100","grid-parent","grid-50"],"jetpack_publicize_connections":[],"jetpack_featured_media_url":"https:\/\/www.hoymercedes.com.ar\/principal\/wp-content\/uploads\/2021\/03\/02-movil-policia.jpg","wps_subtitle":"Tras las rejas","jetpack_sharing_enabled":true,"_links":{"self":[{"href":"https:\/\/www.hoymercedes.com.ar\/principal\/wp-json\/wp\/v2\/posts\/172871","targetHints":{"allow":["GET"]}}],"collection":[{"href":"https:\/\/www.hoymercedes.com.ar\/principal\/wp-json\/wp\/v2\/posts"}],"about":[{"href":"https:\/\/www.hoymercedes.com.ar\/principal\/wp-json\/wp\/v2\/types\/post"}],"author":[{"embeddable":true,"href":"https:\/\/www.hoymercedes.com.ar\/principal\/wp-json\/wp\/v2\/users\/1"}],"replies":[{"embeddable":true,"href":"https:\/\/www.hoymercedes.com.ar\/principal\/wp-json\/wp\/v2\/comments?post=172871"}],"version-history":[{"count":0,"href":"https:\/\/www.hoymercedes.com.ar\/principal\/wp-json\/wp\/v2\/posts\/172871\/revisions"}],"wp:featuredmedia":[{"embeddable":true,"href":"https:\/\/www.hoymercedes.com.ar\/principal\/wp-json\/wp\/v2\/media\/125642"}],"wp:attachment":[{"href":"https:\/\/www.hoymercedes.com.ar\/principal\/wp-json\/wp\/v2\/media?parent=172871"}],"wp:term":[{"taxonomy":"category","embeddable":true,"href":"https:\/\/www.hoymercedes.com.ar\/principal\/wp-json\/wp\/v2\/categories?post=172871"},{"taxonomy":"post_tag","embeddable":true,"href":"https:\/\/www.hoymercedes.com.ar\/principal\/wp-json\/wp\/v2\/tags?post=172871"}],"curies":[{"name":"wp","href":"https:\/\/api.w.org\/{rel}","templated":true}]}}