{"id":172877,"date":"2024-02-13T20:57:20","date_gmt":"2024-02-13T23:57:20","guid":{"rendered":"https:\/\/www.hoymercedes.com.ar\/principal\/?p=172877"},"modified":"2024-02-13T20:57:23","modified_gmt":"2024-02-13T23:57:23","slug":"autorizan-incremento-en-las-tarifas-de-los-taxis-en-mercedes","status":"publish","type":"post","link":"https:\/\/www.hoymercedes.com.ar\/principal\/2024\/02\/13\/autorizan-incremento-en-las-tarifas-de-los-taxis-en-mercedes\/","title":{"rendered":"Autorizan incremento en las tarifas de los taxis en Mercedes"},"content":{"rendered":"\n<p><strong><em>En sesi\u00f3n extraordinaria del Concejo Deliberante se aprob\u00f3 un incremento para la tarifa de taxis y remises en la ciudad. El tema trajo posturas encontradas entre los ediles como tambi\u00e9n entre los propios representantes de las paradas.<\/em><\/strong><\/p>\n\n\n<div class=\"wp-block-image\">\n<figure class=\"aligncenter size-full\"><img loading=\"lazy\" decoding=\"async\" width=\"847\" height=\"565\" data-attachment-id=\"172878\" data-permalink=\"https:\/\/www.hoymercedes.com.ar\/principal\/2024\/02\/13\/autorizan-incremento-en-las-tarifas-de-los-taxis-en-mercedes\/hcd-taxis\/#main\" data-orig-file=\"https:\/\/www.hoymercedes.com.ar\/principal\/wp-content\/uploads\/2024\/02\/hcd-taxis.png\" data-orig-size=\"847,565\" data-comments-opened=\"0\" data-image-meta=\"{&quot;aperture&quot;:&quot;0&quot;,&quot;credit&quot;:&quot;&quot;,&quot;camera&quot;:&quot;&quot;,&quot;caption&quot;:&quot;&quot;,&quot;created_timestamp&quot;:&quot;0&quot;,&quot;copyright&quot;:&quot;&quot;,&quot;focal_length&quot;:&quot;0&quot;,&quot;iso&quot;:&quot;0&quot;,&quot;shutter_speed&quot;:&quot;0&quot;,&quot;title&quot;:&quot;&quot;,&quot;orientation&quot;:&quot;0&quot;}\" data-image-title=\"hcd taxis\" data-image-description=\"\" data-image-caption=\"\" data-large-file=\"https:\/\/www.hoymercedes.com.ar\/principal\/wp-content\/uploads\/2024\/02\/hcd-taxis.png\" src=\"https:\/\/www.hoymercedes.com.ar\/principal\/wp-content\/uploads\/2024\/02\/hcd-taxis.png\" alt=\"\" class=\"wp-image-172878\" srcset=\"https:\/\/www.hoymercedes.com.ar\/principal\/wp-content\/uploads\/2024\/02\/hcd-taxis.png 847w, https:\/\/www.hoymercedes.com.ar\/principal\/wp-content\/uploads\/2024\/02\/hcd-taxis-630x420.png 630w, https:\/\/www.hoymercedes.com.ar\/principal\/wp-content\/uploads\/2024\/02\/hcd-taxis-150x100.png 150w\" sizes=\"auto, (max-width: 847px) 100vw, 847px\" \/><\/figure>\n<\/div>\n\n\n<p>El pasado jueves se llev\u00f3 a cabo una sesi\u00f3n extraordinaria en el Honorable Concejo Deliberante en la cual se dio tratamiento a algunos temas de importancia para la ciudad.<\/p>\n\n\n\n<p>Ante la compleja situaci\u00f3n econ\u00f3mica que le toca atravesar al pa\u00eds, los conductores de taxis y remises de la ciudad se reunieron previamente con los concejales para solicitar un incremento de tarifas, dado que dicha disposici\u00f3n es facultad del legislativo local.<\/p>\n\n\n\n<p>En ese contexto y tras haber dialogado con los representantes de la activad en Mercedes, los ediles aprobaron el nuevo incremento el cual qued\u00f3 estipulado en 1.200 pesos para la bajada de bandera y un costo de 60 pesos para la ficha por 100 metros o 30 segundos por reloj tarifario.&nbsp;<\/p>\n\n\n\n<p>Esta suba representa casi el doble de lo que se ven\u00eda cobrando hasta el momento, lo cual despert\u00f3 algunas contradicciones y disputas entre las diversas paradas de taxis y remises de la ciudad.<\/p>\n\n\n\n<p><strong>Posturas y unanimidad<\/strong><\/p>\n\n\n\n<p>Si bien la ordenanza para determinar el incremento de las tarifas para taxis y remises fue aprobada por la unanimidad de los bloques del HCD, lo cierto es que la tem\u00e1tica despert\u00f3 algunas controversias en el cuerpo.<\/p>\n\n\n\n<p>En principio, Fernando Masson (FdT) tom\u00f3 la palabra y comenz\u00f3 agradeciendo a los bloques por el acompa\u00f1amiento dado que \u201cpermitieron que cumpli\u00e9ramos con la palabra que le hab\u00edamos dado al sector de los taxistas el a\u00f1o pasado que -en caso de que la inflaci\u00f3n se acelerare y hubiera un contexto nuevamente complejo para poder sostener el servicio- \u00edbamos a volver a juntarnos y tratar los pedidos de aumento\u201d<\/p>\n\n\n\n<p>En la misma l\u00ednea y ejemplificando el trabajo llevado adelante desde el HCD tambi\u00e9n agradeci\u00f3 \u201cal de los taxistas que la mayor\u00eda estuvo de acuerdo con este aumento al que hemos llegado\u201d destacando que si bien \u201calgunos no\u201d se termin\u00f3 por aceptar la opini\u00f3n de la mayor\u00eda.<\/p>\n\n\n\n<p>Con respecto a la medida, el concejal puso el foco en que \u201cpor supuesto que no es simp\u00e1tico dar un aumento pero tuvimos en cuenta que hay que sostener este servicio p\u00fablico. Los taxistas dieron sus fundamentaciones en el aumento de combustible, de los repuestos y tambi\u00e9n el hecho de tener en cuenta que tienen que sostener a sus trabajadores\u201d.&nbsp;<\/p>\n\n\n\n<p>Por su parte, la concejal Silvia Di Leo, representante del bloque de La Libertad Avanza tambi\u00e9n se manifest\u00f3 de manera p\u00fablica en el recinto antes de entrar en la votaci\u00f3n del expediente y sostuvo que \u201cnosotros obviamente vamos a acompa\u00f1ar el aumento, no porque sea nuestra idea fijar tarifas sino que quiero dejar sentado que es una necesidad. Pero nuestra postura (la de la LLA) es que los taxistas sean ellos quienes regulen sus propias tarifas. Yo no conozco el mercado del taxi, no conozco los costos, no conozco absolutamente nada y creo que es algo que lo tienen que arreglar la oferta y la demanda. La ley (Ley Org\u00e1nica de la Municipalidades)&nbsp; nos obliga a fijar las tarifas por eso lo hacemos,&nbsp; no porque sea nuestra convicci\u00f3n\u201d.<\/p>\n\n\n\n<p>No obstante, la edil reconoci\u00f3 que \u201cera imposible manejarse con las tarifas que hab\u00eda hasta ahora\u201d y dej\u00f3 en claro la propuesta que acerc\u00f3 al cuerpo. \u201cLa idea fue establecer una franja en la cual ellos puedan moverse, pero nos dijeron que era imposible hacerlo por la Ley Org\u00e1nica y por la reglamentaci\u00f3n del HCD. Pero yo creo que no es una manera que 18 personas podamos determinar cu\u00e1l es el costo de la tarifa de un servicio como el taxi en este momento, sobre todo cuando hay un mont\u00f3n de paradas y cuando perfectamente podr\u00edan competir. Me parece que es bastante absurdo porque ahora nos vamos a tener que reunir en uno, dos o tres meses\u201d.<\/p>\n\n\n\n<p>Pese a que el proyecto trajo a colaci\u00f3n algunas posturas encontradas de parte de los bloques, el aumento fue aprobado por unanimidad.<\/p>\n\n\n\n<p><strong>Diferencias entre los taxistas<\/strong><\/p>\n\n\n\n<p>Por otra parte, antes de llegar a la votaci\u00f3n en el HCD los diferentes choferes de taxis y remises de la ciudad tambi\u00e9n salieron a manifestar sus diversas posturas en torno al incremento de la tarifa.<\/p>\n\n\n\n<p>En medio de las negociaciones con el Concejo, una de las que hizo p\u00fablica su opini\u00f3n fue Andrea Vara, delegada local de la Federaci\u00f3n de Conductores de Taxis de la Rep\u00fablica Argentina.<\/p>\n\n\n\n<p>En dialogo con diversos medio de la ciudad manifest\u00f3 que&nbsp; el aumento que finalmente se termin\u00f3 aprobando \u201catenta contra el bolsillo del usuario, prestando un servicio que deja mucho que desear\u201d.<\/p>\n\n\n\n<p>En ese sentido, Vara apunt\u00f3 a la complejidad de conseguir un auto disponible en la madrugada, sumado a la situaci\u00f3n econ\u00f3mica por la que atraviesa la Argentina.&nbsp;<\/p>\n\n\n\n<p>\u201cEl incremento del salario no se equipara con los precios que tenemos, va a haber gente que no va a poder subirse al taxi. Entonces para m\u00ed la ecuaci\u00f3n es muy simple, ha sido un error plantear la bajada de bandera a los 100 metros\u201d sostuvo Vara, dejando claro que hubiese sido mejor mantener la tarifa plana a 1.200 pesos y que la ficha de 60 pesos empiece a correr despu\u00e9s de los 1.000 metros.<\/p>\n\n\n\n<p>Ante las palabras de Andrea Vara en los medios de la ciudad, los representantes de las paradas 404, Taxi Mitre, Mi Taxi, Radio Taxi y Taxi Uni\u00f3n emitieron un comunicado al respecto, defendiendo el acuerdo al que se lleg\u00f3 con los concejales.<\/p>\n\n\n\n<p>Mediante un comunicado de prensa los taxistas expresaron que \u201cante las manifestaciones period\u00edsticas de la se\u00f1ora Andrea Vara en referencia al aumento de tarifas de taxis en Mercedes, la mayor\u00eda de los titulares de licencias de taxis manifestamos que no coincidimos ni apoyamos las mismas, las cuales reflejan un evidente desconocimiento de la realidad de nuestra actividad y m\u00e1s parecen manifestaciones pol\u00edticas que profesionales\u201d<\/p>\n\n\n\n<p>En la misma l\u00ednea y desconociendo la representatividad de Vara agregaron que \u201cen Mercedes no existe sindicato alguno de choferes, no hemos elegido delegado y no reconocemos a la se\u00f1ora Vara como referente de nuestra actividad\u201d.<\/p>\n\n\n\n<p>Volviendo a la cuesti\u00f3n tarifaria, los taxistas pusieron el punto en que \u201cdesde hace varios a\u00f1os los incrementos de tarifa han ido perdiendo ante la inflaci\u00f3n ya que el \u00cdndice de Precios de Consumo (IPC) no refleja los incrementos de costo de la actividad que han sido superiores. En el a\u00f1o 2022 el IPC anual fue de 95% mientras que la tarifa se increment\u00f3 en un 75% es decir un 20% por detr\u00e1s de la inflaci\u00f3n. En el a\u00f1o 2023 el IPC fue del 211% y el incremento de tarifa en el mismo periodo fue del 116%, un 95% menor\u201d, agregando que \u201ces evidente que el servicio ha perdido rentabilidad lo que va en detrimento de la calidad del mismo\u201d.<\/p>\n\n\n\n<p>Con respecto al acuerdo que llegaron con los concejales y que fue criticado por Andrea Vara, los taxistas manifestaron que \u201cla tarifa acordada este mes no recompone, ni mucho menos, los valores de hace dos a\u00f1os pero nos va a permitir sostener la actividad temporalmente y por poco tiempo en estos momentos de gran incertidumbre\u201d.<\/p>\n\n\n\n<p>\u201cLa misma est\u00e1 acorde, pesos m\u00e1s o pesos menos, con la mayor\u00eda de las localidades algunas de ellas que a similar tarifa tienen combustible a un 12% m\u00e1s barato (CABA) 24%&nbsp; (Neuqu\u00e9n, Viedma,&nbsp; Cipolletti).<\/p>\n\n\n\n<p>Por \u00faltimo y defendiendo la fuente laboral, los representantes de las paradas mencionadas pusieron el foco en el aumento del combustible el cual&nbsp; \u201cse increment\u00f3 m\u00e1s de un 160%&nbsp; siendo el insumo directo m\u00e1s importante\u201d<\/p>\n\n\n\n<p>\u201cNo queremos delegados, no queremos sindicatos y no queremos subsidios. Solo queremos tarifas acordes a nuestros costos que nos permitan sostener la actividad y a nuestras familias. Y no, no queremos atacar a nuestros usuarios, la mayor\u00eda de los cuales son conscientes de nuestra situaci\u00f3n\u201d concluyeron.<\/p>\n\n\n\n<p>Colaboraci\u00f3n Mariano Oyarz\u00fa<\/p>\n","protected":false},"excerpt":{"rendered":"<p>En sesi\u00f3n extraordinaria del Concejo Deliberante se aprob\u00f3 un incremento para la tarifa de taxis y remises en la ciudad. &#8230; <a title=\"Autorizan incremento en las tarifas de los taxis en Mercedes\" class=\"read-more\" href=\"https:\/\/www.hoymercedes.com.ar\/principal\/2024\/02\/13\/autorizan-incremento-en-las-tarifas-de-los-taxis-en-mercedes\/\" aria-label=\"Leer m\u00e1s sobre Autorizan incremento en las tarifas de los taxis en Mercedes\">Leer m\u00e1s<\/a><\/p>\n","protected":false},"author":1,"featured_media":172878,"comment_status":"closed","ping_status":"open","sticky":false,"template":"","format":"standard","meta":{"_monsterinsights_skip_tracking":false,"_monsterinsights_sitenote_active":false,"_monsterinsights_sitenote_note":"","_monsterinsights_sitenote_category":0,"jetpack_post_was_ever_published":false,"_jetpack_newsletter_access":"","_jetpack_dont_email_post_to_subs":false,"_jetpack_newsletter_tier_id":0,"_jetpack_memberships_contains_paywalled_content":false,"_jetpack_memberships_contains_paid_content":false,"footnotes":"","jetpack_publicize_message":"","jetpack_publicize_feature_enabled":true,"jetpack_social_post_already_shared":true,"jetpack_social_options":{"image_generator_settings":{"template":"highway","default_image_id":0,"font":"","enabled":false},"version":2},"_wpas_customize_per_network":false},"categories":[8],"tags":[],"class_list":["post-172877","post","type-post","status-publish","format-standard","has-post-thumbnail","hentry","category-sociedad","generate-columns","tablet-grid-50","mobile-grid-100","grid-parent","grid-50"],"jetpack_publicize_connections":[],"jetpack_featured_media_url":"https:\/\/www.hoymercedes.com.ar\/principal\/wp-content\/uploads\/2024\/02\/hcd-taxis.png","wps_subtitle":"","jetpack_sharing_enabled":true,"_links":{"self":[{"href":"https:\/\/www.hoymercedes.com.ar\/principal\/wp-json\/wp\/v2\/posts\/172877","targetHints":{"allow":["GET"]}}],"collection":[{"href":"https:\/\/www.hoymercedes.com.ar\/principal\/wp-json\/wp\/v2\/posts"}],"about":[{"href":"https:\/\/www.hoymercedes.com.ar\/principal\/wp-json\/wp\/v2\/types\/post"}],"author":[{"embeddable":true,"href":"https:\/\/www.hoymercedes.com.ar\/principal\/wp-json\/wp\/v2\/users\/1"}],"replies":[{"embeddable":true,"href":"https:\/\/www.hoymercedes.com.ar\/principal\/wp-json\/wp\/v2\/comments?post=172877"}],"version-history":[{"count":0,"href":"https:\/\/www.hoymercedes.com.ar\/principal\/wp-json\/wp\/v2\/posts\/172877\/revisions"}],"wp:featuredmedia":[{"embeddable":true,"href":"https:\/\/www.hoymercedes.com.ar\/principal\/wp-json\/wp\/v2\/media\/172878"}],"wp:attachment":[{"href":"https:\/\/www.hoymercedes.com.ar\/principal\/wp-json\/wp\/v2\/media?parent=172877"}],"wp:term":[{"taxonomy":"category","embeddable":true,"href":"https:\/\/www.hoymercedes.com.ar\/principal\/wp-json\/wp\/v2\/categories?post=172877"},{"taxonomy":"post_tag","embeddable":true,"href":"https:\/\/www.hoymercedes.com.ar\/principal\/wp-json\/wp\/v2\/tags?post=172877"}],"curies":[{"name":"wp","href":"https:\/\/api.w.org\/{rel}","templated":true}]}}