{"id":172881,"date":"2024-02-14T08:00:00","date_gmt":"2024-02-14T11:00:00","guid":{"rendered":"https:\/\/www.hoymercedes.com.ar\/principal\/?p=172881"},"modified":"2024-02-14T02:31:25","modified_gmt":"2024-02-14T05:31:25","slug":"finalizo-otro-multitudinario-y-creativo-carnaval-mercedino","status":"publish","type":"post","link":"https:\/\/www.hoymercedes.com.ar\/principal\/2024\/02\/14\/finalizo-otro-multitudinario-y-creativo-carnaval-mercedino\/","title":{"rendered":"Finaliz\u00f3 otro multitudinario y creativo carnaval mercedino"},"content":{"rendered":"\n<figure class=\"wp-block-image size-large\"><img loading=\"lazy\" decoding=\"async\" width=\"1024\" height=\"682\" data-attachment-id=\"172882\" data-permalink=\"https:\/\/www.hoymercedes.com.ar\/principal\/2024\/02\/14\/finalizo-otro-multitudinario-y-creativo-carnaval-mercedino\/0h0a1309\/#main\" data-orig-file=\"https:\/\/www.hoymercedes.com.ar\/principal\/wp-content\/uploads\/2024\/02\/0H0A1309.jpg\" data-orig-size=\"1319,879\" data-comments-opened=\"0\" data-image-meta=\"{&quot;aperture&quot;:&quot;0&quot;,&quot;credit&quot;:&quot;&quot;,&quot;camera&quot;:&quot;&quot;,&quot;caption&quot;:&quot;&quot;,&quot;created_timestamp&quot;:&quot;0&quot;,&quot;copyright&quot;:&quot;&quot;,&quot;focal_length&quot;:&quot;0&quot;,&quot;iso&quot;:&quot;0&quot;,&quot;shutter_speed&quot;:&quot;0&quot;,&quot;title&quot;:&quot;&quot;,&quot;orientation&quot;:&quot;0&quot;}\" data-image-title=\"Carnavales Mercedes 2024\" data-image-description=\"&lt;p&gt;Carnavales Mercedes 2024&lt;\/p&gt;\n\" data-image-caption=\"&lt;p&gt;Carnavales Mercedes 2024&lt;\/p&gt;\n\" data-large-file=\"https:\/\/www.hoymercedes.com.ar\/principal\/wp-content\/uploads\/2024\/02\/0H0A1309-1024x682.jpg\" src=\"https:\/\/www.hoymercedes.com.ar\/principal\/wp-content\/uploads\/2024\/02\/0H0A1309-1024x682.jpg\" alt=\"\" class=\"wp-image-172882\" srcset=\"https:\/\/www.hoymercedes.com.ar\/principal\/wp-content\/uploads\/2024\/02\/0H0A1309-1024x682.jpg 1024w, https:\/\/www.hoymercedes.com.ar\/principal\/wp-content\/uploads\/2024\/02\/0H0A1309-630x420.jpg 630w, https:\/\/www.hoymercedes.com.ar\/principal\/wp-content\/uploads\/2024\/02\/0H0A1309-150x100.jpg 150w, https:\/\/www.hoymercedes.com.ar\/principal\/wp-content\/uploads\/2024\/02\/0H0A1309-700x465.jpg 700w, https:\/\/www.hoymercedes.com.ar\/principal\/wp-content\/uploads\/2024\/02\/0H0A1309.jpg 1319w\" sizes=\"auto, (max-width: 1024px) 100vw, 1024px\" \/><\/figure>\n\n\n\n<p>Con un magnifico marco de p\u00fablico <strong>finalizaron los carnavales 2024. <\/strong>Hubo mucha alegr\u00eda, color, talento y creatividad de cada una de las organizaciones que pasaron por avenida 29.&nbsp; El jurado hizo su tradicional evaluaci\u00f3n y se entregaron reconocimientos. Fueron cuatro noches de mucha felicidad para el pueblo mercedino, destacaron desde la<strong> direcci\u00f3n de cultura.<\/strong><\/p>\n\n\n\n<p><strong>Fiestas<\/strong><\/p>\n\n\n\n<p>Las 4 noches permitieron el encuentro de familias y vivir veladas de alegr\u00eda y distracci\u00f3n. \u201cSon una tradici\u00f3n en nuestra ciudad. Son parte de nuestra identidad y cultura\u201d mencion\u00f3 el intendente Juani Ustarroz y expres\u00f3 \u201cestamos muy agradecidos a cada comparsa, murga, carruaje, m\u00e1scara suelta, a quienes con compromiso y dedicaci\u00f3n han trabajado durante tanto tiempo para expresar tanto talento, alegr\u00eda y creatividad en las cuatro noches de carnaval\u201d entre otros conceptos.\u00a0<\/p>\n\n\n\n<figure class=\"wp-block-image size-large\"><img loading=\"lazy\" decoding=\"async\" width=\"1024\" height=\"684\" data-attachment-id=\"172883\" data-permalink=\"https:\/\/www.hoymercedes.com.ar\/principal\/2024\/02\/14\/finalizo-otro-multitudinario-y-creativo-carnaval-mercedino\/mhm_2249\/#main\" data-orig-file=\"https:\/\/www.hoymercedes.com.ar\/principal\/wp-content\/uploads\/2024\/02\/MHM_2249.jpg\" data-orig-size=\"1316,879\" data-comments-opened=\"0\" data-image-meta=\"{&quot;aperture&quot;:&quot;0&quot;,&quot;credit&quot;:&quot;&quot;,&quot;camera&quot;:&quot;&quot;,&quot;caption&quot;:&quot;&quot;,&quot;created_timestamp&quot;:&quot;0&quot;,&quot;copyright&quot;:&quot;&quot;,&quot;focal_length&quot;:&quot;0&quot;,&quot;iso&quot;:&quot;0&quot;,&quot;shutter_speed&quot;:&quot;0&quot;,&quot;title&quot;:&quot;&quot;,&quot;orientation&quot;:&quot;0&quot;}\" data-image-title=\"Carnavales Mercedes 2024\" data-image-description=\"&lt;p&gt;Carnavales Mercedes 2024&lt;\/p&gt;\n\" data-image-caption=\"&lt;p&gt;Carnavales Mercedes 2024&lt;\/p&gt;\n\" data-large-file=\"https:\/\/www.hoymercedes.com.ar\/principal\/wp-content\/uploads\/2024\/02\/MHM_2249-1024x684.jpg\" src=\"https:\/\/www.hoymercedes.com.ar\/principal\/wp-content\/uploads\/2024\/02\/MHM_2249-1024x684.jpg\" alt=\"\" class=\"wp-image-172883\" srcset=\"https:\/\/www.hoymercedes.com.ar\/principal\/wp-content\/uploads\/2024\/02\/MHM_2249-1024x684.jpg 1024w, https:\/\/www.hoymercedes.com.ar\/principal\/wp-content\/uploads\/2024\/02\/MHM_2249-630x421.jpg 630w, https:\/\/www.hoymercedes.com.ar\/principal\/wp-content\/uploads\/2024\/02\/MHM_2249-150x100.jpg 150w, https:\/\/www.hoymercedes.com.ar\/principal\/wp-content\/uploads\/2024\/02\/MHM_2249.jpg 1316w\" sizes=\"auto, (max-width: 1024px) 100vw, 1024px\" \/><\/figure>\n\n\n\n<p><strong>Reconocimientos<\/strong><\/p>\n\n\n\n<p>Se hizo entregad e reconocimiento a La Murga de la Ribera que cumpli\u00f3 10 a\u00f1os. Ya noches anestesiares hab\u00eda sido reconocido Guillermo Chirino por sus 30 a\u00f1os de Carnaval y Diego Mar\u00f9 en sus 20 a\u00f1os de animaci\u00f3n. En las entregas estuvieron presentes el jefe comunal Ustarroz, la secretaria de gobierno Clara Zunino y la directora de cultura Jimena Rivas.<\/p>\n\n\n\n<figure class=\"wp-block-image size-large\"><img loading=\"lazy\" decoding=\"async\" width=\"1024\" height=\"682\" data-attachment-id=\"172884\" data-permalink=\"https:\/\/www.hoymercedes.com.ar\/principal\/2024\/02\/14\/finalizo-otro-multitudinario-y-creativo-carnaval-mercedino\/dsc06597\/#main\" data-orig-file=\"https:\/\/www.hoymercedes.com.ar\/principal\/wp-content\/uploads\/2024\/02\/DSC06597.jpg\" data-orig-size=\"1319,879\" data-comments-opened=\"0\" data-image-meta=\"{&quot;aperture&quot;:&quot;0&quot;,&quot;credit&quot;:&quot;&quot;,&quot;camera&quot;:&quot;&quot;,&quot;caption&quot;:&quot;&quot;,&quot;created_timestamp&quot;:&quot;0&quot;,&quot;copyright&quot;:&quot;&quot;,&quot;focal_length&quot;:&quot;0&quot;,&quot;iso&quot;:&quot;0&quot;,&quot;shutter_speed&quot;:&quot;0&quot;,&quot;title&quot;:&quot;&quot;,&quot;orientation&quot;:&quot;0&quot;}\" data-image-title=\"Carnavales Mercedes 2024\" data-image-description=\"&lt;p&gt;Carnavales Mercedes 2024&lt;\/p&gt;\n\" data-image-caption=\"&lt;p&gt;Carnavales Mercedes 2024&lt;\/p&gt;\n\" data-large-file=\"https:\/\/www.hoymercedes.com.ar\/principal\/wp-content\/uploads\/2024\/02\/DSC06597-1024x682.jpg\" src=\"https:\/\/www.hoymercedes.com.ar\/principal\/wp-content\/uploads\/2024\/02\/DSC06597-1024x682.jpg\" alt=\"\" class=\"wp-image-172884\" srcset=\"https:\/\/www.hoymercedes.com.ar\/principal\/wp-content\/uploads\/2024\/02\/DSC06597-1024x682.jpg 1024w, https:\/\/www.hoymercedes.com.ar\/principal\/wp-content\/uploads\/2024\/02\/DSC06597-630x420.jpg 630w, https:\/\/www.hoymercedes.com.ar\/principal\/wp-content\/uploads\/2024\/02\/DSC06597-150x100.jpg 150w, https:\/\/www.hoymercedes.com.ar\/principal\/wp-content\/uploads\/2024\/02\/DSC06597-700x465.jpg 700w, https:\/\/www.hoymercedes.com.ar\/principal\/wp-content\/uploads\/2024\/02\/DSC06597.jpg 1319w\" sizes=\"auto, (max-width: 1024px) 100vw, 1024px\" \/><\/figure>\n\n\n\n<p><strong>Sorteo<\/strong><\/p>\n\n\n\n<p>Se hizo el sorteo de una bicicleta mountain bike a trav\u00e9s de la direcci\u00f3n de ambiente con los cupones entregados durante las cuatro noches a quienes reciclaron tachos y los acercaban a los puestos de recuperaci\u00f3n montados para hacer de la fiesta una propuesta sustentable. El ganador fue Franco Casal.<\/p>\n\n\n\n<figure class=\"wp-block-image size-large\"><img loading=\"lazy\" decoding=\"async\" width=\"1024\" height=\"682\" data-attachment-id=\"172885\" data-permalink=\"https:\/\/www.hoymercedes.com.ar\/principal\/2024\/02\/14\/finalizo-otro-multitudinario-y-creativo-carnaval-mercedino\/dsc06345\/#main\" data-orig-file=\"https:\/\/www.hoymercedes.com.ar\/principal\/wp-content\/uploads\/2024\/02\/DSC06345.jpg\" data-orig-size=\"1319,879\" data-comments-opened=\"0\" data-image-meta=\"{&quot;aperture&quot;:&quot;0&quot;,&quot;credit&quot;:&quot;&quot;,&quot;camera&quot;:&quot;&quot;,&quot;caption&quot;:&quot;&quot;,&quot;created_timestamp&quot;:&quot;0&quot;,&quot;copyright&quot;:&quot;&quot;,&quot;focal_length&quot;:&quot;0&quot;,&quot;iso&quot;:&quot;0&quot;,&quot;shutter_speed&quot;:&quot;0&quot;,&quot;title&quot;:&quot;&quot;,&quot;orientation&quot;:&quot;0&quot;}\" data-image-title=\"Carnavales Mercedes 2024\" data-image-description=\"&lt;p&gt;Carnavales Mercedes 2024&lt;\/p&gt;\n\" data-image-caption=\"&lt;p&gt;Carnavales Mercedes 2024&lt;\/p&gt;\n\" data-large-file=\"https:\/\/www.hoymercedes.com.ar\/principal\/wp-content\/uploads\/2024\/02\/DSC06345-1024x682.jpg\" src=\"https:\/\/www.hoymercedes.com.ar\/principal\/wp-content\/uploads\/2024\/02\/DSC06345-1024x682.jpg\" alt=\"\" class=\"wp-image-172885\" srcset=\"https:\/\/www.hoymercedes.com.ar\/principal\/wp-content\/uploads\/2024\/02\/DSC06345-1024x682.jpg 1024w, https:\/\/www.hoymercedes.com.ar\/principal\/wp-content\/uploads\/2024\/02\/DSC06345-630x420.jpg 630w, https:\/\/www.hoymercedes.com.ar\/principal\/wp-content\/uploads\/2024\/02\/DSC06345-150x100.jpg 150w, https:\/\/www.hoymercedes.com.ar\/principal\/wp-content\/uploads\/2024\/02\/DSC06345-700x465.jpg 700w, https:\/\/www.hoymercedes.com.ar\/principal\/wp-content\/uploads\/2024\/02\/DSC06345.jpg 1319w\" sizes=\"auto, (max-width: 1024px) 100vw, 1024px\" \/><\/figure>\n\n\n\n<p><strong>Jurado<\/strong><\/p>\n\n\n\n<p>Estuvo compuesto por Eugenio Rosito, Florencia Seoane, Marcelo \u201cNano\u201d Espindola y Romina Sebastiano determin\u00f3 que \u201cSomos lo que Somos\u201d se lleve el primer lugar en comparsa, seguido por \u201cLesionados por el Corcho\u201d y \u201cEscuela Mercedina de Carnaval\u201d tercera. Las murgas no compiten entre s\u00ed por propia decisi\u00f3n. Mascara suelta se llev\u00f3 el reconocimiento \u201cmujer Julia\u201d. En Batucadas primera \u201cArum Bamba\u201d. En Carrozas \u201cEl Gato con Botas\u201d primero, carroza \u201cPesadilla\u201d Segunda mientras que el premio Abelito fue para La \u201cSonrisa de Obrero\u201d. Hubo una menci\u00f3n especial para la carroza de \u201cLa Murga de la Ribera\u201d que cerraba la pasada con una expresi\u00f3n t\u00edpica del arrabal y la ribera.<\/p>\n\n\n\n<figure class=\"wp-block-image size-large\"><img loading=\"lazy\" decoding=\"async\" width=\"1024\" height=\"682\" data-attachment-id=\"172886\" data-permalink=\"https:\/\/www.hoymercedes.com.ar\/principal\/2024\/02\/14\/finalizo-otro-multitudinario-y-creativo-carnaval-mercedino\/0h0a1260\/#main\" data-orig-file=\"https:\/\/www.hoymercedes.com.ar\/principal\/wp-content\/uploads\/2024\/02\/0H0A1260.jpg\" data-orig-size=\"1319,879\" data-comments-opened=\"0\" data-image-meta=\"{&quot;aperture&quot;:&quot;0&quot;,&quot;credit&quot;:&quot;&quot;,&quot;camera&quot;:&quot;&quot;,&quot;caption&quot;:&quot;&quot;,&quot;created_timestamp&quot;:&quot;0&quot;,&quot;copyright&quot;:&quot;&quot;,&quot;focal_length&quot;:&quot;0&quot;,&quot;iso&quot;:&quot;0&quot;,&quot;shutter_speed&quot;:&quot;0&quot;,&quot;title&quot;:&quot;&quot;,&quot;orientation&quot;:&quot;0&quot;}\" data-image-title=\"Carnavales Mercedes 2024\" data-image-description=\"&lt;p&gt;Carnavales Mercedes 2024&lt;\/p&gt;\n\" data-image-caption=\"&lt;p&gt;Carnavales Mercedes 2024&lt;\/p&gt;\n\" data-large-file=\"https:\/\/www.hoymercedes.com.ar\/principal\/wp-content\/uploads\/2024\/02\/0H0A1260-1024x682.jpg\" src=\"https:\/\/www.hoymercedes.com.ar\/principal\/wp-content\/uploads\/2024\/02\/0H0A1260-1024x682.jpg\" alt=\"\" class=\"wp-image-172886\" srcset=\"https:\/\/www.hoymercedes.com.ar\/principal\/wp-content\/uploads\/2024\/02\/0H0A1260-1024x682.jpg 1024w, https:\/\/www.hoymercedes.com.ar\/principal\/wp-content\/uploads\/2024\/02\/0H0A1260-630x420.jpg 630w, https:\/\/www.hoymercedes.com.ar\/principal\/wp-content\/uploads\/2024\/02\/0H0A1260-150x100.jpg 150w, https:\/\/www.hoymercedes.com.ar\/principal\/wp-content\/uploads\/2024\/02\/0H0A1260-700x465.jpg 700w, https:\/\/www.hoymercedes.com.ar\/principal\/wp-content\/uploads\/2024\/02\/0H0A1260.jpg 1319w\" sizes=\"auto, (max-width: 1024px) 100vw, 1024px\" \/><\/figure>\n\n\n\n<figure class=\"wp-block-image size-large\"><img loading=\"lazy\" decoding=\"async\" width=\"1024\" height=\"684\" data-attachment-id=\"172887\" data-permalink=\"https:\/\/www.hoymercedes.com.ar\/principal\/2024\/02\/14\/finalizo-otro-multitudinario-y-creativo-carnaval-mercedino\/mhm_2738\/#main\" data-orig-file=\"https:\/\/www.hoymercedes.com.ar\/principal\/wp-content\/uploads\/2024\/02\/MHM_2738.jpg\" data-orig-size=\"1316,879\" data-comments-opened=\"0\" data-image-meta=\"{&quot;aperture&quot;:&quot;0&quot;,&quot;credit&quot;:&quot;&quot;,&quot;camera&quot;:&quot;&quot;,&quot;caption&quot;:&quot;&quot;,&quot;created_timestamp&quot;:&quot;0&quot;,&quot;copyright&quot;:&quot;&quot;,&quot;focal_length&quot;:&quot;0&quot;,&quot;iso&quot;:&quot;0&quot;,&quot;shutter_speed&quot;:&quot;0&quot;,&quot;title&quot;:&quot;&quot;,&quot;orientation&quot;:&quot;0&quot;}\" data-image-title=\"Carnavales Mercedes 2024\" data-image-description=\"&lt;p&gt;Carnavales Mercedes 2024&lt;\/p&gt;\n\" data-image-caption=\"&lt;p&gt;Carnavales Mercedes 2024&lt;\/p&gt;\n\" data-large-file=\"https:\/\/www.hoymercedes.com.ar\/principal\/wp-content\/uploads\/2024\/02\/MHM_2738-1024x684.jpg\" src=\"https:\/\/www.hoymercedes.com.ar\/principal\/wp-content\/uploads\/2024\/02\/MHM_2738-1024x684.jpg\" alt=\"\" class=\"wp-image-172887\" srcset=\"https:\/\/www.hoymercedes.com.ar\/principal\/wp-content\/uploads\/2024\/02\/MHM_2738-1024x684.jpg 1024w, https:\/\/www.hoymercedes.com.ar\/principal\/wp-content\/uploads\/2024\/02\/MHM_2738-630x421.jpg 630w, https:\/\/www.hoymercedes.com.ar\/principal\/wp-content\/uploads\/2024\/02\/MHM_2738-150x100.jpg 150w, https:\/\/www.hoymercedes.com.ar\/principal\/wp-content\/uploads\/2024\/02\/MHM_2738.jpg 1316w\" sizes=\"auto, (max-width: 1024px) 100vw, 1024px\" \/><\/figure>\n\n\n\n<p><strong>Solidaridad<\/strong><\/p>\n\n\n\n<p>Las cantinas una vez m\u00e1s estuvieron a cargo de clubes y los bomberos con el objetivo de seguir aportando para la continuidad de proyectos y programas sociales, barriales e institucionales que benefician a toda la comunidad.<\/p>\n\n\n\n<figure class=\"wp-block-image size-large\"><img loading=\"lazy\" decoding=\"async\" width=\"1024\" height=\"684\" data-attachment-id=\"172888\" data-permalink=\"https:\/\/www.hoymercedes.com.ar\/principal\/2024\/02\/14\/finalizo-otro-multitudinario-y-creativo-carnaval-mercedino\/mhm_1304\/#main\" data-orig-file=\"https:\/\/www.hoymercedes.com.ar\/principal\/wp-content\/uploads\/2024\/02\/MHM_1304.jpg\" data-orig-size=\"1316,879\" data-comments-opened=\"0\" data-image-meta=\"{&quot;aperture&quot;:&quot;0&quot;,&quot;credit&quot;:&quot;&quot;,&quot;camera&quot;:&quot;&quot;,&quot;caption&quot;:&quot;&quot;,&quot;created_timestamp&quot;:&quot;0&quot;,&quot;copyright&quot;:&quot;&quot;,&quot;focal_length&quot;:&quot;0&quot;,&quot;iso&quot;:&quot;0&quot;,&quot;shutter_speed&quot;:&quot;0&quot;,&quot;title&quot;:&quot;&quot;,&quot;orientation&quot;:&quot;0&quot;}\" data-image-title=\"Carnavales Mercedes 2024\" data-image-description=\"&lt;p&gt;Carnavales Mercedes 2024&lt;\/p&gt;\n\" data-image-caption=\"&lt;p&gt;Carnavales Mercedes 2024&lt;\/p&gt;\n\" data-large-file=\"https:\/\/www.hoymercedes.com.ar\/principal\/wp-content\/uploads\/2024\/02\/MHM_1304-1024x684.jpg\" src=\"https:\/\/www.hoymercedes.com.ar\/principal\/wp-content\/uploads\/2024\/02\/MHM_1304-1024x684.jpg\" alt=\"\" class=\"wp-image-172888\" srcset=\"https:\/\/www.hoymercedes.com.ar\/principal\/wp-content\/uploads\/2024\/02\/MHM_1304-1024x684.jpg 1024w, https:\/\/www.hoymercedes.com.ar\/principal\/wp-content\/uploads\/2024\/02\/MHM_1304-630x421.jpg 630w, https:\/\/www.hoymercedes.com.ar\/principal\/wp-content\/uploads\/2024\/02\/MHM_1304-150x100.jpg 150w, https:\/\/www.hoymercedes.com.ar\/principal\/wp-content\/uploads\/2024\/02\/MHM_1304.jpg 1316w\" sizes=\"auto, (max-width: 1024px) 100vw, 1024px\" \/><\/figure>\n","protected":false},"excerpt":{"rendered":"<p>Con un magnifico marco de p\u00fablico finalizaron los carnavales 2024. Hubo mucha alegr\u00eda, color, talento y creatividad de cada una &#8230; <a title=\"Finaliz\u00f3 otro multitudinario y creativo carnaval mercedino\" class=\"read-more\" href=\"https:\/\/www.hoymercedes.com.ar\/principal\/2024\/02\/14\/finalizo-otro-multitudinario-y-creativo-carnaval-mercedino\/\" aria-label=\"Leer m\u00e1s sobre Finaliz\u00f3 otro multitudinario y creativo carnaval mercedino\">Leer m\u00e1s<\/a><\/p>\n","protected":false},"author":1,"featured_media":172886,"comment_status":"closed","ping_status":"open","sticky":false,"template":"","format":"standard","meta":{"_monsterinsights_skip_tracking":false,"_monsterinsights_sitenote_active":false,"_monsterinsights_sitenote_note":"","_monsterinsights_sitenote_category":0,"jetpack_post_was_ever_published":false,"_jetpack_newsletter_access":"","_jetpack_dont_email_post_to_subs":false,"_jetpack_newsletter_tier_id":0,"_jetpack_memberships_contains_paywalled_content":false,"_jetpack_memberships_contains_paid_content":false,"footnotes":"","jetpack_publicize_message":"","jetpack_publicize_feature_enabled":true,"jetpack_social_post_already_shared":true,"jetpack_social_options":{"image_generator_settings":{"template":"highway","default_image_id":0,"font":"","enabled":false},"version":2},"_wpas_customize_per_network":false},"categories":[8],"tags":[19152,18339,123],"class_list":["post-172881","post","type-post","status-publish","format-standard","has-post-thumbnail","hentry","category-sociedad","tag-carnaval-mercedino","tag-fiestas-en-mercedes","tag-mercedes-buenos-aires","generate-columns","tablet-grid-50","mobile-grid-100","grid-parent","grid-50"],"jetpack_publicize_connections":[],"jetpack_featured_media_url":"https:\/\/www.hoymercedes.com.ar\/principal\/wp-content\/uploads\/2024\/02\/0H0A1260.jpg","wps_subtitle":"Fiestas populares","jetpack_sharing_enabled":true,"_links":{"self":[{"href":"https:\/\/www.hoymercedes.com.ar\/principal\/wp-json\/wp\/v2\/posts\/172881","targetHints":{"allow":["GET"]}}],"collection":[{"href":"https:\/\/www.hoymercedes.com.ar\/principal\/wp-json\/wp\/v2\/posts"}],"about":[{"href":"https:\/\/www.hoymercedes.com.ar\/principal\/wp-json\/wp\/v2\/types\/post"}],"author":[{"embeddable":true,"href":"https:\/\/www.hoymercedes.com.ar\/principal\/wp-json\/wp\/v2\/users\/1"}],"replies":[{"embeddable":true,"href":"https:\/\/www.hoymercedes.com.ar\/principal\/wp-json\/wp\/v2\/comments?post=172881"}],"version-history":[{"count":0,"href":"https:\/\/www.hoymercedes.com.ar\/principal\/wp-json\/wp\/v2\/posts\/172881\/revisions"}],"wp:featuredmedia":[{"embeddable":true,"href":"https:\/\/www.hoymercedes.com.ar\/principal\/wp-json\/wp\/v2\/media\/172886"}],"wp:attachment":[{"href":"https:\/\/www.hoymercedes.com.ar\/principal\/wp-json\/wp\/v2\/media?parent=172881"}],"wp:term":[{"taxonomy":"category","embeddable":true,"href":"https:\/\/www.hoymercedes.com.ar\/principal\/wp-json\/wp\/v2\/categories?post=172881"},{"taxonomy":"post_tag","embeddable":true,"href":"https:\/\/www.hoymercedes.com.ar\/principal\/wp-json\/wp\/v2\/tags?post=172881"}],"curies":[{"name":"wp","href":"https:\/\/api.w.org\/{rel}","templated":true}]}}