{"id":172930,"date":"2024-02-15T22:33:00","date_gmt":"2024-02-16T01:33:00","guid":{"rendered":"https:\/\/www.hoymercedes.com.ar\/principal\/?p=172930"},"modified":"2024-02-15T20:36:26","modified_gmt":"2024-02-15T23:36:26","slug":"gran-fiesta-aniversario-de-gowland","status":"publish","type":"post","link":"https:\/\/www.hoymercedes.com.ar\/principal\/2024\/02\/15\/gran-fiesta-aniversario-de-gowland\/","title":{"rendered":"Gran fiesta aniversario de Gowland"},"content":{"rendered":"\n<figure class=\"wp-block-image size-large\"><img loading=\"lazy\" decoding=\"async\" width=\"1024\" height=\"681\" data-attachment-id=\"172931\" data-permalink=\"https:\/\/www.hoymercedes.com.ar\/principal\/2024\/02\/15\/gran-fiesta-aniversario-de-gowland\/aniversario-gowland-2\/#main\" data-orig-file=\"https:\/\/www.hoymercedes.com.ar\/principal\/wp-content\/uploads\/2024\/02\/Aniversario-Gowland.2.jpg\" data-orig-size=\"1321,879\" data-comments-opened=\"0\" data-image-meta=\"{&quot;aperture&quot;:&quot;0&quot;,&quot;credit&quot;:&quot;&quot;,&quot;camera&quot;:&quot;&quot;,&quot;caption&quot;:&quot;&quot;,&quot;created_timestamp&quot;:&quot;0&quot;,&quot;copyright&quot;:&quot;&quot;,&quot;focal_length&quot;:&quot;0&quot;,&quot;iso&quot;:&quot;0&quot;,&quot;shutter_speed&quot;:&quot;0&quot;,&quot;title&quot;:&quot;&quot;,&quot;orientation&quot;:&quot;0&quot;}\" data-image-title=\"Fiesta Aniversario Gowland\" data-image-description=\"&lt;p&gt;Fiesta Aniversario Gowland&lt;\/p&gt;\n\" data-image-caption=\"&lt;p&gt;Fiesta Aniversario Gowland&lt;\/p&gt;\n\" data-large-file=\"https:\/\/www.hoymercedes.com.ar\/principal\/wp-content\/uploads\/2024\/02\/Aniversario-Gowland.2-1024x681.jpg\" src=\"https:\/\/www.hoymercedes.com.ar\/principal\/wp-content\/uploads\/2024\/02\/Aniversario-Gowland.2-1024x681.jpg\" alt=\"\" class=\"wp-image-172931\" srcset=\"https:\/\/www.hoymercedes.com.ar\/principal\/wp-content\/uploads\/2024\/02\/Aniversario-Gowland.2-1024x681.jpg 1024w, https:\/\/www.hoymercedes.com.ar\/principal\/wp-content\/uploads\/2024\/02\/Aniversario-Gowland.2-630x419.jpg 630w, https:\/\/www.hoymercedes.com.ar\/principal\/wp-content\/uploads\/2024\/02\/Aniversario-Gowland.2-150x100.jpg 150w, https:\/\/www.hoymercedes.com.ar\/principal\/wp-content\/uploads\/2024\/02\/Aniversario-Gowland.2-700x465.jpg 700w, https:\/\/www.hoymercedes.com.ar\/principal\/wp-content\/uploads\/2024\/02\/Aniversario-Gowland.2.jpg 1321w\" sizes=\"auto, (max-width: 1024px) 100vw, 1024px\" \/><\/figure>\n\n\n\n<p>Este s\u00e1bado 17 de febrero se viene el 136 Aniversario de la localidad de Gowland donde se llevar\u00e1 adelante un gran festejo, que contar\u00e1 con diferentes actividades y espect\u00e1culos musicales, carreras atl\u00e9ticas y espacios para las infancias.<\/p>\n\n\n\n<p>La sociedad de fomento y los vecinos de Gowland encargados de la organizaci\u00f3n del aniversario de la localidad ya tienen todo definido y este s\u00e1bado desde las 18 comienza la gran fiesta de la localidad.<\/p>\n\n\n\n<p>Gowland est\u00e1 cumpliendo 135 a\u00f1os y sus vecinos planifican un festejo importante. Las actividades arrancar\u00e1n cerca de las 17 horas con actividades deportivas: carreras de 4 y 8 kil\u00f3metros y caminatas para todas las edades.<\/p>\n\n\n\n<p>La fiesta se desarrollar\u00e1 en uno de los galpones recuperados del predio de la estaci\u00f3n y contar\u00e1 con un espacio especial para las infancias con distintas actividades l\u00fadicas.<\/p>\n\n\n\n<p>Los espect\u00e1culos musicales tendr\u00e1n sobre el escenario a artistas como Mati Navarro, Maximiliano Cejas y La Copia y el Ballet del Pueblo. Habr\u00e1 paseo de artesanos, patio gastron\u00f3mico y juegos para ni\u00f1os y ni\u00f1as.<\/p>\n","protected":false},"excerpt":{"rendered":"<p>Este s\u00e1bado 17 de febrero se viene el 136 Aniversario de la localidad de Gowland donde se llevar\u00e1 adelante un &#8230; <a title=\"Gran fiesta aniversario de Gowland\" class=\"read-more\" href=\"https:\/\/www.hoymercedes.com.ar\/principal\/2024\/02\/15\/gran-fiesta-aniversario-de-gowland\/\" aria-label=\"Leer m\u00e1s sobre Gran fiesta aniversario de Gowland\">Leer m\u00e1s<\/a><\/p>\n","protected":false},"author":1,"featured_media":172931,"comment_status":"closed","ping_status":"open","sticky":false,"template":"","format":"standard","meta":{"_monsterinsights_skip_tracking":false,"_monsterinsights_sitenote_active":false,"_monsterinsights_sitenote_note":"","_monsterinsights_sitenote_category":0,"jetpack_post_was_ever_published":false,"_jetpack_newsletter_access":"","_jetpack_dont_email_post_to_subs":false,"_jetpack_newsletter_tier_id":0,"_jetpack_memberships_contains_paywalled_content":false,"_jetpack_memberships_contains_paid_content":false,"footnotes":"","jetpack_publicize_message":"","jetpack_publicize_feature_enabled":true,"jetpack_social_post_already_shared":true,"jetpack_social_options":{"image_generator_settings":{"template":"highway","default_image_id":0,"font":"","enabled":false},"version":2},"_wpas_customize_per_network":false},"categories":[8],"tags":[19187,8495],"class_list":["post-172930","post","type-post","status-publish","format-standard","has-post-thumbnail","hentry","category-sociedad","tag-136-anos-gowland","tag-aniversario-de-gowland","generate-columns","tablet-grid-50","mobile-grid-100","grid-parent","grid-50"],"jetpack_publicize_connections":[],"jetpack_featured_media_url":"https:\/\/www.hoymercedes.com.ar\/principal\/wp-content\/uploads\/2024\/02\/Aniversario-Gowland.2.jpg","wps_subtitle":"Fiesta Aniversario Gowland","jetpack_sharing_enabled":true,"_links":{"self":[{"href":"https:\/\/www.hoymercedes.com.ar\/principal\/wp-json\/wp\/v2\/posts\/172930","targetHints":{"allow":["GET"]}}],"collection":[{"href":"https:\/\/www.hoymercedes.com.ar\/principal\/wp-json\/wp\/v2\/posts"}],"about":[{"href":"https:\/\/www.hoymercedes.com.ar\/principal\/wp-json\/wp\/v2\/types\/post"}],"author":[{"embeddable":true,"href":"https:\/\/www.hoymercedes.com.ar\/principal\/wp-json\/wp\/v2\/users\/1"}],"replies":[{"embeddable":true,"href":"https:\/\/www.hoymercedes.com.ar\/principal\/wp-json\/wp\/v2\/comments?post=172930"}],"version-history":[{"count":0,"href":"https:\/\/www.hoymercedes.com.ar\/principal\/wp-json\/wp\/v2\/posts\/172930\/revisions"}],"wp:featuredmedia":[{"embeddable":true,"href":"https:\/\/www.hoymercedes.com.ar\/principal\/wp-json\/wp\/v2\/media\/172931"}],"wp:attachment":[{"href":"https:\/\/www.hoymercedes.com.ar\/principal\/wp-json\/wp\/v2\/media?parent=172930"}],"wp:term":[{"taxonomy":"category","embeddable":true,"href":"https:\/\/www.hoymercedes.com.ar\/principal\/wp-json\/wp\/v2\/categories?post=172930"},{"taxonomy":"post_tag","embeddable":true,"href":"https:\/\/www.hoymercedes.com.ar\/principal\/wp-json\/wp\/v2\/tags?post=172930"}],"curies":[{"name":"wp","href":"https:\/\/api.w.org\/{rel}","templated":true}]}}