{"id":172948,"date":"2024-02-16T11:28:01","date_gmt":"2024-02-16T14:28:01","guid":{"rendered":"https:\/\/www.hoymercedes.com.ar\/principal\/?p=172948"},"modified":"2024-02-16T11:28:06","modified_gmt":"2024-02-16T14:28:06","slug":"zelazek-con-banda-en-accion","status":"publish","type":"post","link":"https:\/\/www.hoymercedes.com.ar\/principal\/2024\/02\/16\/zelazek-con-banda-en-accion\/","title":{"rendered":"Zelazek con banda en acci\u00f3n"},"content":{"rendered":"\n<p>Por Fernando Viloria &#8211; El disco solista <strong>\u201cBANDITS &amp;<\/strong> <strong>COVERS\u201d<\/strong> del bajista de Violadores Robert\u00a0 \u201cPolaco\u201d Zelazek va por su tercer tirada tras agotarse, fue postulado para los premios Gardel y tiene nueva banda en formaci\u00f3n con temas nuevos.<\/p>\n\n\n<div class=\"wp-block-image\">\n<figure class=\"alignleft size-full is-resized\"><img loading=\"lazy\" decoding=\"async\" width=\"533\" height=\"800\" data-attachment-id=\"172950\" data-permalink=\"https:\/\/www.hoymercedes.com.ar\/principal\/2024\/02\/16\/zelazek-con-banda-en-accion\/polaco\/#main\" data-orig-file=\"https:\/\/www.hoymercedes.com.ar\/principal\/wp-content\/uploads\/2024\/02\/POLACO.jpg\" data-orig-size=\"533,800\" data-comments-opened=\"0\" data-image-meta=\"{&quot;aperture&quot;:&quot;0&quot;,&quot;credit&quot;:&quot;&quot;,&quot;camera&quot;:&quot;&quot;,&quot;caption&quot;:&quot;&quot;,&quot;created_timestamp&quot;:&quot;0&quot;,&quot;copyright&quot;:&quot;&quot;,&quot;focal_length&quot;:&quot;0&quot;,&quot;iso&quot;:&quot;0&quot;,&quot;shutter_speed&quot;:&quot;0&quot;,&quot;title&quot;:&quot;&quot;,&quot;orientation&quot;:&quot;0&quot;}\" data-image-title=\"POLACO\" data-image-description=\"\" data-image-caption=\"\" data-large-file=\"https:\/\/www.hoymercedes.com.ar\/principal\/wp-content\/uploads\/2024\/02\/POLACO.jpg\" src=\"https:\/\/www.hoymercedes.com.ar\/principal\/wp-content\/uploads\/2024\/02\/POLACO.jpg\" alt=\"\" class=\"wp-image-172950\" style=\"width:417px;height:auto\" srcset=\"https:\/\/www.hoymercedes.com.ar\/principal\/wp-content\/uploads\/2024\/02\/POLACO.jpg 533w, https:\/\/www.hoymercedes.com.ar\/principal\/wp-content\/uploads\/2024\/02\/POLACO-413x620.jpg 413w, https:\/\/www.hoymercedes.com.ar\/principal\/wp-content\/uploads\/2024\/02\/POLACO-100x150.jpg 100w\" sizes=\"auto, (max-width: 533px) 100vw, 533px\" \/><\/figure>\n<\/div>\n\n\n<p>Las \u00faltimas novedades sobre el disco del bajista de Violadores Robert&nbsp; \u201cPolaco\u201d Zelazek&nbsp; <strong>\u201cBANDITS &amp;<\/strong> <strong>COVERS\u201d,&nbsp; <\/strong>con su producci\u00f3n y grabaci\u00f3n en los estud<strong>ios Inromm<\/strong>, de la ciudad Mercedes, Provincia de Buenos Aires, donde el Polaco Zelazek vive actualmente en familia.<\/p>\n\n\n\n<p><strong>&nbsp;<\/strong>Est\u00e1<strong> <\/strong>editado por<strong> <\/strong>la compa\u00f1\u00eda discogr\u00e1fica RGS Music S.H. en dos vol\u00famenes I y II en forma simult\u00e1nea con 13 y 12 canciones cada uno. Fue muy bien recibido por el p\u00fablico rockero, ya que&nbsp; en tiempos dif\u00edciles&nbsp; de crisis econ\u00f3mica y recesi\u00f3n ya va por su tercer tirada f\u00edsica en cds tras agotarse, demostrando que el rock y la rebeld\u00eda son una buena opci\u00f3n para los despiertos frente a las injusticias del sistema acabado.&nbsp; Para fines de 2023 se estuvo ensayando fuerte para presentarse en vivo en el Complejo Cultural La Trocha, por eso el Polaco le quiere agradecer a la Direcci\u00f3n de Cultura de la Municipalidad de Mercedes y La Comisi\u00f3n de M\u00fasicos Mercedinos por tenerlos en cuenta para llevar a cabo una presentaci\u00f3n especial en homenaje a Pil, fallecido el a\u00f1o pasado en Per\u00fa, dentro del evento Mercedes Rock 2023, con sus compa\u00f1eros ex &#8211; VIOLADORES, Sergio Gram\u00e1tica en bater\u00eda y Anel Paz en guitarras, m\u00e1s invitados especiales y m\u00fasicos mercedinos que no se pudo llevar a cabo por culpa del fuerte temporal de lluvias y viento que azoto la zona cancel\u00e1ndose..<\/p>\n\n\n\n<p>Otra grata e importante novedad es que el disco \u201cBandits &amp; Covers\u201d fue postulado para los premios Gardel 2024 en la categor\u00eda mejor \u00e1lbum de rock pesado\/punk, donde el guitarrista local Diego Vel\u00e1zquez nos dijo: \u201cEl disco sigue dando satisfacciones, despu\u00e9s&nbsp; de un a\u00f1o de trabajo como coproductor y haber conocido a grandes m\u00fasicos y personas, es un placer haber laburado en esta producci\u00f3n\u201d. Un lindo reconocimiento a tanto trabajo de meses coordinando para grabar a diferentes m\u00fasicos de distintas bandas y estilos para plasmar versiones contundentes y efectivas que conservaron la esencia de la canci\u00f3n original sumando a las composiciones fuerza y emoci\u00f3n.<\/p>\n\n\n\n<p>Tambi\u00e9n form\u00f3 una nueva banda con Leo Nievas en voz, ex Rara Avis y fue el cantante del Animal sin puntitos, Guille Wallace en bater\u00eda de Instinto DC que toc\u00f3 el s\u00e1bado 3 de febrero en el Altamira Rural Rock con mucho \u00e9xito, Leonel Suite de Turbocoopers, qui\u00e9n es tambi\u00e9n guitarrista de Gatos Sucios en las seis cuerdas y obviamente el Polaco Zelazek en bajo. Por elecci\u00f3n en votaci\u00f3n en mayor\u00eda de sus integrantes la banda lleva el nombre de <strong><em>ZELAZEK<\/em><\/strong>.<\/p>\n\n\n\n<p>El domingo 11 de febrero todos ellos vinieron para ensayar y grabar en la sala y estudio Inroom una nueva canci\u00f3n original que lleva como nombre \u201cDescontrolado\u201d, luego tienen pensado grabar las primeras tomas para un futuro video de su primer corte de difusi\u00f3n del flamante grupo\u00a0 <strong><em>ZELAZEK<\/em><\/strong> y seguramente m\u00e1s adelante vendr\u00e1n su esperada presentaci\u00f3n en vivo.<\/p>\n\n\n<div class=\"wp-block-image\">\n<figure class=\"aligncenter size-full\"><img loading=\"lazy\" decoding=\"async\" width=\"580\" height=\"807\" data-attachment-id=\"172949\" data-permalink=\"https:\/\/www.hoymercedes.com.ar\/principal\/2024\/02\/16\/zelazek-con-banda-en-accion\/zelazek\/#main\" data-orig-file=\"https:\/\/www.hoymercedes.com.ar\/principal\/wp-content\/uploads\/2024\/02\/ZELAZEK.jpg\" data-orig-size=\"580,807\" data-comments-opened=\"0\" data-image-meta=\"{&quot;aperture&quot;:&quot;0&quot;,&quot;credit&quot;:&quot;&quot;,&quot;camera&quot;:&quot;&quot;,&quot;caption&quot;:&quot;&quot;,&quot;created_timestamp&quot;:&quot;0&quot;,&quot;copyright&quot;:&quot;&quot;,&quot;focal_length&quot;:&quot;0&quot;,&quot;iso&quot;:&quot;0&quot;,&quot;shutter_speed&quot;:&quot;0&quot;,&quot;title&quot;:&quot;&quot;,&quot;orientation&quot;:&quot;0&quot;}\" data-image-title=\"ZELAZEK\" data-image-description=\"\" data-image-caption=\"\" data-large-file=\"https:\/\/www.hoymercedes.com.ar\/principal\/wp-content\/uploads\/2024\/02\/ZELAZEK.jpg\" src=\"https:\/\/www.hoymercedes.com.ar\/principal\/wp-content\/uploads\/2024\/02\/ZELAZEK.jpg\" alt=\"\" class=\"wp-image-172949\" srcset=\"https:\/\/www.hoymercedes.com.ar\/principal\/wp-content\/uploads\/2024\/02\/ZELAZEK.jpg 580w, https:\/\/www.hoymercedes.com.ar\/principal\/wp-content\/uploads\/2024\/02\/ZELAZEK-446x620.jpg 446w, https:\/\/www.hoymercedes.com.ar\/principal\/wp-content\/uploads\/2024\/02\/ZELAZEK-108x150.jpg 108w\" sizes=\"auto, (max-width: 580px) 100vw, 580px\" \/><\/figure>\n<\/div>","protected":false},"excerpt":{"rendered":"<p>Por Fernando Viloria &#8211; El disco solista \u201cBANDITS &amp; COVERS\u201d del bajista de Violadores Robert\u00a0 \u201cPolaco\u201d Zelazek va por su &#8230; <a title=\"Zelazek con banda en acci\u00f3n\" class=\"read-more\" href=\"https:\/\/www.hoymercedes.com.ar\/principal\/2024\/02\/16\/zelazek-con-banda-en-accion\/\" aria-label=\"Leer m\u00e1s sobre Zelazek con banda en acci\u00f3n\">Leer m\u00e1s<\/a><\/p>\n","protected":false},"author":1,"featured_media":172949,"comment_status":"closed","ping_status":"open","sticky":false,"template":"","format":"standard","meta":{"_monsterinsights_skip_tracking":false,"_monsterinsights_sitenote_active":false,"_monsterinsights_sitenote_note":"","_monsterinsights_sitenote_category":0,"jetpack_post_was_ever_published":false,"_jetpack_newsletter_access":"","_jetpack_dont_email_post_to_subs":false,"_jetpack_newsletter_tier_id":0,"_jetpack_memberships_contains_paywalled_content":false,"_jetpack_memberships_contains_paid_content":false,"footnotes":"","jetpack_publicize_message":"","jetpack_publicize_feature_enabled":true,"jetpack_social_post_already_shared":true,"jetpack_social_options":{"image_generator_settings":{"template":"highway","default_image_id":0,"font":"","enabled":false},"version":2},"_wpas_customize_per_network":false},"categories":[104],"tags":[7805],"class_list":["post-172948","post","type-post","status-publish","format-standard","has-post-thumbnail","hentry","category-cultura","tag-cultura","generate-columns","tablet-grid-50","mobile-grid-100","grid-parent","grid-50"],"jetpack_publicize_connections":[],"jetpack_featured_media_url":"https:\/\/www.hoymercedes.com.ar\/principal\/wp-content\/uploads\/2024\/02\/ZELAZEK.jpg","wps_subtitle":"","jetpack_sharing_enabled":true,"_links":{"self":[{"href":"https:\/\/www.hoymercedes.com.ar\/principal\/wp-json\/wp\/v2\/posts\/172948","targetHints":{"allow":["GET"]}}],"collection":[{"href":"https:\/\/www.hoymercedes.com.ar\/principal\/wp-json\/wp\/v2\/posts"}],"about":[{"href":"https:\/\/www.hoymercedes.com.ar\/principal\/wp-json\/wp\/v2\/types\/post"}],"author":[{"embeddable":true,"href":"https:\/\/www.hoymercedes.com.ar\/principal\/wp-json\/wp\/v2\/users\/1"}],"replies":[{"embeddable":true,"href":"https:\/\/www.hoymercedes.com.ar\/principal\/wp-json\/wp\/v2\/comments?post=172948"}],"version-history":[{"count":0,"href":"https:\/\/www.hoymercedes.com.ar\/principal\/wp-json\/wp\/v2\/posts\/172948\/revisions"}],"wp:featuredmedia":[{"embeddable":true,"href":"https:\/\/www.hoymercedes.com.ar\/principal\/wp-json\/wp\/v2\/media\/172949"}],"wp:attachment":[{"href":"https:\/\/www.hoymercedes.com.ar\/principal\/wp-json\/wp\/v2\/media?parent=172948"}],"wp:term":[{"taxonomy":"category","embeddable":true,"href":"https:\/\/www.hoymercedes.com.ar\/principal\/wp-json\/wp\/v2\/categories?post=172948"},{"taxonomy":"post_tag","embeddable":true,"href":"https:\/\/www.hoymercedes.com.ar\/principal\/wp-json\/wp\/v2\/tags?post=172948"}],"curies":[{"name":"wp","href":"https:\/\/api.w.org\/{rel}","templated":true}]}}