{"id":172960,"date":"2024-02-16T18:17:23","date_gmt":"2024-02-16T21:17:23","guid":{"rendered":"https:\/\/www.hoymercedes.com.ar\/principal\/?p=172960"},"modified":"2024-02-16T18:17:26","modified_gmt":"2024-02-16T21:17:26","slug":"cem-capacitacion-sobre-inversion-en-el-mercado-de-capitales","status":"publish","type":"post","link":"https:\/\/www.hoymercedes.com.ar\/principal\/2024\/02\/16\/cem-capacitacion-sobre-inversion-en-el-mercado-de-capitales\/","title":{"rendered":"CEM: capacitaci\u00f3n sobre inversi\u00f3n en el Mercado de Capitales"},"content":{"rendered":"\n<p><em><strong>Desde la CEM invitan a capacitaci\u00f3n sobre Inversi\u00f3n en el Mercado de Capitales.  El encuentro ser\u00e1 el mi\u00e9rcoles 21 de febrero a las 14:30 hs en la sede de la C\u00e1mara Econ\u00f3mica Mercedina (CEM). Se trata de una actividad organizada junto con Balanz &#8211; Full Investment House. Hay que reservar lugar. <\/strong><\/em><\/p>\n\n\n<div class=\"wp-block-image\">\n<figure class=\"aligncenter size-full\"><img loading=\"lazy\" decoding=\"async\" width=\"800\" height=\"800\" data-attachment-id=\"172961\" data-permalink=\"https:\/\/www.hoymercedes.com.ar\/principal\/2024\/02\/16\/cem-capacitacion-sobre-inversion-en-el-mercado-de-capitales\/cem-feb-24\/#main\" data-orig-file=\"https:\/\/www.hoymercedes.com.ar\/principal\/wp-content\/uploads\/2024\/02\/cem-feb-24.jpg\" data-orig-size=\"800,800\" data-comments-opened=\"0\" data-image-meta=\"{&quot;aperture&quot;:&quot;0&quot;,&quot;credit&quot;:&quot;&quot;,&quot;camera&quot;:&quot;&quot;,&quot;caption&quot;:&quot;&quot;,&quot;created_timestamp&quot;:&quot;0&quot;,&quot;copyright&quot;:&quot;&quot;,&quot;focal_length&quot;:&quot;0&quot;,&quot;iso&quot;:&quot;0&quot;,&quot;shutter_speed&quot;:&quot;0&quot;,&quot;title&quot;:&quot;&quot;,&quot;orientation&quot;:&quot;0&quot;}\" data-image-title=\"cem feb 24\" data-image-description=\"\" data-image-caption=\"\" data-large-file=\"https:\/\/www.hoymercedes.com.ar\/principal\/wp-content\/uploads\/2024\/02\/cem-feb-24.jpg\" src=\"https:\/\/www.hoymercedes.com.ar\/principal\/wp-content\/uploads\/2024\/02\/cem-feb-24.jpg\" alt=\"\" class=\"wp-image-172961\" srcset=\"https:\/\/www.hoymercedes.com.ar\/principal\/wp-content\/uploads\/2024\/02\/cem-feb-24.jpg 800w, https:\/\/www.hoymercedes.com.ar\/principal\/wp-content\/uploads\/2024\/02\/cem-feb-24-620x620.jpg 620w, https:\/\/www.hoymercedes.com.ar\/principal\/wp-content\/uploads\/2024\/02\/cem-feb-24-150x150.jpg 150w\" sizes=\"auto, (max-width: 800px) 100vw, 800px\" \/><\/figure>\n<\/div>\n\n\n<p>La C\u00e1mara Econ\u00f3mica Mercedina (CEM) ha anunciado un exclusivo encuentro presencial dirigido a principiantes, comerciantes, empresas de servicios y Pymes interesadas en incursionar en el mundo de la inversi\u00f3n en el mercado de<br>capitales.<\/p>\n\n\n\n<p>Bajo el t\u00edtulo \u00abC\u00f3mo invertir en el mercado de capitales\u00bb, este evento busca proporcionar a los participantes un conocimiento integral sobre diversos instrumentos financieros para potenciar sus finanzas, y adem\u00e1s evitar p\u00e9rdidas<br>por acumulaci\u00f3n de stock. <\/p>\n\n\n\n<p>La capacitaci\u00f3n estar\u00e1 a cargo de dos profesionales y conocidos del tema. Ellos son Gonzalo Soria, Gerente de High Net Worth Individuals en Balanz, y Candelaria Miroglio, Asesora Financiera de High Net Worth Individuals en Balanz.<\/p>\n\n\n\n<p>El encuentro se llevar\u00e1 a cabo el mi\u00e9rcoles 21 de febrero a las 14:30 hs en la sede de la C\u00e1mara Econ\u00f3mica Mercedina, ubicada en la Calle 29 n\u00b0 638, Mercedes, Buenos Aires.<\/p>\n\n\n\n<p>Dado que los cupos son limitados, se insta a los interesados a reservar su lugar a la brevedad. Esta capacitaci\u00f3n es una oportunidad para adentrarse en el mundo de las inversiones con la gu\u00eda de expertos reconocidos en el sector. <\/p>\n\n\n\n<p>Para m\u00e1s informaci\u00f3n y reservas, comunicarse con la CEM, quien organiza este evento junto con Balanz &#8211; Full Investment House.<\/p>\n","protected":false},"excerpt":{"rendered":"<p>Desde la CEM invitan a capacitaci\u00f3n sobre Inversi\u00f3n en el Mercado de Capitales. El encuentro ser\u00e1 el mi\u00e9rcoles 21 de &#8230; <a title=\"CEM: capacitaci\u00f3n sobre inversi\u00f3n en el Mercado de Capitales\" class=\"read-more\" href=\"https:\/\/www.hoymercedes.com.ar\/principal\/2024\/02\/16\/cem-capacitacion-sobre-inversion-en-el-mercado-de-capitales\/\" aria-label=\"Leer m\u00e1s sobre CEM: capacitaci\u00f3n sobre inversi\u00f3n en el Mercado de Capitales\">Leer m\u00e1s<\/a><\/p>\n","protected":false},"author":1,"featured_media":172961,"comment_status":"closed","ping_status":"open","sticky":false,"template":"","format":"standard","meta":{"_monsterinsights_skip_tracking":false,"_monsterinsights_sitenote_active":false,"_monsterinsights_sitenote_note":"","_monsterinsights_sitenote_category":0,"jetpack_post_was_ever_published":false,"_jetpack_newsletter_access":"","_jetpack_dont_email_post_to_subs":false,"_jetpack_newsletter_tier_id":0,"_jetpack_memberships_contains_paywalled_content":false,"_jetpack_memberships_contains_paid_content":false,"footnotes":"","jetpack_publicize_message":"","jetpack_publicize_feature_enabled":true,"jetpack_social_post_already_shared":true,"jetpack_social_options":{"image_generator_settings":{"template":"highway","default_image_id":0,"font":"","enabled":false},"version":2},"_wpas_customize_per_network":false},"categories":[8],"tags":[],"class_list":["post-172960","post","type-post","status-publish","format-standard","has-post-thumbnail","hentry","category-sociedad","generate-columns","tablet-grid-50","mobile-grid-100","grid-parent","grid-50"],"jetpack_publicize_connections":[],"jetpack_featured_media_url":"https:\/\/www.hoymercedes.com.ar\/principal\/wp-content\/uploads\/2024\/02\/cem-feb-24.jpg","wps_subtitle":"","jetpack_sharing_enabled":true,"_links":{"self":[{"href":"https:\/\/www.hoymercedes.com.ar\/principal\/wp-json\/wp\/v2\/posts\/172960","targetHints":{"allow":["GET"]}}],"collection":[{"href":"https:\/\/www.hoymercedes.com.ar\/principal\/wp-json\/wp\/v2\/posts"}],"about":[{"href":"https:\/\/www.hoymercedes.com.ar\/principal\/wp-json\/wp\/v2\/types\/post"}],"author":[{"embeddable":true,"href":"https:\/\/www.hoymercedes.com.ar\/principal\/wp-json\/wp\/v2\/users\/1"}],"replies":[{"embeddable":true,"href":"https:\/\/www.hoymercedes.com.ar\/principal\/wp-json\/wp\/v2\/comments?post=172960"}],"version-history":[{"count":0,"href":"https:\/\/www.hoymercedes.com.ar\/principal\/wp-json\/wp\/v2\/posts\/172960\/revisions"}],"wp:featuredmedia":[{"embeddable":true,"href":"https:\/\/www.hoymercedes.com.ar\/principal\/wp-json\/wp\/v2\/media\/172961"}],"wp:attachment":[{"href":"https:\/\/www.hoymercedes.com.ar\/principal\/wp-json\/wp\/v2\/media?parent=172960"}],"wp:term":[{"taxonomy":"category","embeddable":true,"href":"https:\/\/www.hoymercedes.com.ar\/principal\/wp-json\/wp\/v2\/categories?post=172960"},{"taxonomy":"post_tag","embeddable":true,"href":"https:\/\/www.hoymercedes.com.ar\/principal\/wp-json\/wp\/v2\/tags?post=172960"}],"curies":[{"name":"wp","href":"https:\/\/api.w.org\/{rel}","templated":true}]}}