{"id":173012,"date":"2024-02-17T22:29:19","date_gmt":"2024-02-18T01:29:19","guid":{"rendered":"https:\/\/www.hoymercedes.com.ar\/principal\/?p=173012"},"modified":"2024-02-17T22:36:17","modified_gmt":"2024-02-18T01:36:17","slug":"primera-victoria-de-club-mercedes-en-primera-c","status":"publish","type":"post","link":"https:\/\/www.hoymercedes.com.ar\/principal\/2024\/02\/17\/primera-victoria-de-club-mercedes-en-primera-c\/","title":{"rendered":"Primera victoria de Club Mercedes en Primera C"},"content":{"rendered":"\n<figure class=\"wp-block-image size-full is-resized\"><img loading=\"lazy\" decoding=\"async\" width=\"843\" height=\"843\" data-attachment-id=\"173013\" data-permalink=\"https:\/\/www.hoymercedes.com.ar\/principal\/2024\/02\/17\/primera-victoria-de-club-mercedes-en-primera-c\/clubmercedes-vs-cambaceres\/#main\" data-orig-file=\"https:\/\/www.hoymercedes.com.ar\/principal\/wp-content\/uploads\/2024\/02\/ClubMercedes-Vs-Cambaceres.jpg\" data-orig-size=\"843,843\" data-comments-opened=\"0\" data-image-meta=\"{&quot;aperture&quot;:&quot;0&quot;,&quot;credit&quot;:&quot;&quot;,&quot;camera&quot;:&quot;&quot;,&quot;caption&quot;:&quot;&quot;,&quot;created_timestamp&quot;:&quot;0&quot;,&quot;copyright&quot;:&quot;&quot;,&quot;focal_length&quot;:&quot;0&quot;,&quot;iso&quot;:&quot;0&quot;,&quot;shutter_speed&quot;:&quot;0&quot;,&quot;title&quot;:&quot;&quot;,&quot;orientation&quot;:&quot;0&quot;}\" data-image-title=\"ClubMercedes-Vs-Cambaceres\" data-image-description=\"&lt;p&gt;En su tercer encuentro en una liga profesional el Club Mercedes obtuvo la victoria ante Deportivo Cambaceres. Fue de local en la Liga Mercedina con un gol de Mart\u00edn Zuccaro en el segundo tiempo.&lt;\/p&gt;\n\" data-image-caption=\"&lt;p&gt;En su tercer encuentro en una liga profesional el Club Mercedes obtuvo la victoria ante Deportivo Cambaceres. Fue de local en la Liga Mercedina con un gol de Mart\u00edn Zuccaro en el segundo tiempo.&lt;\/p&gt;\n\" data-large-file=\"https:\/\/www.hoymercedes.com.ar\/principal\/wp-content\/uploads\/2024\/02\/ClubMercedes-Vs-Cambaceres.jpg\" src=\"https:\/\/www.hoymercedes.com.ar\/principal\/wp-content\/uploads\/2024\/02\/ClubMercedes-Vs-Cambaceres.jpg\" alt=\"\" class=\"wp-image-173013\" style=\"width:958px;height:auto\" srcset=\"https:\/\/www.hoymercedes.com.ar\/principal\/wp-content\/uploads\/2024\/02\/ClubMercedes-Vs-Cambaceres.jpg 843w, https:\/\/www.hoymercedes.com.ar\/principal\/wp-content\/uploads\/2024\/02\/ClubMercedes-Vs-Cambaceres-620x620.jpg 620w, https:\/\/www.hoymercedes.com.ar\/principal\/wp-content\/uploads\/2024\/02\/ClubMercedes-Vs-Cambaceres-150x150.jpg 150w\" sizes=\"auto, (max-width: 843px) 100vw, 843px\" \/><\/figure>\n\n\n\n<p><p class=\"MsoNormal\"><span lang=\"ES-MX\" style=\"mso-ansi-language:ES-MX\">En su tercer encuentro en una liga profesional el Club Mercedes obtuvo la victoria ante Deportivo Cambaceres. Fue de local en la Liga Mercedina con un gol de Mart\u00edn Zuccaro en el segundo tiempo.De esta manera Club Mercedes logra su primera e hist\u00f3rica victoria, adem\u00e1s de contar con 3 partidos en el profesionalismo siendo dos empates y una victoria, arribando a 5 puntos.<\/span><\/p><\/p>\n\n\n\n<p><p class=\"MsoNormal\"><span lang=\"ES-MX\" style=\"mso-ansi-language:ES-MX\">Los anteriores fue un empate contra Deportivo Espa\u00f1ol y tambi\u00e9n igualdad ante Atlas de General Rodr\u00edguez.<\/span><\/p><\/p>\n\n\n\n<p><p class=\"MsoNormal\"><span lang=\"ES-MX\" style=\"mso-ansi-language:ES-MX\">Ahora con gol de Mart\u00edn Zucarro a los 80m logr\u00f3 la victoria y los anhelados 3 puntos. <\/span><\/p><\/p>\n\n\n\n<p>Foto: Club Mercedes<p class=\"MsoNormal\"><span lang=\"ES-MX\" style=\"mso-ansi-language:ES-MX\">\u00a0<\/span><\/p><\/p>\n","protected":false},"excerpt":{"rendered":"<p>En su tercer encuentro en una liga profesional el Club Mercedes obtuvo la victoria ante Deportivo Cambaceres. Fue de local &#8230; <a title=\"Primera victoria de Club Mercedes en Primera C\" class=\"read-more\" href=\"https:\/\/www.hoymercedes.com.ar\/principal\/2024\/02\/17\/primera-victoria-de-club-mercedes-en-primera-c\/\" aria-label=\"Leer m\u00e1s sobre Primera victoria de Club Mercedes en Primera C\">Leer m\u00e1s<\/a><\/p>\n","protected":false},"author":1,"featured_media":173013,"comment_status":"closed","ping_status":"open","sticky":false,"template":"","format":"standard","meta":{"_monsterinsights_skip_tracking":false,"_monsterinsights_sitenote_active":false,"_monsterinsights_sitenote_note":"","_monsterinsights_sitenote_category":0,"jetpack_post_was_ever_published":false,"_jetpack_newsletter_access":"","_jetpack_dont_email_post_to_subs":false,"_jetpack_newsletter_tier_id":0,"_jetpack_memberships_contains_paywalled_content":false,"_jetpack_memberships_contains_paid_content":false,"footnotes":"","jetpack_publicize_message":"","jetpack_publicize_feature_enabled":true,"jetpack_social_post_already_shared":true,"jetpack_social_options":{"image_generator_settings":{"template":"highway","default_image_id":0,"font":"","enabled":false},"version":2},"_wpas_customize_per_network":false},"categories":[8],"tags":[19131,19199],"class_list":["post-173012","post","type-post","status-publish","format-standard","has-post-thumbnail","hentry","category-sociedad","tag-club-mercedes-primera-c-2","tag-victoria-de-club-mercedes-en-primera-c","generate-columns","tablet-grid-50","mobile-grid-100","grid-parent","grid-50"],"jetpack_publicize_connections":[],"jetpack_featured_media_url":"https:\/\/www.hoymercedes.com.ar\/principal\/wp-content\/uploads\/2024\/02\/ClubMercedes-Vs-Cambaceres.jpg","wps_subtitle":"Sum\u00f3 de a tres","jetpack_sharing_enabled":true,"_links":{"self":[{"href":"https:\/\/www.hoymercedes.com.ar\/principal\/wp-json\/wp\/v2\/posts\/173012","targetHints":{"allow":["GET"]}}],"collection":[{"href":"https:\/\/www.hoymercedes.com.ar\/principal\/wp-json\/wp\/v2\/posts"}],"about":[{"href":"https:\/\/www.hoymercedes.com.ar\/principal\/wp-json\/wp\/v2\/types\/post"}],"author":[{"embeddable":true,"href":"https:\/\/www.hoymercedes.com.ar\/principal\/wp-json\/wp\/v2\/users\/1"}],"replies":[{"embeddable":true,"href":"https:\/\/www.hoymercedes.com.ar\/principal\/wp-json\/wp\/v2\/comments?post=173012"}],"version-history":[{"count":0,"href":"https:\/\/www.hoymercedes.com.ar\/principal\/wp-json\/wp\/v2\/posts\/173012\/revisions"}],"wp:featuredmedia":[{"embeddable":true,"href":"https:\/\/www.hoymercedes.com.ar\/principal\/wp-json\/wp\/v2\/media\/173013"}],"wp:attachment":[{"href":"https:\/\/www.hoymercedes.com.ar\/principal\/wp-json\/wp\/v2\/media?parent=173012"}],"wp:term":[{"taxonomy":"category","embeddable":true,"href":"https:\/\/www.hoymercedes.com.ar\/principal\/wp-json\/wp\/v2\/categories?post=173012"},{"taxonomy":"post_tag","embeddable":true,"href":"https:\/\/www.hoymercedes.com.ar\/principal\/wp-json\/wp\/v2\/tags?post=173012"}],"curies":[{"name":"wp","href":"https:\/\/api.w.org\/{rel}","templated":true}]}}