{"id":173188,"date":"2024-02-21T14:09:05","date_gmt":"2024-02-21T17:09:05","guid":{"rendered":"https:\/\/www.hoymercedes.com.ar\/principal\/?p=173188"},"modified":"2024-02-21T14:09:09","modified_gmt":"2024-02-21T17:09:09","slug":"importante-fabrica-de-lujan-cierra-la-planta-por-30-dias","status":"publish","type":"post","link":"https:\/\/www.hoymercedes.com.ar\/principal\/2024\/02\/21\/importante-fabrica-de-lujan-cierra-la-planta-por-30-dias\/","title":{"rendered":"Importante f\u00e1brica de Luj\u00e1n cierra la planta por 30 d\u00edas"},"content":{"rendered":"\n<figure class=\"wp-block-image size-large\"><img loading=\"lazy\" decoding=\"async\" width=\"1024\" height=\"608\" data-attachment-id=\"173189\" data-permalink=\"https:\/\/www.hoymercedes.com.ar\/principal\/2024\/02\/21\/importante-fabrica-de-lujan-cierra-la-planta-por-30-dias\/captura-de-pantalla-2024-02-21-140729\/#main\" data-orig-file=\"https:\/\/www.hoymercedes.com.ar\/principal\/wp-content\/uploads\/2024\/02\/Captura-de-pantalla-2024-02-21-140729.png\" data-orig-size=\"1454,864\" data-comments-opened=\"0\" data-image-meta=\"{&quot;aperture&quot;:&quot;0&quot;,&quot;credit&quot;:&quot;&quot;,&quot;camera&quot;:&quot;&quot;,&quot;caption&quot;:&quot;&quot;,&quot;created_timestamp&quot;:&quot;0&quot;,&quot;copyright&quot;:&quot;&quot;,&quot;focal_length&quot;:&quot;0&quot;,&quot;iso&quot;:&quot;0&quot;,&quot;shutter_speed&quot;:&quot;0&quot;,&quot;title&quot;:&quot;&quot;,&quot;orientation&quot;:&quot;0&quot;}\" data-image-title=\"Captura-de-pantalla-2024-02-21-140729\" data-image-description=\"&lt;p&gt;Estampados Rotativos Luj\u00e1n cierra producci\u00f3n por un mes&lt;\/p&gt;\n\" data-image-caption=\"&lt;p&gt;Estampados Rotativos Luj\u00e1n cierra producci\u00f3n por un mes&lt;\/p&gt;\n\" data-large-file=\"https:\/\/www.hoymercedes.com.ar\/principal\/wp-content\/uploads\/2024\/02\/Captura-de-pantalla-2024-02-21-140729-1024x608.png\" src=\"https:\/\/www.hoymercedes.com.ar\/principal\/wp-content\/uploads\/2024\/02\/Captura-de-pantalla-2024-02-21-140729-1024x608.png\" alt=\"\" class=\"wp-image-173189\" srcset=\"https:\/\/www.hoymercedes.com.ar\/principal\/wp-content\/uploads\/2024\/02\/Captura-de-pantalla-2024-02-21-140729-1024x608.png 1024w, https:\/\/www.hoymercedes.com.ar\/principal\/wp-content\/uploads\/2024\/02\/Captura-de-pantalla-2024-02-21-140729-630x374.png 630w, https:\/\/www.hoymercedes.com.ar\/principal\/wp-content\/uploads\/2024\/02\/Captura-de-pantalla-2024-02-21-140729-150x89.png 150w, https:\/\/www.hoymercedes.com.ar\/principal\/wp-content\/uploads\/2024\/02\/Captura-de-pantalla-2024-02-21-140729-445x265.png 445w, https:\/\/www.hoymercedes.com.ar\/principal\/wp-content\/uploads\/2024\/02\/Captura-de-pantalla-2024-02-21-140729.png 1454w\" sizes=\"auto, (max-width: 1024px) 100vw, 1024px\" \/><\/figure>\n\n\n\n<p>En la empresa tomaron la decisi\u00f3n por la situaci\u00f3n del pa\u00eds. Ya notificaron al Ministerio de Trabajo. Se trata de una empresa textil. Las ventas hab\u00edan ca\u00eddo un 40% en enero y el panorama no mejor\u00f3.<\/p>\n\n\n\n<p>El Civismo de Luj\u00e1n inform\u00f3 que \u201cseg\u00fan pudo saber este medio, la firma local present\u00f3 una nota en la delegaci\u00f3n local del Ministerio de Trabajo para suspender todas las tareas a partir del viernes 1\u00ba de marzo por 30 d\u00edas. Aunque este plazo podr\u00eda extenderse, debido a la crisis no solo del sector productivo sino tambi\u00e9n por la incertidumbre econ\u00f3mica y financiera\u201d informaron.<\/p>\n\n\n\n<p>En la planta hubo v\u00ednculos con Mercedes, comerciales como laborales.<\/p>\n\n\n\n<p>\u201cDurante esta paralizaci\u00f3n de todas las actividades, el personal cobrar\u00eda el 50 por ciento de acuerdo al convenio laboral\u201d inform\u00f3 El Civismo.<\/p>\n","protected":false},"excerpt":{"rendered":"<p>En la empresa tomaron la decisi\u00f3n por la situaci\u00f3n del pa\u00eds. Ya notificaron al Ministerio de Trabajo. Se trata de &#8230; <a title=\"Importante f\u00e1brica de Luj\u00e1n cierra la planta por 30 d\u00edas\" class=\"read-more\" href=\"https:\/\/www.hoymercedes.com.ar\/principal\/2024\/02\/21\/importante-fabrica-de-lujan-cierra-la-planta-por-30-dias\/\" aria-label=\"Leer m\u00e1s sobre Importante f\u00e1brica de Luj\u00e1n cierra la planta por 30 d\u00edas\">Leer m\u00e1s<\/a><\/p>\n","protected":false},"author":1,"featured_media":173189,"comment_status":"closed","ping_status":"open","sticky":false,"template":"","format":"standard","meta":{"_monsterinsights_skip_tracking":false,"_monsterinsights_sitenote_active":false,"_monsterinsights_sitenote_note":"","_monsterinsights_sitenote_category":0,"jetpack_post_was_ever_published":false,"_jetpack_newsletter_access":"","_jetpack_dont_email_post_to_subs":false,"_jetpack_newsletter_tier_id":0,"_jetpack_memberships_contains_paywalled_content":false,"_jetpack_memberships_contains_paid_content":false,"footnotes":"","jetpack_publicize_message":"","jetpack_publicize_feature_enabled":true,"jetpack_social_post_already_shared":true,"jetpack_social_options":{"image_generator_settings":{"template":"highway","default_image_id":0,"font":"","enabled":false},"version":2},"_wpas_customize_per_network":false},"categories":[8],"tags":[13216,19222,18858],"class_list":["post-173188","post","type-post","status-publish","format-standard","has-post-thumbnail","hentry","category-sociedad","tag-crisis-economica","tag-estampados-rotativos-lujan","tag-milei","generate-columns","tablet-grid-50","mobile-grid-100","grid-parent","grid-50"],"jetpack_publicize_connections":[],"jetpack_featured_media_url":"https:\/\/www.hoymercedes.com.ar\/principal\/wp-content\/uploads\/2024\/02\/Captura-de-pantalla-2024-02-21-140729.png","wps_subtitle":"Crisis","jetpack_sharing_enabled":true,"_links":{"self":[{"href":"https:\/\/www.hoymercedes.com.ar\/principal\/wp-json\/wp\/v2\/posts\/173188","targetHints":{"allow":["GET"]}}],"collection":[{"href":"https:\/\/www.hoymercedes.com.ar\/principal\/wp-json\/wp\/v2\/posts"}],"about":[{"href":"https:\/\/www.hoymercedes.com.ar\/principal\/wp-json\/wp\/v2\/types\/post"}],"author":[{"embeddable":true,"href":"https:\/\/www.hoymercedes.com.ar\/principal\/wp-json\/wp\/v2\/users\/1"}],"replies":[{"embeddable":true,"href":"https:\/\/www.hoymercedes.com.ar\/principal\/wp-json\/wp\/v2\/comments?post=173188"}],"version-history":[{"count":0,"href":"https:\/\/www.hoymercedes.com.ar\/principal\/wp-json\/wp\/v2\/posts\/173188\/revisions"}],"wp:featuredmedia":[{"embeddable":true,"href":"https:\/\/www.hoymercedes.com.ar\/principal\/wp-json\/wp\/v2\/media\/173189"}],"wp:attachment":[{"href":"https:\/\/www.hoymercedes.com.ar\/principal\/wp-json\/wp\/v2\/media?parent=173188"}],"wp:term":[{"taxonomy":"category","embeddable":true,"href":"https:\/\/www.hoymercedes.com.ar\/principal\/wp-json\/wp\/v2\/categories?post=173188"},{"taxonomy":"post_tag","embeddable":true,"href":"https:\/\/www.hoymercedes.com.ar\/principal\/wp-json\/wp\/v2\/tags?post=173188"}],"curies":[{"name":"wp","href":"https:\/\/api.w.org\/{rel}","templated":true}]}}