{"id":173284,"date":"2024-02-24T09:30:00","date_gmt":"2024-02-24T12:30:00","guid":{"rendered":"https:\/\/www.hoymercedes.com.ar\/principal\/?p=173284"},"modified":"2024-02-23T23:15:18","modified_gmt":"2024-02-24T02:15:18","slug":"se-reunio-la-mesa-intersectorial-y-comunitaria-por-la-seguridad-alimentaria","status":"publish","type":"post","link":"https:\/\/www.hoymercedes.com.ar\/principal\/2024\/02\/24\/se-reunio-la-mesa-intersectorial-y-comunitaria-por-la-seguridad-alimentaria\/","title":{"rendered":"Se reuni\u00f3 la \u201cMesa Intersectorial y Comunitaria por la Seguridad Alimentaria\u201d"},"content":{"rendered":"\n<figure class=\"wp-block-image size-large\"><img loading=\"lazy\" decoding=\"async\" width=\"1024\" height=\"682\" data-attachment-id=\"173285\" data-permalink=\"https:\/\/www.hoymercedes.com.ar\/principal\/2024\/02\/24\/se-reunio-la-mesa-intersectorial-y-comunitaria-por-la-seguridad-alimentaria\/mesaseguridadalimentaria-mercedes-1\/#main\" data-orig-file=\"https:\/\/www.hoymercedes.com.ar\/principal\/wp-content\/uploads\/2024\/02\/MesaSeguridadAlimentaria-Mercedes-1.jpg\" data-orig-size=\"1319,879\" data-comments-opened=\"0\" data-image-meta=\"{&quot;aperture&quot;:&quot;0&quot;,&quot;credit&quot;:&quot;&quot;,&quot;camera&quot;:&quot;&quot;,&quot;caption&quot;:&quot;&quot;,&quot;created_timestamp&quot;:&quot;0&quot;,&quot;copyright&quot;:&quot;&quot;,&quot;focal_length&quot;:&quot;0&quot;,&quot;iso&quot;:&quot;0&quot;,&quot;shutter_speed&quot;:&quot;0&quot;,&quot;title&quot;:&quot;&quot;,&quot;orientation&quot;:&quot;0&quot;}\" data-image-title=\"MesaSeguridadAlimentaria-Mercedes-1\" data-image-description=\"&lt;p&gt;Se reuni\u00f3 la \u201cMesa Intersectorial y Comunitaria por la Seguridad Alimentaria\u201d&lt;\/p&gt;\n\" data-image-caption=\"&lt;p&gt;Se reuni\u00f3 la \u201cMesa Intersectorial y Comunitaria por la Seguridad Alimentaria\u201d&lt;\/p&gt;\n\" data-large-file=\"https:\/\/www.hoymercedes.com.ar\/principal\/wp-content\/uploads\/2024\/02\/MesaSeguridadAlimentaria-Mercedes-1-1024x682.jpg\" src=\"https:\/\/www.hoymercedes.com.ar\/principal\/wp-content\/uploads\/2024\/02\/MesaSeguridadAlimentaria-Mercedes-1-1024x682.jpg\" alt=\"\" class=\"wp-image-173285\" srcset=\"https:\/\/www.hoymercedes.com.ar\/principal\/wp-content\/uploads\/2024\/02\/MesaSeguridadAlimentaria-Mercedes-1-1024x682.jpg 1024w, https:\/\/www.hoymercedes.com.ar\/principal\/wp-content\/uploads\/2024\/02\/MesaSeguridadAlimentaria-Mercedes-1-630x420.jpg 630w, https:\/\/www.hoymercedes.com.ar\/principal\/wp-content\/uploads\/2024\/02\/MesaSeguridadAlimentaria-Mercedes-1-150x100.jpg 150w, https:\/\/www.hoymercedes.com.ar\/principal\/wp-content\/uploads\/2024\/02\/MesaSeguridadAlimentaria-Mercedes-1-700x465.jpg 700w, https:\/\/www.hoymercedes.com.ar\/principal\/wp-content\/uploads\/2024\/02\/MesaSeguridadAlimentaria-Mercedes-1.jpg 1319w\" sizes=\"auto, (max-width: 1024px) 100vw, 1024px\" \/><\/figure>\n\n\n\n<p>Impulsados por la Secretar\u00eda de Desarrollo de la Comunidad se llev\u00f3 a cabo la primera mesa de trabajo en b\u00fasqueda de crear una red de contenci\u00f3n y acompa\u00f1amiento a las familias que est\u00e1n siendo afectadas por el constante aumento de valores en los alimentos, perdiendo capacidad de adquisici\u00f3n y calidad. \u201cNuestra comunidad requiere hoy niveles de participaci\u00f3n activa y de solidaridad que intenten generar una red que permita a las mercedinas y mercedinos alimentarse adecuadamente\u201d afirma el documento central del trabajo iniciado.<\/p>\n\n\n\n<p>La secretaria de desarrollo de la comunidad, Lic. Jorgelina Silva, coment\u00f3 que \u201cnos reunimos diferentes representantes de la ciudad, escuelas, comedores, el rector de la Universidad de Luj\u00e1n, la coordinadora de la carrera de ingenier\u00eda en alimentos, organizaciones sociales e integrantes del Gabinete municipal, con el objetivo era convocar a esta mesa intersectorial y comunitaria con el fin de pensar estrategias para poder trabajar sobre la seguridad alimentaria para que en Mercedes no haya mal nutrici\u00f3n\u201d afirm\u00f3.<\/p>\n\n\n\n<figure class=\"wp-block-image size-large\"><img loading=\"lazy\" decoding=\"async\" width=\"1024\" height=\"682\" data-attachment-id=\"173286\" data-permalink=\"https:\/\/www.hoymercedes.com.ar\/principal\/2024\/02\/24\/se-reunio-la-mesa-intersectorial-y-comunitaria-por-la-seguridad-alimentaria\/mesaseguridadalimentaria-mercedes-3\/#main\" data-orig-file=\"https:\/\/www.hoymercedes.com.ar\/principal\/wp-content\/uploads\/2024\/02\/MesaSeguridadAlimentaria-Mercedes-3.jpg\" data-orig-size=\"1319,879\" data-comments-opened=\"0\" data-image-meta=\"{&quot;aperture&quot;:&quot;0&quot;,&quot;credit&quot;:&quot;&quot;,&quot;camera&quot;:&quot;&quot;,&quot;caption&quot;:&quot;&quot;,&quot;created_timestamp&quot;:&quot;0&quot;,&quot;copyright&quot;:&quot;&quot;,&quot;focal_length&quot;:&quot;0&quot;,&quot;iso&quot;:&quot;0&quot;,&quot;shutter_speed&quot;:&quot;0&quot;,&quot;title&quot;:&quot;&quot;,&quot;orientation&quot;:&quot;0&quot;}\" data-image-title=\"MesaSeguridadAlimentaria-Mercedes-3\" data-image-description=\"&lt;p&gt;Se reuni\u00f3 la \u201cMesa Intersectorial y Comunitaria por la Seguridad Alimentaria\u201d&lt;\/p&gt;\n\" data-image-caption=\"&lt;p&gt;Se reuni\u00f3 la \u201cMesa Intersectorial y Comunitaria por la Seguridad Alimentaria\u201d&lt;\/p&gt;\n\" data-large-file=\"https:\/\/www.hoymercedes.com.ar\/principal\/wp-content\/uploads\/2024\/02\/MesaSeguridadAlimentaria-Mercedes-3-1024x682.jpg\" src=\"https:\/\/www.hoymercedes.com.ar\/principal\/wp-content\/uploads\/2024\/02\/MesaSeguridadAlimentaria-Mercedes-3-1024x682.jpg\" alt=\"\" class=\"wp-image-173286\" srcset=\"https:\/\/www.hoymercedes.com.ar\/principal\/wp-content\/uploads\/2024\/02\/MesaSeguridadAlimentaria-Mercedes-3-1024x682.jpg 1024w, https:\/\/www.hoymercedes.com.ar\/principal\/wp-content\/uploads\/2024\/02\/MesaSeguridadAlimentaria-Mercedes-3-630x420.jpg 630w, https:\/\/www.hoymercedes.com.ar\/principal\/wp-content\/uploads\/2024\/02\/MesaSeguridadAlimentaria-Mercedes-3-150x100.jpg 150w, https:\/\/www.hoymercedes.com.ar\/principal\/wp-content\/uploads\/2024\/02\/MesaSeguridadAlimentaria-Mercedes-3-700x465.jpg 700w, https:\/\/www.hoymercedes.com.ar\/principal\/wp-content\/uploads\/2024\/02\/MesaSeguridadAlimentaria-Mercedes-3.jpg 1319w\" sizes=\"auto, (max-width: 1024px) 100vw, 1024px\" \/><\/figure>\n\n\n\n<p><strong>Contexto<\/strong><\/p>\n\n\n\n<p>M\u00e1s adelante coment\u00f3 que \u201clo hacemos en este momento porque hay dos factores importantes que nos condicionan como municipio para poder asistir en este contexto, uno es la inflaci\u00f3n y la suba indiscriminada de precios que eso conlleva hoy por hoy, lo que hace muy dificultoso acceder a un alimento. Y dos -fundamentalmente- el repliegue del Estado Nacional con respecto a las pol\u00edticas alimentarias que hoy no se est\u00e1n llevando adelante\u201d y apunt\u00f3 \u201cpor ejemplo, el a\u00f1o pasado recibimos un fondo de 100 millones de pesos -fraccionado- para comprar alimentos, que este a\u00f1o ya no lo estamos recibiendo, sumado a otros fondos que los municipios dejan de recibir\u201d narr\u00f3 y destac\u00f3 que \u201cesto hace que compremos menos alimentos y el municipio no pueda sostener o llegue con la asistencia, que permit\u00eda funcionar a 23 comedores\u201d.<\/p>\n\n\n\n<p><strong>Unidad<\/strong><\/p>\n\n\n\n<p>Por su parte el intendente Ustarroz ponder\u00f3 \u201cla importante convocatoria, multidisciplinar e inter institucional\u201d donde \u201csolo unidos podemos crear mejores condiciones de vida para nuestros vecinos y vecinas, con una red de trabajo solidario, humano y comprometido\u201d por eso \u201ces tan importante este encuentro y la presencia de cada uno de los actores y referentes presentes\u201d, entre otros conceptos.<\/p>\n\n\n\n<p><strong>Participaci\u00f3n<\/strong><\/p>\n\n\n\n<p>La reuni\u00f3n impulsada por la Secretar\u00eda de Desarrollo de la Comunidad permiti\u00f3 la asistencia de representantes de&nbsp; comedores, escuelas t\u00e9cnicas, consejo escolar, Universidad Nacional de Luj\u00e1n, C\u00e1mara econ\u00f3mica Mercedina, Caritas, INTA, estaci\u00f3n experimental Mercedes, Ministerio de desarrollo de la comunidad de la PBA, cooperativa Alma Mercedina, Iglesias y organizaciones sociales, &nbsp;todo con el objetivo de coordinar acciones concretas para consolidar una red de&nbsp; acompa\u00f1amiento a nuestros vecinos y vecinas en el marco de un contexto social sumamente complejo, especialmente en temas de acceso a la alimentaci\u00f3n segura.<\/p>\n","protected":false},"excerpt":{"rendered":"<p>Impulsados por la Secretar\u00eda de Desarrollo de la Comunidad se llev\u00f3 a cabo la primera mesa de trabajo en b\u00fasqueda &#8230; <a title=\"Se reuni\u00f3 la \u201cMesa Intersectorial y Comunitaria por la Seguridad Alimentaria\u201d\" class=\"read-more\" href=\"https:\/\/www.hoymercedes.com.ar\/principal\/2024\/02\/24\/se-reunio-la-mesa-intersectorial-y-comunitaria-por-la-seguridad-alimentaria\/\" aria-label=\"Leer m\u00e1s sobre Se reuni\u00f3 la \u201cMesa Intersectorial y Comunitaria por la Seguridad Alimentaria\u201d\">Leer m\u00e1s<\/a><\/p>\n","protected":false},"author":1,"featured_media":173286,"comment_status":"closed","ping_status":"open","sticky":false,"template":"","format":"standard","meta":{"_monsterinsights_skip_tracking":false,"_monsterinsights_sitenote_active":false,"_monsterinsights_sitenote_note":"","_monsterinsights_sitenote_category":0,"jetpack_post_was_ever_published":false,"_jetpack_newsletter_access":"","_jetpack_dont_email_post_to_subs":false,"_jetpack_newsletter_tier_id":0,"_jetpack_memberships_contains_paywalled_content":false,"_jetpack_memberships_contains_paid_content":false,"footnotes":"","jetpack_publicize_message":"","jetpack_publicize_feature_enabled":true,"jetpack_social_post_already_shared":true,"jetpack_social_options":{"image_generator_settings":{"template":"highway","default_image_id":0,"font":"","enabled":false},"version":2},"_wpas_customize_per_network":false},"categories":[8],"tags":[19058,19232,5473,19231],"class_list":["post-173284","post","type-post","status-publish","format-standard","has-post-thumbnail","hentry","category-sociedad","tag-ajuste-de-mieli","tag-ajuste-de-milei","tag-jorgelina-silva","tag-se-reunio-la-mesa-intersectorial-y-comunitaria-por-la-seguridad-alimentaria","generate-columns","tablet-grid-50","mobile-grid-100","grid-parent","grid-50"],"jetpack_publicize_connections":[],"jetpack_featured_media_url":"https:\/\/www.hoymercedes.com.ar\/principal\/wp-content\/uploads\/2024\/02\/MesaSeguridadAlimentaria-Mercedes-3.jpg","wps_subtitle":"Lucha contra el hambre","jetpack_sharing_enabled":true,"_links":{"self":[{"href":"https:\/\/www.hoymercedes.com.ar\/principal\/wp-json\/wp\/v2\/posts\/173284","targetHints":{"allow":["GET"]}}],"collection":[{"href":"https:\/\/www.hoymercedes.com.ar\/principal\/wp-json\/wp\/v2\/posts"}],"about":[{"href":"https:\/\/www.hoymercedes.com.ar\/principal\/wp-json\/wp\/v2\/types\/post"}],"author":[{"embeddable":true,"href":"https:\/\/www.hoymercedes.com.ar\/principal\/wp-json\/wp\/v2\/users\/1"}],"replies":[{"embeddable":true,"href":"https:\/\/www.hoymercedes.com.ar\/principal\/wp-json\/wp\/v2\/comments?post=173284"}],"version-history":[{"count":0,"href":"https:\/\/www.hoymercedes.com.ar\/principal\/wp-json\/wp\/v2\/posts\/173284\/revisions"}],"wp:featuredmedia":[{"embeddable":true,"href":"https:\/\/www.hoymercedes.com.ar\/principal\/wp-json\/wp\/v2\/media\/173286"}],"wp:attachment":[{"href":"https:\/\/www.hoymercedes.com.ar\/principal\/wp-json\/wp\/v2\/media?parent=173284"}],"wp:term":[{"taxonomy":"category","embeddable":true,"href":"https:\/\/www.hoymercedes.com.ar\/principal\/wp-json\/wp\/v2\/categories?post=173284"},{"taxonomy":"post_tag","embeddable":true,"href":"https:\/\/www.hoymercedes.com.ar\/principal\/wp-json\/wp\/v2\/tags?post=173284"}],"curies":[{"name":"wp","href":"https:\/\/api.w.org\/{rel}","templated":true}]}}