{"id":173308,"date":"2024-02-24T22:04:16","date_gmt":"2024-02-25T01:04:16","guid":{"rendered":"https:\/\/www.hoymercedes.com.ar\/principal\/?p=173308"},"modified":"2024-02-24T22:04:18","modified_gmt":"2024-02-25T01:04:18","slug":"tragedia-hallan-fallecido-a-sargento-del-cpr-suipacha-en-su-patrullero","status":"publish","type":"post","link":"https:\/\/www.hoymercedes.com.ar\/principal\/2024\/02\/24\/tragedia-hallan-fallecido-a-sargento-del-cpr-suipacha-en-su-patrullero\/","title":{"rendered":"Tragedia: hallan fallecido a sargento del CPR Suipacha en su patrullero"},"content":{"rendered":"\n<figure class=\"wp-block-image size-large\"><img loading=\"lazy\" decoding=\"async\" width=\"1024\" height=\"461\" data-attachment-id=\"173309\" data-permalink=\"https:\/\/www.hoymercedes.com.ar\/principal\/2024\/02\/24\/tragedia-hallan-fallecido-a-sargento-del-cpr-suipacha-en-su-patrullero\/policia-muerte-suipacha\/#main\" data-orig-file=\"https:\/\/www.hoymercedes.com.ar\/principal\/wp-content\/uploads\/2024\/02\/Policia.Muerte.Suipacha.jpg\" data-orig-size=\"1280,576\" data-comments-opened=\"0\" data-image-meta=\"{&quot;aperture&quot;:&quot;0&quot;,&quot;credit&quot;:&quot;&quot;,&quot;camera&quot;:&quot;&quot;,&quot;caption&quot;:&quot;&quot;,&quot;created_timestamp&quot;:&quot;0&quot;,&quot;copyright&quot;:&quot;&quot;,&quot;focal_length&quot;:&quot;0&quot;,&quot;iso&quot;:&quot;0&quot;,&quot;shutter_speed&quot;:&quot;0&quot;,&quot;title&quot;:&quot;&quot;,&quot;orientation&quot;:&quot;0&quot;}\" data-image-title=\"Policia.Muerte.Suipacha\" data-image-description=\"&lt;p&gt;ragedia: hallan fallecido a sargento del CPR Suipacha en su patrullero&lt;\/p&gt;\n\" data-image-caption=\"&lt;p&gt;ragedia: hallan fallecido a sargento del CPR Suipacha en su patrullero&lt;\/p&gt;\n\" data-large-file=\"https:\/\/www.hoymercedes.com.ar\/principal\/wp-content\/uploads\/2024\/02\/Policia.Muerte.Suipacha-1024x461.jpg\" src=\"https:\/\/www.hoymercedes.com.ar\/principal\/wp-content\/uploads\/2024\/02\/Policia.Muerte.Suipacha-1024x461.jpg\" alt=\"\" class=\"wp-image-173309\" srcset=\"https:\/\/www.hoymercedes.com.ar\/principal\/wp-content\/uploads\/2024\/02\/Policia.Muerte.Suipacha-1024x461.jpg 1024w, https:\/\/www.hoymercedes.com.ar\/principal\/wp-content\/uploads\/2024\/02\/Policia.Muerte.Suipacha-630x284.jpg 630w, https:\/\/www.hoymercedes.com.ar\/principal\/wp-content\/uploads\/2024\/02\/Policia.Muerte.Suipacha-150x68.jpg 150w, https:\/\/www.hoymercedes.com.ar\/principal\/wp-content\/uploads\/2024\/02\/Policia.Muerte.Suipacha.jpg 1280w\" sizes=\"auto, (max-width: 1024px) 100vw, 1024px\" \/><\/figure>\n\n\n\n<p>En horas de la tarde se confirm\u00f3 la muerte de Juan Ignacio Mu\u00f1oz, sargento de la polic\u00eda de la Provincia de Buenos Aires perteneciente al COMANDO DE PREVENCION RURAL de Suipacha, quien al momento se hallaba de servicio cumpliendo funciones en dicha dependencia.<\/p>\n\n\n\n<p><br>Se trata de un hecho sensible que est\u00e1 en plena etapa investigativa. El cuerpo del mismo fue hallado sobre un m\u00f3vil policial a la altura de kil\u00f3metro 132 de la Ruta Nacional 5 en un camino vecinal. Se presume (sujeto a desarrollo investigativo) que se tratar\u00eda de una autodeterminaci\u00f3n.<\/p>\n\n\n\n<p><br>Por el momento es la mayor informaci\u00f3n que se puede suministrar. Interviene UFI 3 del Departamento Judicial de Mercedes, trabaja en el lugar polic\u00eda cient\u00edfica, personal de la EPC Suipacha y personal de Superintendencia de Delitos Rurales<\/p>\n","protected":false},"excerpt":{"rendered":"<p>En horas de la tarde se confirm\u00f3 la muerte de Juan Ignacio Mu\u00f1oz, sargento de la polic\u00eda de la Provincia &#8230; <a title=\"Tragedia: hallan fallecido a sargento del CPR Suipacha en su patrullero\" class=\"read-more\" href=\"https:\/\/www.hoymercedes.com.ar\/principal\/2024\/02\/24\/tragedia-hallan-fallecido-a-sargento-del-cpr-suipacha-en-su-patrullero\/\" aria-label=\"Leer m\u00e1s sobre Tragedia: hallan fallecido a sargento del CPR Suipacha en su patrullero\">Leer m\u00e1s<\/a><\/p>\n","protected":false},"author":1,"featured_media":173309,"comment_status":"closed","ping_status":"open","sticky":false,"template":"","format":"standard","meta":{"_monsterinsights_skip_tracking":false,"_monsterinsights_sitenote_active":false,"_monsterinsights_sitenote_note":"","_monsterinsights_sitenote_category":0,"jetpack_post_was_ever_published":false,"_jetpack_newsletter_access":"","_jetpack_dont_email_post_to_subs":false,"_jetpack_newsletter_tier_id":0,"_jetpack_memberships_contains_paywalled_content":false,"_jetpack_memberships_contains_paid_content":false,"footnotes":"","jetpack_publicize_message":"","jetpack_publicize_feature_enabled":true,"jetpack_social_post_already_shared":true,"jetpack_social_options":{"image_generator_settings":{"template":"highway","default_image_id":0,"font":"","enabled":false},"version":2},"_wpas_customize_per_network":false},"categories":[85],"tags":[4490,559,19233],"class_list":["post-173308","post","type-post","status-publish","format-standard","has-post-thumbnail","hentry","category-policial","tag-policia-muerto","tag-suipacha","tag-tragedia-en-suipacha","generate-columns","tablet-grid-50","mobile-grid-100","grid-parent","grid-50"],"jetpack_publicize_connections":[],"jetpack_featured_media_url":"https:\/\/www.hoymercedes.com.ar\/principal\/wp-content\/uploads\/2024\/02\/Policia.Muerte.Suipacha.jpg","wps_subtitle":"","jetpack_sharing_enabled":true,"_links":{"self":[{"href":"https:\/\/www.hoymercedes.com.ar\/principal\/wp-json\/wp\/v2\/posts\/173308","targetHints":{"allow":["GET"]}}],"collection":[{"href":"https:\/\/www.hoymercedes.com.ar\/principal\/wp-json\/wp\/v2\/posts"}],"about":[{"href":"https:\/\/www.hoymercedes.com.ar\/principal\/wp-json\/wp\/v2\/types\/post"}],"author":[{"embeddable":true,"href":"https:\/\/www.hoymercedes.com.ar\/principal\/wp-json\/wp\/v2\/users\/1"}],"replies":[{"embeddable":true,"href":"https:\/\/www.hoymercedes.com.ar\/principal\/wp-json\/wp\/v2\/comments?post=173308"}],"version-history":[{"count":0,"href":"https:\/\/www.hoymercedes.com.ar\/principal\/wp-json\/wp\/v2\/posts\/173308\/revisions"}],"wp:featuredmedia":[{"embeddable":true,"href":"https:\/\/www.hoymercedes.com.ar\/principal\/wp-json\/wp\/v2\/media\/173309"}],"wp:attachment":[{"href":"https:\/\/www.hoymercedes.com.ar\/principal\/wp-json\/wp\/v2\/media?parent=173308"}],"wp:term":[{"taxonomy":"category","embeddable":true,"href":"https:\/\/www.hoymercedes.com.ar\/principal\/wp-json\/wp\/v2\/categories?post=173308"},{"taxonomy":"post_tag","embeddable":true,"href":"https:\/\/www.hoymercedes.com.ar\/principal\/wp-json\/wp\/v2\/tags?post=173308"}],"curies":[{"name":"wp","href":"https:\/\/api.w.org\/{rel}","templated":true}]}}