{"id":173319,"date":"2024-02-25T09:40:00","date_gmt":"2024-02-25T12:40:00","guid":{"rendered":"https:\/\/www.hoymercedes.com.ar\/principal\/?p=173319"},"modified":"2024-02-25T10:20:30","modified_gmt":"2024-02-25T13:20:30","slug":"policia-federal-mercedes-realiza-operativo-y-detencion-en-open-door","status":"publish","type":"post","link":"https:\/\/www.hoymercedes.com.ar\/principal\/2024\/02\/25\/policia-federal-mercedes-realiza-operativo-y-detencion-en-open-door\/","title":{"rendered":"Polic\u00eda Federal Mercedes realiza operativo y detenci\u00f3n en Open Door"},"content":{"rendered":"\n<figure class=\"wp-block-image size-full is-resized\"><img loading=\"lazy\" decoding=\"async\" width=\"552\" height=\"495\" data-attachment-id=\"173320\" data-permalink=\"https:\/\/www.hoymercedes.com.ar\/principal\/2024\/02\/25\/policia-federal-mercedes-realiza-operativo-y-detencion-en-open-door\/detencion-policiafederal-elcivismo\/#main\" data-orig-file=\"https:\/\/www.hoymercedes.com.ar\/principal\/wp-content\/uploads\/2024\/02\/Detencion-PoliciaFederal-ElCivismo.jpg\" data-orig-size=\"552,495\" data-comments-opened=\"0\" data-image-meta=\"{&quot;aperture&quot;:&quot;0&quot;,&quot;credit&quot;:&quot;&quot;,&quot;camera&quot;:&quot;&quot;,&quot;caption&quot;:&quot;&quot;,&quot;created_timestamp&quot;:&quot;0&quot;,&quot;copyright&quot;:&quot;&quot;,&quot;focal_length&quot;:&quot;0&quot;,&quot;iso&quot;:&quot;0&quot;,&quot;shutter_speed&quot;:&quot;0&quot;,&quot;title&quot;:&quot;&quot;,&quot;orientation&quot;:&quot;0&quot;}\" data-image-title=\"Detencion-PoliciaFederal-ElCivismo\" data-image-description=\"\" data-image-caption=\"\" data-large-file=\"https:\/\/www.hoymercedes.com.ar\/principal\/wp-content\/uploads\/2024\/02\/Detencion-PoliciaFederal-ElCivismo.jpg\" src=\"https:\/\/www.hoymercedes.com.ar\/principal\/wp-content\/uploads\/2024\/02\/Detencion-PoliciaFederal-ElCivismo.jpg\" alt=\"\" class=\"wp-image-173320\" style=\"width:960px;height:auto\" srcset=\"https:\/\/www.hoymercedes.com.ar\/principal\/wp-content\/uploads\/2024\/02\/Detencion-PoliciaFederal-ElCivismo.jpg 552w, https:\/\/www.hoymercedes.com.ar\/principal\/wp-content\/uploads\/2024\/02\/Detencion-PoliciaFederal-ElCivismo-150x135.jpg 150w\" sizes=\"auto, (max-width: 552px) 100vw, 552px\" \/><\/figure>\n\n\n\n<p>En una intervenci\u00f3n llevada a cabo por la <strong>Divisi\u00f3n Unidad Operativa Federal Mercedes<\/strong> de la Polic\u00eda Federal Argentina, se logr\u00f3 la detenci\u00f3n de un individuo vinculado a actividades il\u00edcitas de tr\u00e1fico de drogas. El operativo se ejecut\u00f3 este jueves en la localidad de Open Door, como parte de una investigaci\u00f3n que se inici\u00f3 en el mes de enero.<\/p>\n\n\n\n<p>El arrestado, un joven de 30 a\u00f1os originario de la provincia del Chaco, hab\u00eda estado residiendo en la localidad durante aproximadamente tres meses, seg\u00fan informaci\u00f3n proporcionada por las autoridades.<\/p>\n\n\n\n<p>El procedimiento cont\u00f3 con la colaboraci\u00f3n de la Ayudant\u00eda Fiscal de Estupefacientes del Departamento Judicial Mercedes, bajo la direcci\u00f3n del Dr. Repetto.<\/p>\n\n\n\n<p>Aunque la Polic\u00eda Federal Argentina no revela detalles espec\u00edficos sobre el lugar exacto de la detenci\u00f3n ni la identidad del detenido, indica que la acci\u00f3n est\u00e1 enmarcada en la \u00abInfracci\u00f3n a la Ley 23.737 (Ley de Drogas)\u00bb.<\/p>\n\n\n\n<p>Las investigaciones que permitieron localizar y capturar al individuo se\u00f1alado como uno de los responsables en esta red de tr\u00e1fico de estupefacientes se iniciaron en enero de este a\u00f1o.<\/p>\n\n\n\n<p>La informaci\u00f3n proporcionada a la prensa por la PFA no incluye im\u00e1genes del arrestado ni detalles sobre su papel en la investigaci\u00f3n. Sin embargo, se difundi\u00f3 una fotograf\u00eda en la que se observa a un individuo de espaldas ingresando a la Delegaci\u00f3n Mercedes de la <strong>Polic\u00eda Federal Argentina.<\/strong><\/p>\n\n\n\n<p>El detenido se encuentra esposado, descalzo, con el torso desnudo y viste \u00fanicamente un pantal\u00f3n corto tipo short. Acompa\u00f1\u00e1ndolo en la imagen se encuentra un efectivo policial identificado con un chaleco que lleva las iniciales de la Polic\u00eda Federal Argentina.<\/p>\n\n\n\n<p>Foto y fuente: <a href=\"https:\/\/www.elcivismo.com.ar\/notas\/52907\/detencion-en-open-door-por-venta-de-drogas.html\" target=\"_blank\" rel=\"noopener\">El Civismo<\/a><\/p>\n","protected":false},"excerpt":{"rendered":"<p>En una intervenci\u00f3n llevada a cabo por la Divisi\u00f3n Unidad Operativa Federal Mercedes de la Polic\u00eda Federal Argentina, se logr\u00f3 &#8230; <a title=\"Polic\u00eda Federal Mercedes realiza operativo y detenci\u00f3n en Open Door\" class=\"read-more\" href=\"https:\/\/www.hoymercedes.com.ar\/principal\/2024\/02\/25\/policia-federal-mercedes-realiza-operativo-y-detencion-en-open-door\/\" aria-label=\"Leer m\u00e1s sobre Polic\u00eda Federal Mercedes realiza operativo y detenci\u00f3n en Open Door\">Leer m\u00e1s<\/a><\/p>\n","protected":false},"author":1,"featured_media":0,"comment_status":"closed","ping_status":"open","sticky":false,"template":"","format":"standard","meta":{"_monsterinsights_skip_tracking":false,"_monsterinsights_sitenote_active":false,"_monsterinsights_sitenote_note":"","_monsterinsights_sitenote_category":0,"jetpack_post_was_ever_published":false,"_jetpack_newsletter_access":"","_jetpack_dont_email_post_to_subs":false,"_jetpack_newsletter_tier_id":0,"_jetpack_memberships_contains_paywalled_content":false,"_jetpack_memberships_contains_paid_content":false,"footnotes":"","jetpack_publicize_message":"","jetpack_publicize_feature_enabled":true,"jetpack_social_post_already_shared":false,"jetpack_social_options":{"image_generator_settings":{"template":"highway","default_image_id":0,"font":"","enabled":false},"version":2},"_wpas_customize_per_network":false},"categories":[8],"tags":[],"class_list":["post-173319","post","type-post","status-publish","format-standard","hentry","category-sociedad","generate-columns","tablet-grid-50","mobile-grid-100","grid-parent","grid-50"],"jetpack_publicize_connections":[],"jetpack_featured_media_url":"","wps_subtitle":"Detenido","jetpack_sharing_enabled":true,"_links":{"self":[{"href":"https:\/\/www.hoymercedes.com.ar\/principal\/wp-json\/wp\/v2\/posts\/173319","targetHints":{"allow":["GET"]}}],"collection":[{"href":"https:\/\/www.hoymercedes.com.ar\/principal\/wp-json\/wp\/v2\/posts"}],"about":[{"href":"https:\/\/www.hoymercedes.com.ar\/principal\/wp-json\/wp\/v2\/types\/post"}],"author":[{"embeddable":true,"href":"https:\/\/www.hoymercedes.com.ar\/principal\/wp-json\/wp\/v2\/users\/1"}],"replies":[{"embeddable":true,"href":"https:\/\/www.hoymercedes.com.ar\/principal\/wp-json\/wp\/v2\/comments?post=173319"}],"version-history":[{"count":0,"href":"https:\/\/www.hoymercedes.com.ar\/principal\/wp-json\/wp\/v2\/posts\/173319\/revisions"}],"wp:attachment":[{"href":"https:\/\/www.hoymercedes.com.ar\/principal\/wp-json\/wp\/v2\/media?parent=173319"}],"wp:term":[{"taxonomy":"category","embeddable":true,"href":"https:\/\/www.hoymercedes.com.ar\/principal\/wp-json\/wp\/v2\/categories?post=173319"},{"taxonomy":"post_tag","embeddable":true,"href":"https:\/\/www.hoymercedes.com.ar\/principal\/wp-json\/wp\/v2\/tags?post=173319"}],"curies":[{"name":"wp","href":"https:\/\/api.w.org\/{rel}","templated":true}]}}