{"id":17336,"date":"2012-10-29T00:27:22","date_gmt":"2012-10-29T00:27:22","guid":{"rendered":"http:\/\/www.hoymercedes.com.ar\/principal\/?p=17336"},"modified":"2012-10-29T00:48:32","modified_gmt":"2012-10-29T00:48:32","slug":"barrio-penaloza-gano-la-lista-2-encabezada-por-sosa","status":"publish","type":"post","link":"https:\/\/www.hoymercedes.com.ar\/principal\/2012\/10\/29\/barrio-penaloza-gano-la-lista-2-encabezada-por-sosa\/","title":{"rendered":"Barrio Pe\u00f1aloza: gan\u00f3 la Lista 2 encabezada por Sosa"},"content":{"rendered":"<p><a href=\"https:\/\/www.hoymercedes.com.ar\/principal\/wp-content\/uploads\/2012\/10\/BarrioPe\u00f1aloza-Lista2.jpg\"><img loading=\"lazy\" decoding=\"async\" data-attachment-id=\"17338\" data-permalink=\"https:\/\/www.hoymercedes.com.ar\/principal\/2012\/10\/29\/barrio-penaloza-gano-la-lista-2-encabezada-por-sosa\/barriopenaloza-lista2\/#main\" data-orig-file=\"https:\/\/www.hoymercedes.com.ar\/principal\/wp-content\/uploads\/2012\/10\/BarrioPe\u00f1aloza-Lista2.jpg\" data-orig-size=\"616,411\" data-comments-opened=\"1\" data-image-meta=\"{&quot;aperture&quot;:&quot;3.5&quot;,&quot;credit&quot;:&quot;&quot;,&quot;camera&quot;:&quot;SAMSUNG PL20,PL21 \/ VLUU PL20,PL21&quot;,&quot;caption&quot;:&quot;&quot;,&quot;created_timestamp&quot;:&quot;1303829733&quot;,&quot;copyright&quot;:&quot;COPYRIGHT, 2011&quot;,&quot;focal_length&quot;:&quot;4.9&quot;,&quot;iso&quot;:&quot;200&quot;,&quot;shutter_speed&quot;:&quot;0.022222222222222&quot;,&quot;title&quot;:&quot;&quot;}\" data-image-title=\"BarrioPe\u00f1aloza-Lista2\" data-image-description=\"\" data-image-caption=\"\" data-large-file=\"https:\/\/www.hoymercedes.com.ar\/principal\/wp-content\/uploads\/2012\/10\/BarrioPe\u00f1aloza-Lista2.jpg\" class=\"aligncenter size-full wp-image-17338\" title=\"BarrioPe\u00f1aloza-Lista2\" src=\"https:\/\/www.hoymercedes.com.ar\/principal\/wp-content\/uploads\/2012\/10\/BarrioPe\u00f1aloza-Lista2.jpg\" alt=\"\" width=\"616\" height=\"411\" \/><\/a><\/p>\n<p>Durante el pasado s\u00e1bado se llevaron adelante las elecciones de la Sociedad de Fomento del Barrio Pa\u00f1alozo con la participaci\u00f3n de dos listas, la N\u00b01 y la N\u00b0 2.<\/p>\n<p>La jornada se desarroll\u00f3 con total normalidad siendo la vencedora la N\u00famero 2 encabezada por\u00a0Claudia\u00a0Sosa.<\/p>\n<p>Fueron 341 vecinos de la barriada de los cuales 175 optaron por la \u00ablista 2\u00bb y 164 por la \u00ablista 1\u00bb habiendo 2 votos anulados.<\/p>\n<p>Por parte del municipio estuvieron los abogados Roberto Flores y Valeria Ilarr\u00e1z como veedores y Juan Otero, Coordinador de Seguridad\u00a0tambi\u00e9n\u00a0bajo el rol de veedor.<\/p>\n<p>De esta manera un nuevo barrio de nuestra ciudad lleva adelante elecciones para elecci\u00f3n de sus autoridades en la Sociedad de Fomento.<\/p>\n<p><a href=\"https:\/\/www.hoymercedes.com.ar\/principal\/wp-content\/uploads\/2012\/10\/BarrioPe\u00f1aloza-Lista2-II.jpg\"><img loading=\"lazy\" decoding=\"async\" data-attachment-id=\"17339\" data-permalink=\"https:\/\/www.hoymercedes.com.ar\/principal\/2012\/10\/29\/barrio-penaloza-gano-la-lista-2-encabezada-por-sosa\/barriopenaloza-lista2-ii\/#main\" data-orig-file=\"https:\/\/www.hoymercedes.com.ar\/principal\/wp-content\/uploads\/2012\/10\/BarrioPe\u00f1aloza-Lista2-II.jpg\" data-orig-size=\"616,411\" data-comments-opened=\"1\" data-image-meta=\"{&quot;aperture&quot;:&quot;3.5&quot;,&quot;credit&quot;:&quot;&quot;,&quot;camera&quot;:&quot;SAMSUNG PL20,PL21 \/ VLUU PL20,PL21&quot;,&quot;caption&quot;:&quot;&quot;,&quot;created_timestamp&quot;:&quot;1303829774&quot;,&quot;copyright&quot;:&quot;COPYRIGHT, 2011&quot;,&quot;focal_length&quot;:&quot;4.9&quot;,&quot;iso&quot;:&quot;200&quot;,&quot;shutter_speed&quot;:&quot;0.022222222222222&quot;,&quot;title&quot;:&quot;&quot;}\" data-image-title=\"BarrioPe\u00f1aloza-Lista2-II\" data-image-description=\"\" data-image-caption=\"\" data-large-file=\"https:\/\/www.hoymercedes.com.ar\/principal\/wp-content\/uploads\/2012\/10\/BarrioPe\u00f1aloza-Lista2-II.jpg\" class=\"aligncenter size-full wp-image-17339\" title=\"BarrioPe\u00f1aloza-Lista2-II\" src=\"https:\/\/www.hoymercedes.com.ar\/principal\/wp-content\/uploads\/2012\/10\/BarrioPe\u00f1aloza-Lista2-II.jpg\" alt=\"\" width=\"616\" height=\"411\" srcset=\"https:\/\/www.hoymercedes.com.ar\/principal\/wp-content\/uploads\/2012\/10\/BarrioPe\u00f1aloza-Lista2-II.jpg 616w, https:\/\/www.hoymercedes.com.ar\/principal\/wp-content\/uploads\/2012\/10\/BarrioPe\u00f1aloza-Lista2-II-300x200.jpg 300w\" sizes=\"auto, (max-width: 616px) 100vw, 616px\" \/><\/a><\/p>\n","protected":false},"excerpt":{"rendered":"<p>Durante el pasado s\u00e1bado se llevaron adelante las elecciones de la Sociedad de Fomento del Barrio Pa\u00f1alozo con la participaci\u00f3n &#8230; <a title=\"Barrio Pe\u00f1aloza: gan\u00f3 la Lista 2 encabezada por Sosa\" class=\"read-more\" href=\"https:\/\/www.hoymercedes.com.ar\/principal\/2012\/10\/29\/barrio-penaloza-gano-la-lista-2-encabezada-por-sosa\/\" aria-label=\"Leer m\u00e1s sobre Barrio Pe\u00f1aloza: gan\u00f3 la Lista 2 encabezada por Sosa\">Leer m\u00e1s<\/a><\/p>\n","protected":false},"author":1,"featured_media":0,"comment_status":"open","ping_status":"open","sticky":false,"template":"","format":"standard","meta":{"_monsterinsights_skip_tracking":false,"_monsterinsights_sitenote_active":false,"_monsterinsights_sitenote_note":"","_monsterinsights_sitenote_category":0,"jetpack_post_was_ever_published":false,"_jetpack_newsletter_access":"","_jetpack_dont_email_post_to_subs":false,"_jetpack_newsletter_tier_id":0,"_jetpack_memberships_contains_paywalled_content":false,"_jetpack_memberships_contains_paid_content":false,"footnotes":"","jetpack_publicize_message":"","jetpack_publicize_feature_enabled":true,"jetpack_social_post_already_shared":false,"jetpack_social_options":{"image_generator_settings":{"template":"highway","default_image_id":0,"font":"","enabled":false},"version":2},"_wpas_customize_per_network":false},"categories":[5],"tags":[2902,2903],"class_list":["post-17336","post","type-post","status-publish","format-standard","hentry","category-politica","tag-barrio-penaloza-mercedes","tag-claudia-sosa-barrio-penaloza","generate-columns","tablet-grid-50","mobile-grid-100","grid-parent","grid-50"],"jetpack_publicize_connections":[],"jetpack_featured_media_url":"","wps_subtitle":"","jetpack_sharing_enabled":true,"_links":{"self":[{"href":"https:\/\/www.hoymercedes.com.ar\/principal\/wp-json\/wp\/v2\/posts\/17336","targetHints":{"allow":["GET"]}}],"collection":[{"href":"https:\/\/www.hoymercedes.com.ar\/principal\/wp-json\/wp\/v2\/posts"}],"about":[{"href":"https:\/\/www.hoymercedes.com.ar\/principal\/wp-json\/wp\/v2\/types\/post"}],"author":[{"embeddable":true,"href":"https:\/\/www.hoymercedes.com.ar\/principal\/wp-json\/wp\/v2\/users\/1"}],"replies":[{"embeddable":true,"href":"https:\/\/www.hoymercedes.com.ar\/principal\/wp-json\/wp\/v2\/comments?post=17336"}],"version-history":[{"count":0,"href":"https:\/\/www.hoymercedes.com.ar\/principal\/wp-json\/wp\/v2\/posts\/17336\/revisions"}],"wp:attachment":[{"href":"https:\/\/www.hoymercedes.com.ar\/principal\/wp-json\/wp\/v2\/media?parent=17336"}],"wp:term":[{"taxonomy":"category","embeddable":true,"href":"https:\/\/www.hoymercedes.com.ar\/principal\/wp-json\/wp\/v2\/categories?post=17336"},{"taxonomy":"post_tag","embeddable":true,"href":"https:\/\/www.hoymercedes.com.ar\/principal\/wp-json\/wp\/v2\/tags?post=17336"}],"curies":[{"name":"wp","href":"https:\/\/api.w.org\/{rel}","templated":true}]}}