{"id":173408,"date":"2024-02-27T20:43:40","date_gmt":"2024-02-27T23:43:40","guid":{"rendered":"https:\/\/www.hoymercedes.com.ar\/principal\/?p=173408"},"modified":"2024-02-27T20:43:43","modified_gmt":"2024-02-27T23:43:43","slug":"cem-particio-de-reunion-en-feba-con-kicillof","status":"publish","type":"post","link":"https:\/\/www.hoymercedes.com.ar\/principal\/2024\/02\/27\/cem-particio-de-reunion-en-feba-con-kicillof\/","title":{"rendered":"CEM partici\u00f3 de reuni\u00f3n en FEBA con Kicillof"},"content":{"rendered":"\n<p>Desde la C\u00e1mara Econ\u00f3mica Mercedina dieron cuenta de su participaci\u00f3n en la reuni\u00f3n organizada por la Federaci\u00f3n Econ\u00f3mica de Buenso Aires (FEBA) con la gobernaci\u00f3n bonaerense. Del encuentro participaron el Gerente de la CEM, Ariel Pietrucha; la Coordinadora de Mujeres CEM Natalia Bonifazi, y la presidenta de MEFEBA, la mercedina Natalia Facciolo. <\/p>\n\n\n<div class=\"wp-block-image\">\n<figure class=\"aligncenter size-full\"><img loading=\"lazy\" decoding=\"async\" width=\"683\" height=\"442\" data-attachment-id=\"173409\" data-permalink=\"https:\/\/www.hoymercedes.com.ar\/principal\/2024\/02\/27\/cem-particio-de-reunion-en-feba-con-kicillof\/cem-feba-2024\/#main\" data-orig-file=\"https:\/\/www.hoymercedes.com.ar\/principal\/wp-content\/uploads\/2024\/02\/cem-feba-2024.jpg\" data-orig-size=\"683,442\" data-comments-opened=\"0\" data-image-meta=\"{&quot;aperture&quot;:&quot;0&quot;,&quot;credit&quot;:&quot;&quot;,&quot;camera&quot;:&quot;&quot;,&quot;caption&quot;:&quot;&quot;,&quot;created_timestamp&quot;:&quot;0&quot;,&quot;copyright&quot;:&quot;&quot;,&quot;focal_length&quot;:&quot;0&quot;,&quot;iso&quot;:&quot;0&quot;,&quot;shutter_speed&quot;:&quot;0&quot;,&quot;title&quot;:&quot;&quot;,&quot;orientation&quot;:&quot;0&quot;}\" data-image-title=\"cem feba 2024\" data-image-description=\"\" data-image-caption=\"\" data-large-file=\"https:\/\/www.hoymercedes.com.ar\/principal\/wp-content\/uploads\/2024\/02\/cem-feba-2024.jpg\" src=\"https:\/\/www.hoymercedes.com.ar\/principal\/wp-content\/uploads\/2024\/02\/cem-feba-2024.jpg\" alt=\"\" class=\"wp-image-173409\" srcset=\"https:\/\/www.hoymercedes.com.ar\/principal\/wp-content\/uploads\/2024\/02\/cem-feba-2024.jpg 683w, https:\/\/www.hoymercedes.com.ar\/principal\/wp-content\/uploads\/2024\/02\/cem-feba-2024-630x408.jpg 630w, https:\/\/www.hoymercedes.com.ar\/principal\/wp-content\/uploads\/2024\/02\/cem-feba-2024-150x97.jpg 150w\" sizes=\"auto, (max-width: 683px) 100vw, 683px\" \/><\/figure>\n<\/div>\n\n\n<p>La Federaci\u00f3n Econ\u00f3mica de Buenos Aires (FEBA) convoc\u00f3 a una reuni\u00f3n de importancia en la Gobernaci\u00f3n en La Plata, donde se abordaron los desaf\u00edos actuales del sector comercial de la provincia. Representantes de la C\u00e1mara Econ\u00f3mica Mercedina (CEM) se hicieron presentes.<\/p>\n\n\n\n<p>De acuerdo a la informaci\u00f3n provista por la instituci\u00f3n por la instituci\u00f3n mercedina, \u00abel eje central de la jornada fue analizar el papel fundamental que desempe\u00f1a el empresariado provincial en la econom\u00eda actual, destacando la<br>importancia de fortalecer el di\u00e1logo y la cooperaci\u00f3n entre el sector p\u00fablico y privado\u00bb.<\/p>\n\n\n\n<p>\u00abLa presentaci\u00f3n gir\u00f3 en torno al impacto de las pol\u00edticas del Gobierno nacional en el consumo y se enfatiz\u00f3 la necesidad de ampliar la convocatoria para profundizar el di\u00e1logo con c\u00e1maras comerciales de diferentes regiones  de la provincia\u00bb, destacan. <\/p>\n\n\n\n<p>La delegaci\u00f3n de la CEM estuvo encabezada por Ariel Pietrucha, Gerente de la C\u00e1mara y Directivo de FEBA, junto a Natalia Facciolo, Secretaria de la CEM y Presidenta de MEFEBA, y Natalia Bonifazi, de la Subcomisi\u00f3n de Mujeres CEM. <\/p>\n\n\n\n<p>El Gobernador Axel Kicillof, acompa\u00f1ado por el Ministro de Producci\u00f3n, Ciencia e Innovaci\u00f3n Tecnol\u00f3gica de la provincia de Buenos Aires, Augusto Costa, encabez\u00f3 el encuentro. <\/p>\n\n\n\n<p>El encuentro, que se llev\u00f3 a cabo en el Sal\u00f3n Dorado de la Casa de Gobierno, cont\u00f3 tambi\u00e9n con la participaci\u00f3n de ministros clave como Walter Correa (Trabajo), Carlos Bianco (Gobierno) y Juan Cuattromo (presidente del Banco Provincia), quienes se sumaron al an\u00e1lisis de la situaci\u00f3n econ\u00f3mica y comercial bonaerense.<\/p>\n","protected":false},"excerpt":{"rendered":"<p>Desde la C\u00e1mara Econ\u00f3mica Mercedina dieron cuenta de su participaci\u00f3n en la reuni\u00f3n organizada por la Federaci\u00f3n Econ\u00f3mica de Buenso &#8230; <a title=\"CEM partici\u00f3 de reuni\u00f3n en FEBA con Kicillof\" class=\"read-more\" href=\"https:\/\/www.hoymercedes.com.ar\/principal\/2024\/02\/27\/cem-particio-de-reunion-en-feba-con-kicillof\/\" aria-label=\"Leer m\u00e1s sobre CEM partici\u00f3 de reuni\u00f3n en FEBA con Kicillof\">Leer m\u00e1s<\/a><\/p>\n","protected":false},"author":1,"featured_media":173409,"comment_status":"closed","ping_status":"open","sticky":false,"template":"","format":"standard","meta":{"_monsterinsights_skip_tracking":false,"_monsterinsights_sitenote_active":false,"_monsterinsights_sitenote_note":"","_monsterinsights_sitenote_category":0,"jetpack_post_was_ever_published":false,"_jetpack_newsletter_access":"","_jetpack_dont_email_post_to_subs":false,"_jetpack_newsletter_tier_id":0,"_jetpack_memberships_contains_paywalled_content":false,"_jetpack_memberships_contains_paid_content":false,"footnotes":"","jetpack_publicize_message":"","jetpack_publicize_feature_enabled":true,"jetpack_social_post_already_shared":true,"jetpack_social_options":{"image_generator_settings":{"template":"highway","default_image_id":0,"font":"","enabled":false},"version":2},"_wpas_customize_per_network":false},"categories":[8],"tags":[],"class_list":["post-173408","post","type-post","status-publish","format-standard","has-post-thumbnail","hentry","category-sociedad","generate-columns","tablet-grid-50","mobile-grid-100","grid-parent","grid-50"],"jetpack_publicize_connections":[],"jetpack_featured_media_url":"https:\/\/www.hoymercedes.com.ar\/principal\/wp-content\/uploads\/2024\/02\/cem-feba-2024.jpg","wps_subtitle":"","jetpack_sharing_enabled":true,"_links":{"self":[{"href":"https:\/\/www.hoymercedes.com.ar\/principal\/wp-json\/wp\/v2\/posts\/173408","targetHints":{"allow":["GET"]}}],"collection":[{"href":"https:\/\/www.hoymercedes.com.ar\/principal\/wp-json\/wp\/v2\/posts"}],"about":[{"href":"https:\/\/www.hoymercedes.com.ar\/principal\/wp-json\/wp\/v2\/types\/post"}],"author":[{"embeddable":true,"href":"https:\/\/www.hoymercedes.com.ar\/principal\/wp-json\/wp\/v2\/users\/1"}],"replies":[{"embeddable":true,"href":"https:\/\/www.hoymercedes.com.ar\/principal\/wp-json\/wp\/v2\/comments?post=173408"}],"version-history":[{"count":0,"href":"https:\/\/www.hoymercedes.com.ar\/principal\/wp-json\/wp\/v2\/posts\/173408\/revisions"}],"wp:featuredmedia":[{"embeddable":true,"href":"https:\/\/www.hoymercedes.com.ar\/principal\/wp-json\/wp\/v2\/media\/173409"}],"wp:attachment":[{"href":"https:\/\/www.hoymercedes.com.ar\/principal\/wp-json\/wp\/v2\/media?parent=173408"}],"wp:term":[{"taxonomy":"category","embeddable":true,"href":"https:\/\/www.hoymercedes.com.ar\/principal\/wp-json\/wp\/v2\/categories?post=173408"},{"taxonomy":"post_tag","embeddable":true,"href":"https:\/\/www.hoymercedes.com.ar\/principal\/wp-json\/wp\/v2\/tags?post=173408"}],"curies":[{"name":"wp","href":"https:\/\/api.w.org\/{rel}","templated":true}]}}