{"id":17343,"date":"2012-10-29T00:40:45","date_gmt":"2012-10-29T00:40:45","guid":{"rendered":"http:\/\/www.hoymercedes.com.ar\/principal\/?p=17343"},"modified":"2012-10-29T00:41:01","modified_gmt":"2012-10-29T00:41:01","slug":"selvismo-homenajeo-a-nestor-kirchner-tras-dos-anos-de-su-muerte","status":"publish","type":"post","link":"https:\/\/www.hoymercedes.com.ar\/principal\/2012\/10\/29\/selvismo-homenajeo-a-nestor-kirchner-tras-dos-anos-de-su-muerte\/","title":{"rendered":"Selvismo homenaje\u00f3 a N\u00e9stor Kirchner tras dos a\u00f1os de su muerte"},"content":{"rendered":"<p><a href=\"https:\/\/www.hoymercedes.com.ar\/principal\/wp-content\/uploads\/2012\/10\/Homenaje-Kirchner-2012-II.jpg\"><img loading=\"lazy\" decoding=\"async\" data-attachment-id=\"17345\" data-permalink=\"https:\/\/www.hoymercedes.com.ar\/principal\/2012\/10\/29\/selvismo-homenajeo-a-nestor-kirchner-tras-dos-anos-de-su-muerte\/homenaje-kirchner-2012-ii\/#main\" data-orig-file=\"https:\/\/www.hoymercedes.com.ar\/principal\/wp-content\/uploads\/2012\/10\/Homenaje-Kirchner-2012-II.jpg\" data-orig-size=\"616,347\" data-comments-opened=\"1\" data-image-meta=\"{&quot;aperture&quot;:&quot;2.2&quot;,&quot;credit&quot;:&quot;&quot;,&quot;camera&quot;:&quot;N9&quot;,&quot;caption&quot;:&quot;&quot;,&quot;created_timestamp&quot;:&quot;0&quot;,&quot;copyright&quot;:&quot;&quot;,&quot;focal_length&quot;:&quot;28&quot;,&quot;iso&quot;:&quot;606&quot;,&quot;shutter_speed&quot;:&quot;0.044&quot;,&quot;title&quot;:&quot;&quot;}\" data-image-title=\"Homenaje-Kirchner-2012-II\" data-image-description=\"\" data-image-caption=\"\" data-large-file=\"https:\/\/www.hoymercedes.com.ar\/principal\/wp-content\/uploads\/2012\/10\/Homenaje-Kirchner-2012-II.jpg\" class=\"aligncenter size-full wp-image-17345\" title=\"Homenaje-Kirchner-2012-II\" src=\"https:\/\/www.hoymercedes.com.ar\/principal\/wp-content\/uploads\/2012\/10\/Homenaje-Kirchner-2012-II.jpg\" alt=\"\" width=\"616\" height=\"347\" \/><\/a><\/p>\n<p>La agrupaci\u00f3n 17 de octubre de la ciudad, junto con la Juventud Sindical y la presencia central del intendente Carlos Selva, record\u00f3 la figura del ex presidente N\u00e9stor Kirchner al cumplirse dos a\u00f1os de su fallecimiento.<\/p>\n<p>La reuni\u00f3n fue en la plaza San Mart\u00edn y cont\u00f3 con una importante convocatoria. Los j\u00f3venes y militantes de la agrupaci\u00f3n selvista 17 de octubre, sumados a representantes de la Juventud Sindical y dirigentes del SUTPA (sindicato de peajes) y del Partido Justicialista, realizaron un sentido homenaje al ex presidente Kirchner.<\/p>\n<p>Dentro del acto que se llev\u00f3 adelante en la plaza San Mart\u00edn hubo momentos para destacar. Fueron varios los oradores entre todos pintaron un retrato de la figura de N\u00e9stor Kirchner, destacando distintos aspectos de su actividad pol\u00edtica.<\/p>\n<p>Mientras la tarde se apagaba en la plaza, el calor de la militancia selvista iba generando un clima de calidez. Un grupo de personas trabajaba en la elaboraci\u00f3n de un mural con im\u00e1genes del ex presidente, del cual fue part\u00edcipe tambi\u00e9n el intendente Carlos Selva.<\/p>\n<p><a href=\"https:\/\/www.hoymercedes.com.ar\/principal\/wp-content\/uploads\/2012\/10\/Homenaje-Kirchner-2012-I.jpg\"><img loading=\"lazy\" decoding=\"async\" data-attachment-id=\"17346\" data-permalink=\"https:\/\/www.hoymercedes.com.ar\/principal\/2012\/10\/29\/selvismo-homenajeo-a-nestor-kirchner-tras-dos-anos-de-su-muerte\/homenaje-kirchner-2012-i\/#main\" data-orig-file=\"https:\/\/www.hoymercedes.com.ar\/principal\/wp-content\/uploads\/2012\/10\/Homenaje-Kirchner-2012-I.jpg\" data-orig-size=\"616,347\" data-comments-opened=\"1\" data-image-meta=\"{&quot;aperture&quot;:&quot;2.2&quot;,&quot;credit&quot;:&quot;&quot;,&quot;camera&quot;:&quot;N9&quot;,&quot;caption&quot;:&quot;&quot;,&quot;created_timestamp&quot;:&quot;0&quot;,&quot;copyright&quot;:&quot;&quot;,&quot;focal_length&quot;:&quot;28&quot;,&quot;iso&quot;:&quot;606&quot;,&quot;shutter_speed&quot;:&quot;0.04&quot;,&quot;title&quot;:&quot;&quot;}\" data-image-title=\"Homenaje-Kirchner-2012-I\" data-image-description=\"\" data-image-caption=\"\" data-large-file=\"https:\/\/www.hoymercedes.com.ar\/principal\/wp-content\/uploads\/2012\/10\/Homenaje-Kirchner-2012-I.jpg\" class=\"aligncenter size-full wp-image-17346\" title=\"Homenaje-Kirchner-2012-I\" src=\"https:\/\/www.hoymercedes.com.ar\/principal\/wp-content\/uploads\/2012\/10\/Homenaje-Kirchner-2012-I.jpg\" alt=\"\" width=\"616\" height=\"347\" srcset=\"https:\/\/www.hoymercedes.com.ar\/principal\/wp-content\/uploads\/2012\/10\/Homenaje-Kirchner-2012-I.jpg 616w, https:\/\/www.hoymercedes.com.ar\/principal\/wp-content\/uploads\/2012\/10\/Homenaje-Kirchner-2012-I-300x168.jpg 300w\" sizes=\"auto, (max-width: 616px) 100vw, 616px\" \/><\/a><\/p>\n<p>El primer mandatario fue el orador principal del acto y destac\u00f3 varias cuestiones relacionadas con el v\u00ednculo que \u00e9l hab\u00eda estrechado con Kirchner. Pero adem\u00e1s dej\u00f3 definiciones interesantes sobre el presente y futuro pol\u00edtico: \u201cCreemos en la armon\u00eda con otras fuerzas, pero no vamos a ir de rodillas a ning\u00fan lado a pedir perd\u00f3n porque tenemos nuestra identidad bien definida desde hace muchos a\u00f1os\u201d.<\/p>\n<p>Selva tambi\u00e9n destac\u00f3 el trabajo de los militantes y augur\u00f3 un futuro de crecimiento para la ciudad y el pa\u00eds. Ya m\u00e1s tarde se emitieron un par de videos relacionados con N\u00e9stor Kirchner y su relaci\u00f3n con el intendente y finalmente se procedi\u00f3 a la presentaci\u00f3n del mural construido entre todos los part\u00edcipes al acto.<\/p>\n<p><a href=\"https:\/\/www.hoymercedes.com.ar\/principal\/wp-content\/uploads\/2012\/10\/Homenaje-Kirchner-2012-III.jpg\"><img loading=\"lazy\" decoding=\"async\" data-attachment-id=\"17347\" data-permalink=\"https:\/\/www.hoymercedes.com.ar\/principal\/2012\/10\/29\/selvismo-homenajeo-a-nestor-kirchner-tras-dos-anos-de-su-muerte\/homenaje-kirchner-2012-iii\/#main\" data-orig-file=\"https:\/\/www.hoymercedes.com.ar\/principal\/wp-content\/uploads\/2012\/10\/Homenaje-Kirchner-2012-III.jpg\" data-orig-size=\"616,821\" data-comments-opened=\"1\" data-image-meta=\"{&quot;aperture&quot;:&quot;2.4&quot;,&quot;credit&quot;:&quot;&quot;,&quot;camera&quot;:&quot;E5-00.2&quot;,&quot;caption&quot;:&quot;&quot;,&quot;created_timestamp&quot;:&quot;1351367129&quot;,&quot;copyright&quot;:&quot;&quot;,&quot;focal_length&quot;:&quot;3.35&quot;,&quot;iso&quot;:&quot;800&quot;,&quot;shutter_speed&quot;:&quot;0.066&quot;,&quot;title&quot;:&quot;&quot;}\" data-image-title=\"Homenaje-Kirchner-2012-III\" data-image-description=\"\" data-image-caption=\"\" data-large-file=\"https:\/\/www.hoymercedes.com.ar\/principal\/wp-content\/uploads\/2012\/10\/Homenaje-Kirchner-2012-III.jpg\" class=\"aligncenter size-full wp-image-17347\" title=\"Homenaje-Kirchner-2012-III\" src=\"https:\/\/www.hoymercedes.com.ar\/principal\/wp-content\/uploads\/2012\/10\/Homenaje-Kirchner-2012-III.jpg\" alt=\"\" width=\"616\" height=\"821\" srcset=\"https:\/\/www.hoymercedes.com.ar\/principal\/wp-content\/uploads\/2012\/10\/Homenaje-Kirchner-2012-III.jpg 616w, https:\/\/www.hoymercedes.com.ar\/principal\/wp-content\/uploads\/2012\/10\/Homenaje-Kirchner-2012-III-225x300.jpg 225w\" sizes=\"auto, (max-width: 616px) 100vw, 616px\" \/><\/a><\/p>\n<p>&nbsp;<\/p>\n<p>&nbsp;<\/p>\n","protected":false},"excerpt":{"rendered":"<p>La agrupaci\u00f3n 17 de octubre de la ciudad, junto con la Juventud Sindical y la presencia central del intendente Carlos &#8230; <a title=\"Selvismo homenaje\u00f3 a N\u00e9stor Kirchner tras dos a\u00f1os de su muerte\" class=\"read-more\" href=\"https:\/\/www.hoymercedes.com.ar\/principal\/2012\/10\/29\/selvismo-homenajeo-a-nestor-kirchner-tras-dos-anos-de-su-muerte\/\" aria-label=\"Leer m\u00e1s sobre Selvismo homenaje\u00f3 a N\u00e9stor Kirchner tras dos a\u00f1os de su muerte\">Leer m\u00e1s<\/a><\/p>\n","protected":false},"author":1,"featured_media":0,"comment_status":"open","ping_status":"open","sticky":false,"template":"","format":"standard","meta":{"_monsterinsights_skip_tracking":false,"_monsterinsights_sitenote_active":false,"_monsterinsights_sitenote_note":"","_monsterinsights_sitenote_category":0,"jetpack_post_was_ever_published":false,"_jetpack_newsletter_access":"","_jetpack_dont_email_post_to_subs":false,"_jetpack_newsletter_tier_id":0,"_jetpack_memberships_contains_paywalled_content":false,"_jetpack_memberships_contains_paid_content":false,"footnotes":"","jetpack_publicize_message":"","jetpack_publicize_feature_enabled":true,"jetpack_social_post_already_shared":false,"jetpack_social_options":{"image_generator_settings":{"template":"highway","default_image_id":0,"font":"","enabled":false},"version":2},"_wpas_customize_per_network":false},"categories":[5],"tags":[552,39,2897],"class_list":["post-17343","post","type-post","status-publish","format-standard","hentry","category-politica","tag-agrupacion-17-de-octubre","tag-carlos-selva","tag-homenaje-nestor-kirchner","generate-columns","tablet-grid-50","mobile-grid-100","grid-parent","grid-50"],"jetpack_publicize_connections":[],"jetpack_featured_media_url":"","wps_subtitle":"","jetpack_sharing_enabled":true,"_links":{"self":[{"href":"https:\/\/www.hoymercedes.com.ar\/principal\/wp-json\/wp\/v2\/posts\/17343","targetHints":{"allow":["GET"]}}],"collection":[{"href":"https:\/\/www.hoymercedes.com.ar\/principal\/wp-json\/wp\/v2\/posts"}],"about":[{"href":"https:\/\/www.hoymercedes.com.ar\/principal\/wp-json\/wp\/v2\/types\/post"}],"author":[{"embeddable":true,"href":"https:\/\/www.hoymercedes.com.ar\/principal\/wp-json\/wp\/v2\/users\/1"}],"replies":[{"embeddable":true,"href":"https:\/\/www.hoymercedes.com.ar\/principal\/wp-json\/wp\/v2\/comments?post=17343"}],"version-history":[{"count":0,"href":"https:\/\/www.hoymercedes.com.ar\/principal\/wp-json\/wp\/v2\/posts\/17343\/revisions"}],"wp:attachment":[{"href":"https:\/\/www.hoymercedes.com.ar\/principal\/wp-json\/wp\/v2\/media?parent=17343"}],"wp:term":[{"taxonomy":"category","embeddable":true,"href":"https:\/\/www.hoymercedes.com.ar\/principal\/wp-json\/wp\/v2\/categories?post=17343"},{"taxonomy":"post_tag","embeddable":true,"href":"https:\/\/www.hoymercedes.com.ar\/principal\/wp-json\/wp\/v2\/tags?post=17343"}],"curies":[{"name":"wp","href":"https:\/\/api.w.org\/{rel}","templated":true}]}}