{"id":173443,"date":"2024-02-29T13:22:00","date_gmt":"2024-02-29T16:22:00","guid":{"rendered":"https:\/\/www.hoymercedes.com.ar\/principal\/?p=173443"},"modified":"2024-02-29T11:24:49","modified_gmt":"2024-02-29T14:24:49","slug":"cine-mercedes-estrena-duna-2","status":"publish","type":"post","link":"https:\/\/www.hoymercedes.com.ar\/principal\/2024\/02\/29\/cine-mercedes-estrena-duna-2\/","title":{"rendered":"Cine Mercedes estrena DUNA 2"},"content":{"rendered":"\n<p>Desde el viernes 1 de marzo, hasta el martes 5, el Cine Mercedes estrena dos pel\u00edculas de acci\u00f3n y aventuras. En la funci\u00f3n de las 18:30 podr\u00e1 verse el film japon\u00e9s \u00abDemon Slayer\u00bb, mientras que en las funciones de la hora 21, podr\u00e1 verse la segunda parte de \u00abDuna\u00bb. <\/p>\n\n\n<div class=\"wp-block-image\">\n<figure class=\"aligncenter size-full\"><img loading=\"lazy\" decoding=\"async\" width=\"733\" height=\"800\" data-attachment-id=\"173444\" data-permalink=\"https:\/\/www.hoymercedes.com.ar\/principal\/2024\/02\/29\/cine-mercedes-estrena-duna-2\/gacetilla-cine-mercedes-8-4\/#main\" data-orig-file=\"https:\/\/www.hoymercedes.com.ar\/principal\/wp-content\/uploads\/2024\/02\/Gacetilla-Cine-Mercedes-8.jpg\" data-orig-size=\"733,800\" data-comments-opened=\"0\" data-image-meta=\"{&quot;aperture&quot;:&quot;0&quot;,&quot;credit&quot;:&quot;&quot;,&quot;camera&quot;:&quot;&quot;,&quot;caption&quot;:&quot;&quot;,&quot;created_timestamp&quot;:&quot;0&quot;,&quot;copyright&quot;:&quot;&quot;,&quot;focal_length&quot;:&quot;0&quot;,&quot;iso&quot;:&quot;0&quot;,&quot;shutter_speed&quot;:&quot;0&quot;,&quot;title&quot;:&quot;&quot;,&quot;orientation&quot;:&quot;1&quot;}\" data-image-title=\"Gacetilla Cine Mercedes (8)\" data-image-description=\"\" data-image-caption=\"\" data-large-file=\"https:\/\/www.hoymercedes.com.ar\/principal\/wp-content\/uploads\/2024\/02\/Gacetilla-Cine-Mercedes-8.jpg\" src=\"https:\/\/www.hoymercedes.com.ar\/principal\/wp-content\/uploads\/2024\/02\/Gacetilla-Cine-Mercedes-8.jpg\" alt=\"\" class=\"wp-image-173444\" srcset=\"https:\/\/www.hoymercedes.com.ar\/principal\/wp-content\/uploads\/2024\/02\/Gacetilla-Cine-Mercedes-8.jpg 733w, https:\/\/www.hoymercedes.com.ar\/principal\/wp-content\/uploads\/2024\/02\/Gacetilla-Cine-Mercedes-8-568x620.jpg 568w, https:\/\/www.hoymercedes.com.ar\/principal\/wp-content\/uploads\/2024\/02\/Gacetilla-Cine-Mercedes-8-137x150.jpg 137w\" sizes=\"auto, (max-width: 733px) 100vw, 733px\" \/><\/figure>\n<\/div>\n\n\n<p>Sinopsis \u00abDemon Slayer\u00bb: Tanjiro se somete a un riguroso entrenamiento con el Hashira de Piedra, Himejima, en su b\u00fasqueda por convertirse en un Hashira. Mientras tanto, Muzan sigue buscando a Nezuko y Ubuyashiki. (FILMAFFINITY)<\/p>\n\n\n\n<p>Sinopsis \u00abDuna 2\u00bb: Paul Atreides se une a la tribu de los Fremen y comienza un viaje espiritual y marcial para convertirse en mes\u00edas, mientras intenta evitar el horrible pero inevitable futuro que ha presenciado: una Guerra Santa en su nombre, que se extiende por todo el universo conocido. Secuela de &#8216;Dune&#8217; (2021). (FILMAFFINITY)<\/p>\n","protected":false},"excerpt":{"rendered":"<p>Desde el viernes 1 de marzo, hasta el martes 5, el Cine Mercedes estrena dos pel\u00edculas de acci\u00f3n y aventuras. &#8230; <a title=\"Cine Mercedes estrena DUNA 2\" class=\"read-more\" href=\"https:\/\/www.hoymercedes.com.ar\/principal\/2024\/02\/29\/cine-mercedes-estrena-duna-2\/\" aria-label=\"Leer m\u00e1s sobre Cine Mercedes estrena DUNA 2\">Leer m\u00e1s<\/a><\/p>\n","protected":false},"author":1,"featured_media":173445,"comment_status":"closed","ping_status":"open","sticky":false,"template":"","format":"standard","meta":{"_monsterinsights_skip_tracking":false,"_monsterinsights_sitenote_active":false,"_monsterinsights_sitenote_note":"","_monsterinsights_sitenote_category":0,"jetpack_post_was_ever_published":false,"_jetpack_newsletter_access":"","_jetpack_dont_email_post_to_subs":false,"_jetpack_newsletter_tier_id":0,"_jetpack_memberships_contains_paywalled_content":false,"_jetpack_memberships_contains_paid_content":false,"footnotes":"","jetpack_publicize_message":"","jetpack_publicize_feature_enabled":true,"jetpack_social_post_already_shared":true,"jetpack_social_options":{"image_generator_settings":{"template":"highway","default_image_id":0,"font":"","enabled":false},"version":2},"_wpas_customize_per_network":false},"categories":[104],"tags":[7805],"class_list":["post-173443","post","type-post","status-publish","format-standard","has-post-thumbnail","hentry","category-cultura","tag-cultura","generate-columns","tablet-grid-50","mobile-grid-100","grid-parent","grid-50"],"jetpack_publicize_connections":[],"jetpack_featured_media_url":"https:\/\/www.hoymercedes.com.ar\/principal\/wp-content\/uploads\/2024\/02\/DUNA2.jpg","wps_subtitle":"","jetpack_sharing_enabled":true,"_links":{"self":[{"href":"https:\/\/www.hoymercedes.com.ar\/principal\/wp-json\/wp\/v2\/posts\/173443","targetHints":{"allow":["GET"]}}],"collection":[{"href":"https:\/\/www.hoymercedes.com.ar\/principal\/wp-json\/wp\/v2\/posts"}],"about":[{"href":"https:\/\/www.hoymercedes.com.ar\/principal\/wp-json\/wp\/v2\/types\/post"}],"author":[{"embeddable":true,"href":"https:\/\/www.hoymercedes.com.ar\/principal\/wp-json\/wp\/v2\/users\/1"}],"replies":[{"embeddable":true,"href":"https:\/\/www.hoymercedes.com.ar\/principal\/wp-json\/wp\/v2\/comments?post=173443"}],"version-history":[{"count":0,"href":"https:\/\/www.hoymercedes.com.ar\/principal\/wp-json\/wp\/v2\/posts\/173443\/revisions"}],"wp:featuredmedia":[{"embeddable":true,"href":"https:\/\/www.hoymercedes.com.ar\/principal\/wp-json\/wp\/v2\/media\/173445"}],"wp:attachment":[{"href":"https:\/\/www.hoymercedes.com.ar\/principal\/wp-json\/wp\/v2\/media?parent=173443"}],"wp:term":[{"taxonomy":"category","embeddable":true,"href":"https:\/\/www.hoymercedes.com.ar\/principal\/wp-json\/wp\/v2\/categories?post=173443"},{"taxonomy":"post_tag","embeddable":true,"href":"https:\/\/www.hoymercedes.com.ar\/principal\/wp-json\/wp\/v2\/tags?post=173443"}],"curies":[{"name":"wp","href":"https:\/\/api.w.org\/{rel}","templated":true}]}}